{"id":31693,"date":"2021-04-23T10:54:38","date_gmt":"2021-04-23T14:54:38","guid":{"rendered":"http:\/\/blogdalucianaoliveira.com.br\/blog\/?p=31693"},"modified":"2021-04-23T10:54:41","modified_gmt":"2021-04-23T14:54:41","slug":"queridos-encolhi-o-pais","status":"publish","type":"post","link":"http:\/\/blogdalucianaoliveira.com.br\/blog\/2021\/04\/23\/queridos-encolhi-o-pais\/","title":{"rendered":"QUERIDOS, ENCOLHI O PA\u00cdS"},"content":{"rendered":"\n<figure class=\"wp-block-image\"><img data-recalc-dims=\"1\" decoding=\"async\" src=\"https:\/\/i0.wp.com\/piaui.folha.uol.com.br\/wp-content\/uploads\/2021\/04\/bolsonaro_220421_interna.jpg?w=600&#038;ssl=1\" alt=\"Bolsonaro na c\u00fapula de L\u00edderes sobre o Clima \u2013\"\/><\/figure>\n\n\n\n<h3 class=\"wp-block-heading\">Brasil piorou em PIB, renda per capita, indicadores de sa\u00fade e educa\u00e7\u00e3o<\/h3>\n\n\n\n<!--more-->\n\n\n\n<p><strong>RICARDO LESSA<\/strong>, na Revista Piau\u00ed<br><\/p>\n\n\n\n<p>Quando completar dois anos e meio de mandato, o presidente Jair Bolsonaro poder\u00e1 anunciar que cumpriu uma meta anunciada num jantar no m\u00eas de mar\u00e7o de 2019, em Washington: \u201cN\u00f3s temos \u00e9 que desconstruir muita coisa (no Brasil), antes de come\u00e7ar a construir.\u201d Os n\u00fameros mostram que ele vem conseguindo. O Brasil encolhe em PIB, renda per capita, n\u00edvel educacional, sa\u00fade infantil e expectativa de vida.<br><\/p>\n\n\n\n<p>A sexta economia do mundo medida por tamanho de PIB, posto conquistado em 2011, acima do Reino Unido, despencou para o 12\u00ba lugar, superada por Fran\u00e7a, It\u00e1lia, \u00cdndia, Canad\u00e1, Coreia do Sul e R\u00fassia. Em 2021, segundo previs\u00e3o de economistas, deve cair para 14\u00ba lugar. Em renda per capita, o Brasil caiu no ano passado para a 85\u00aa posi\u00e7\u00e3o no mundo, com 14.918 d\u00f3lares, no conceito por paridade de compra. Chegou a ficar na 76\u00aa posi\u00e7\u00e3o em 2014, com renda per capita de 15.800 d\u00f3lares.<\/p>\n\n\n\n<p>Em vez de figurar entre as dez maiores economias do mundo, o Brasil agora precisa se preocupar com a chegada dos asi\u00e1ticos e latino-americanos.<\/p>\n\n\n\n<p>Panam\u00e1, Chile, Costa Rica, Rep\u00fablica Dominicana, Uruguai e Argentina t\u00eam renda per capita maior que o Brasil. A Col\u00f4mbia, se mantiver o ritmo de crescimento recente, deve nos ultrapassar nos pr\u00f3ximos anos. Mal\u00e1sia, China, Tail\u00e2ndia e Taiwan j\u00e1 superaram o Brasil em renda per capita. Indon\u00e9sia e Vietn\u00e3 v\u00eam aumentando ano a ano a parcela do produto nacional em m\u00e3os da popula\u00e7\u00e3o. A \u00cdndia, com seu mais de bilh\u00e3o de seres humanos, cresce continuamente em termos per capita, enquanto o Brasil vem aos solavancos em torno da linha dos 15 mil d\u00f3lares h\u00e1 uma d\u00e9cada.<\/p>\n\n\n\n<p>O Vietn\u00e3, por exemplo, que viveu tr\u00eas d\u00e9cadas de guerras devastadoras, ultrapassou nosso pa\u00eds em exporta\u00e7\u00f5es. Em 2019, faturou 264 bilh\u00f5es de d\u00f3lares em mercadorias que mandou para o exterior.<\/p>\n\n\n\n<p>O gigante de 8,5 milh\u00f5es de km2, superf\u00edcie 25 vezes maior que o pa\u00eds do sudeste asi\u00e1tico e sem guerras em seu territ\u00f3rio h\u00e1 mais de um s\u00e9culo, ficou em 225 bilh\u00f5es de d\u00f3lares.<\/p>\n\n\n\n<p>A qualidade das exporta\u00e7\u00f5es brasileiras piorou. Cada vez mandamos pra fora mais produtos prim\u00e1rios e menos manufaturados. A propor\u00e7\u00e3o em 2000, que era de 75 para 23 (manufaturados e semimanufaturados contra b\u00e1sicos), foi para 43 a 57 a favor dos b\u00e1sicos. A cada ano, o pa\u00eds precisa extrair tonelagem maior de produtos agropecu\u00e1rios e de min\u00e9rios para receber menos dinheiro por isso. N\u00e3o \u00e9 de surpreender o aumento da devasta\u00e7\u00e3o.<\/p>\n\n\n\n<p>Nos \u00faltimos dois anos, a Floresta Amaz\u00f4nica diminuiu 10,6mil km2&nbsp;por ano, \u00e1rea maior do que sete cidades de S\u00e3o Paulo. E o governo prop\u00f5e reduzir o desmatamento para uma&nbsp;m\u00e9dia do per\u00edodo entre 2016 e 2020 \u2013 8.719 km2. Mas isso ainda \u00e9&nbsp;<a href=\"https:\/\/piaui.folha.uol.com.br\/passou-boiada-e-agora-chama-policia\/\">22% superior ao desmatamento m\u00e9dio nos quatro anos anteriores \u00e0 posse de Bolsonaro<\/a>&nbsp;(7.146 km2 entre 2015 e 2018).<\/p>\n\n\n\n<p>Sem contar o avan\u00e7o do agroneg\u00f3cio em outros ecossistemas.<\/p>\n\n\n\n<p>Em tonelagem, o Brasil exportou 192 milh\u00f5es de produtos b\u00e1sicos em 2000. Em 2019, 569 milh\u00f5es desses mesmos produtos. Quase triplicou o volume e recebeu 2,4 vezes o valor de antes, sem descontarmos infla\u00e7\u00e3o.<\/p>\n\n\n\n<p>Com a mecaniza\u00e7\u00e3o da agricultura e da explora\u00e7\u00e3o de min\u00e9rio, os empregos industriais encolhem. O desemprego mais a subutiliza\u00e7\u00e3o da m\u00e3o de obra, no \u00faltimo trimestre, medido pela PNAD cont\u00ednua (novembro, dezembro e janeiro), atingem assustadores 43% da popula\u00e7\u00e3o. A desocupa\u00e7\u00e3o vem aumentando desde 2015, quando foi de 8,5%. Nos anos seguintes escalou para 11,5%; 12,7%; 12,2%; 11,8%. Subiu pouco em 2020, para 13,5%.<\/p>\n\n\n\n<p>A subutiliza\u00e7\u00e3o da m\u00e3o de obra subiu de 23,2% para 29%, e o n\u00famero de brasileiros desocupados chegou a 14,3 milh\u00f5es \u2013 alta de quase 20% em rela\u00e7\u00e3o ao mesmo per\u00edodo de 2020. A massa salarial caiu 6,9% na mesma compara\u00e7\u00e3o, trimestre contra trimestre. O percentual de domic\u00edlios sem renda do trabalho ficou em 29%, praticamente um ter\u00e7o do pa\u00eds.<\/p>\n\n\n\n<p>A desigualdade no pa\u00eds medida pelo \u00edndice Gini, que j\u00e1 era uma das dez maiores do mundo, deve aumentar. Os efeitos da pandemia em todos os pa\u00edses t\u00eam sido de expandir o n\u00famero de miser\u00e1veis e concentrar ainda mais a riqueza.<\/p>\n\n\n\n<p>Em vez de encarar o problema, o governo prefere brigar com os n\u00fameros, como fez com o Instituto Nacional de Pesquisas Espaciais (Inpe) em 2019. Critica e fragiliza o IBGE, inviabiliza pesquisas e o pr\u00f3prio Censo. Com os seguidos ataques aos fatos e aos jornalistas, conduziu o pa\u00eds a descer do 107\u00ba lugar na classifica\u00e7\u00e3o de liberdade de imprensa feita pelo Rep\u00f3rteres sem Fronteiras para o 111\u00ba.<\/p>\n\n\n\n<p>A educa\u00e7\u00e3o no pa\u00eds tamb\u00e9m encolhe. Nos dois primeiros anos de Bolsonaro, os investimentos do MEC ca\u00edram 47% em rela\u00e7\u00e3o aos anos de 2015 e 2016 e atingiram seu menor n\u00edvel hist\u00f3rico, 3,3 bilh\u00f5es de reais. Com a pandemia, o tempo m\u00e9dio de escola do grupo de alunos de 6 a 15 anos em setembro do ano passado foi de 2h22m por dia, muito inferior ao m\u00ednimo estabelecido pela Lei de Diretrizes B\u00e1sicas da Educa\u00e7\u00e3o (4h), segundo dados calculados com base nos microdados da PNAD Covid por Marcelo Neri e Manuel Osorio, da FGV Social. Os grupos com menos horas de escolaridade s\u00e3o os mais pobres e que moram em lugares mais distantes. A falta de atividade dos alunos aconteceu porque eles n\u00e3o receberam material dos gestores educacionais (12% dos casos). No Par\u00e1, o n\u00e3o envio chegou a 38,9%.<\/p>\n\n\n\n<p>Com o descontrole da pandemia,&nbsp;<a href=\"https:\/\/piaui.folha.uol.com.br\/covid-rouba-dois-anos-da-expectativa-de-vida-dos-brasileiros\/\">o brasileiro perdeu tamb\u00e9m esperan\u00e7a de vida em 2020<\/a>. Dois anos, segundo a dem\u00f3grafa Marcia Castro, professora de Harvard; 2,2 anos segundo Ana Am\u00e9lia Camarano, do IPEA. O brasileiro, que viveria em m\u00e9dia 77 anos, agora tem uma esperan\u00e7a de 75, nas contas da pesquisadora de Harvard. Em alguns estados, ainda menos. Com as perdas de vidas em 2021, a expectativa de vida dos brasileiros deve encolher ainda mais.&nbsp;<\/p>\n\n\n\n<p>Em abril de 2021, o pa\u00eds passou a ter o maior coeficiente (\u00f3bitos relativos \u00e0 popula\u00e7\u00e3o) de mortalidade da Am\u00e9rica Latina por causa da Covid. Na regi\u00e3o Sul, no m\u00eas de mar\u00e7o, houve mais mortes que nascimentos; o mesmo aconteceu no Sudeste nos primeiros 20 dias de abril. Em 2021, o pa\u00eds poder\u00e1 ter um encolhimento populacional \u2013 algo jamais visto na hist\u00f3ria do Brasil.<\/p>\n\n\n\n<p>A proje\u00e7\u00e3o do IBGE era de que o n\u00famero de \u00f3bitos s\u00f3 superaria o de nascimentos em 2047. Mas as mortes por Covid, somadas ao adiamento da decis\u00e3o de casais de terem filhos por causa do caos hospitalar, \u00e0 queda do n\u00famero de casamentos, ao aumento das separa\u00e7\u00f5es, podem gerar queda populacional, segundo Jos\u00e9 Eust\u00e1quio Alves, doutor em demografia e professor titular da Escola Nacional de Estat\u00edstica do IBGE at\u00e9 2019.<\/p>\n\n\n\n<p>N\u00e3o s\u00f3 a pandemia vem afetando a sa\u00fade dos brasileiros. Os cuidados b\u00e1sicos com as crian\u00e7as d\u00e3o sinais preocupantes. O pa\u00eds teve a pior cobertura de vacina\u00e7\u00e3o desde 2013. O&nbsp;<a href=\"https:\/\/saude.estadao.com.br\/noticias\/geral,pais-tem-piores-indices-de-cobertura-da-serie-historica-nas-principais-vacinas,70003426615\">percentual de beb\u00eas que recebeu a BCG foi de 85,1%, e de 82,6% o que foi vacinado contra a poliomielite<\/a>, projetando uma juventude menos saud\u00e1vel mais adiante.<\/p>\n\n\n\n<p>As mortes violentas voltaram a aumentar entre os jovens entre 2019 e 2020, de 41.730 para 43.892. O pa\u00eds est\u00e1 entre os mais violentos do mundo, com taxa de homic\u00eddios cinco vezes superior \u00e0 m\u00e9dia mundial e dez vezes a m\u00e9dia europeia.<\/p>\n\n\n\n<p>Todos esses fatores somados devem rebaixar o Brasil no \u00cdndice de Desenvolvimento Humano, que leva em conta justamente fatores como renda, expectativa de vida e educa\u00e7\u00e3o. O pa\u00eds j\u00e1 tinha perdido posi\u00e7\u00f5es entre 2015 e 2019. No relat\u00f3rio divulgado em 2020, que se baseia em n\u00fameros referentes a 2019, a China, com 6,5 vezes a popula\u00e7\u00e3o brasileira, aparece praticamente empatada com nosso pa\u00eds, na 84\/85\u00aa coloca\u00e7\u00e3o. Mas acelerando.<\/p>\n\n\n\n<p>Os n\u00fameros de 2020 estar\u00e3o no relat\u00f3rio de 2021. V\u00e3o mostrar que a economia do Brasil encolheu 4,1%. J\u00e1 a chinesa cresceu 2,3%. Expectativa de vida e educa\u00e7\u00e3o certamente aumentar\u00e3o, j\u00e1 que a China controlou a pandemia e o Brasil n\u00e3o. Os chineses v\u00e3o crescer no IDH, e nosso pa\u00eds vai encolher mais neste \u00edndice.<\/p>\n\n\n\n<p>Brasileiros residentes em Portugal chegam hoje ao n\u00famero recorde de 151 mil. \u00c9 como se o pa\u00eds voltasse ao tempo dos primeiros povoamentos, quando at\u00e9 os papagaios sabiam que os fidalgos s\u00f3 pensavam em retornar \u00e0 terrinha.&nbsp; \u201cPapagaio real para Portugal\u201d, repetiam as aves, como registra o primeiro historiador do pa\u00eds, Frei Vicente do Salvador.<\/p>\n","protected":false},"excerpt":{"rendered":"<p>Brasil piorou em PIB, renda per capita, indicadores de sa\u00fade e educa\u00e7\u00e3o<\/p>\n","protected":false},"author":1,"featured_media":0,"comment_status":"closed","ping_status":"open","sticky":false,"template":"","format":"standard","meta":{"_exactmetrics_skip_tracking":false,"_exactmetrics_sitenote_active":false,"_exactmetrics_sitenote_note":"","_exactmetrics_sitenote_category":0,"jetpack_post_was_ever_published":false,"_jetpack_newsletter_access":"","_jetpack_dont_email_post_to_subs":false,"_jetpack_newsletter_tier_id":0,"_jetpack_memberships_contains_paywalled_content":false,"_jetpack_memberships_contains_paid_content":false,"footnotes":"","jetpack_publicize_message":"","jetpack_publicize_feature_enabled":true,"jetpack_social_post_already_shared":true,"jetpack_social_options":{"image_generator_settings":{"template":"highway","enabled":false},"version":2}},"categories":[1],"tags":[53,506,505,504,433],"class_list":["post-31693","post","type-post","status-publish","format-standard","hentry","category-notas","tag-bolsonaro","tag-desigualdade","tag-exportacoes","tag-pib","tag-queda"],"jetpack_publicize_connections":[],"jetpack_sharing_enabled":true,"jetpack_featured_media_url":"","jetpack_shortlink":"https:\/\/wp.me\/p7wKYW-8fb","jetpack-related-posts":[],"_links":{"self":[{"href":"http:\/\/blogdalucianaoliveira.com.br\/blog\/wp-json\/wp\/v2\/posts\/31693","targetHints":{"allow":["GET"]}}],"collection":[{"href":"http:\/\/blogdalucianaoliveira.com.br\/blog\/wp-json\/wp\/v2\/posts"}],"about":[{"href":"http:\/\/blogdalucianaoliveira.com.br\/blog\/wp-json\/wp\/v2\/types\/post"}],"author":[{"embeddable":true,"href":"http:\/\/blogdalucianaoliveira.com.br\/blog\/wp-json\/wp\/v2\/users\/1"}],"replies":[{"embeddable":true,"href":"http:\/\/blogdalucianaoliveira.com.br\/blog\/wp-json\/wp\/v2\/comments?post=31693"}],"version-history":[{"count":1,"href":"http:\/\/blogdalucianaoliveira.com.br\/blog\/wp-json\/wp\/v2\/posts\/31693\/revisions"}],"predecessor-version":[{"id":31694,"href":"http:\/\/blogdalucianaoliveira.com.br\/blog\/wp-json\/wp\/v2\/posts\/31693\/revisions\/31694"}],"wp:attachment":[{"href":"http:\/\/blogdalucianaoliveira.com.br\/blog\/wp-json\/wp\/v2\/media?parent=31693"}],"wp:term":[{"taxonomy":"category","embeddable":true,"href":"http:\/\/blogdalucianaoliveira.com.br\/blog\/wp-json\/wp\/v2\/categories?post=31693"},{"taxonomy":"post_tag","embeddable":true,"href":"http:\/\/blogdalucianaoliveira.com.br\/blog\/wp-json\/wp\/v2\/tags?post=31693"}],"curies":[{"name":"wp","href":"https:\/\/api.w.org\/{rel}","templated":true}]}}