{"id":31695,"date":"2021-04-23T11:10:23","date_gmt":"2021-04-23T15:10:23","guid":{"rendered":"http:\/\/blogdalucianaoliveira.com.br\/blog\/?p=31695"},"modified":"2021-04-23T11:10:29","modified_gmt":"2021-04-23T15:10:29","slug":"forca-tarefa-de-combate-a-queimadas-do-mpro-pede-providencias-para-declaracao-de-inconstitucionalidade-de-plc-que-reduz-unidades-de-conservacao","status":"publish","type":"post","link":"http:\/\/blogdalucianaoliveira.com.br\/blog\/2021\/04\/23\/forca-tarefa-de-combate-a-queimadas-do-mpro-pede-providencias-para-declaracao-de-inconstitucionalidade-de-plc-que-reduz-unidades-de-conservacao\/","title":{"rendered":"For\u00e7a-tarefa de Combate a Queimadas do MPRO pede provid\u00eancias para declara\u00e7\u00e3o de inconstitucionalidade de PLC que reduz unidades de conserva\u00e7\u00e3o"},"content":{"rendered":"\n<figure class=\"wp-block-image size-large\"><img data-recalc-dims=\"1\" loading=\"lazy\" decoding=\"async\" width=\"600\" height=\"415\" data-attachment-id=\"31679\" data-permalink=\"http:\/\/blogdalucianaoliveira.com.br\/blog\/2021\/04\/22\/nota-de-repudio-deputados-de-rondonia-tentam-passar-boiada-de-200-mil-hectares-a-invasores-de-florestas-publicas\/4288b036-1cdd-4500-91b0-45320e683e1f\/\" data-orig-file=\"https:\/\/i0.wp.com\/blogdalucianaoliveira.com.br\/blog\/wp-content\/uploads\/2021\/04\/4288B036-1CDD-4500-91B0-45320E683E1F.jpeg?fit=754%2C521\" data-orig-size=\"754,521\" data-comments-opened=\"0\" data-image-meta=\"{&quot;aperture&quot;:&quot;0&quot;,&quot;credit&quot;:&quot;&quot;,&quot;camera&quot;:&quot;&quot;,&quot;caption&quot;:&quot;&quot;,&quot;created_timestamp&quot;:&quot;0&quot;,&quot;copyright&quot;:&quot;&quot;,&quot;focal_length&quot;:&quot;0&quot;,&quot;iso&quot;:&quot;0&quot;,&quot;shutter_speed&quot;:&quot;0&quot;,&quot;title&quot;:&quot;&quot;,&quot;orientation&quot;:&quot;0&quot;}\" data-image-title=\"4288B036-1CDD-4500-91B0-45320E683E1F\" data-image-description=\"\" data-image-caption=\"\" data-medium-file=\"https:\/\/i0.wp.com\/blogdalucianaoliveira.com.br\/blog\/wp-content\/uploads\/2021\/04\/4288B036-1CDD-4500-91B0-45320E683E1F.jpeg?fit=300%2C207\" data-large-file=\"https:\/\/i0.wp.com\/blogdalucianaoliveira.com.br\/blog\/wp-content\/uploads\/2021\/04\/4288B036-1CDD-4500-91B0-45320E683E1F.jpeg?fit=600%2C415\" src=\"https:\/\/i0.wp.com\/blogdalucianaoliveira.com.br\/blog\/wp-content\/uploads\/2021\/04\/4288B036-1CDD-4500-91B0-45320E683E1F.jpeg?resize=600%2C415\" alt=\"\" class=\"wp-image-31679\" srcset=\"https:\/\/i0.wp.com\/blogdalucianaoliveira.com.br\/blog\/wp-content\/uploads\/2021\/04\/4288B036-1CDD-4500-91B0-45320E683E1F.jpeg?w=754 754w, https:\/\/i0.wp.com\/blogdalucianaoliveira.com.br\/blog\/wp-content\/uploads\/2021\/04\/4288B036-1CDD-4500-91B0-45320E683E1F.jpeg?resize=300%2C207 300w, https:\/\/i0.wp.com\/blogdalucianaoliveira.com.br\/blog\/wp-content\/uploads\/2021\/04\/4288B036-1CDD-4500-91B0-45320E683E1F.jpeg?resize=434%2C300 434w\" sizes=\"auto, (max-width: 600px) 100vw, 600px\" \/><\/figure>\n\n\n\n<p>A For\u00e7a-Tarefa de Combate a Queimadas e Inc\u00eandios Florestais do Minist\u00e9rio P\u00fablico do Estado de Rond\u00f4nia (MPRO) encaminhou \u00e0 Procuradoria-Geral de Justi\u00e7a uma Representa\u00e7\u00e3o para an\u00e1lise de A\u00e7\u00e3o Direta de Inconstitucionalidade contra o Projeto de Lei Complementar n\u00ba 080\/2020, aprovado pela Assembleia Legislativa, na ter\u00e7a-feira, 20 de abril, que tem como objeto alterar os limites da Reserva Extrativistas Jaci-Paran\u00e1 e do Parque Estadual Guajar\u00e1-Mirim.Com aprova\u00e7\u00e3o do PLC n\u00ba 080\/2020 , ser\u00e3o reduzidos aproximadamente 200 mil hectares de terras que foram invadidas por particulares. <\/p>\n\n\n\n<!--more-->\n\n\n\n<p>De acordo com Sistema Nacional de Unidades de Conserva\u00e7\u00e3o (SNUC) e o Sistema Estadual de Conserva\u00e7\u00e3o (SEUC-RO), as unidades de conserva\u00e7\u00e3o s\u00e3o as de prote\u00e7\u00e3o definidas como \u201cespa\u00e7os territoriais e seus recursos ambientais, incluido as \u00e1guas jurisdicionais, como caracter\u00edsticas naturais relevantes, legalmente institu\u00eddas pelo Poder P\u00fablico, com o objetivo de conserva\u00e7\u00e3o e limites definidos, sob o regime especial de administra\u00e7\u00e3o, o qual se aplicam garantias adequadas de prote\u00e7\u00e3o\u201d.<\/p>\n\n\n\n<p><br>\u00a0Os integrantes da For\u00e7a Tarefa lembram que a Constitui\u00e7\u00e3o Federal , na prote\u00e7\u00e3o ao meio ambiente, possui dispositivos que constituem pontos essenciais que n\u00e3o podem ser ignorados e infringidos pelo legislador infraconstitucional. Dentre os mandamentos constitucionais que n\u00e3o podem ser reduzidos encontram-se a prote\u00e7\u00e3o \u00e0 fauna e \u00e0 flora, bem como os espa\u00e7os territoriais especialmente protegidos, impossibilitando qualquer utiliza\u00e7\u00e3o que comprometa a integridade dos atributos que justifiquem sua prote\u00e7\u00e3o (artigo 225, \u00a71\u00ba, incisos III e VII, da CF).Vale dizer, ao legislador infraconstitucional n\u00e3o \u00e9 poss\u00edvel estabelecer normas que reduzam a prote\u00e7\u00e3o ambiental fornecida por normas anteriores, sob pena de infringir o texto da Constitui\u00e7\u00e3o da Rep\u00fablica.<\/p>\n\n\n\n<p>Esse dogma \u00e9 chamado pela doutrina e jurisprud\u00eancia de PRINC\u00cdPIO DA PROIBI\u00c7\u00c3O DO RETROCESSO e \u00e9 plenamente reconhecido pelos Tribunais Superiores, de modo a garantir &#8220;que os avan\u00e7os urban\u00edstico-ambientais conquistados no passado n\u00e3o ser\u00e3o dilu\u00eddos, destru\u00eddos ou negados pela gera\u00e7\u00e3o atual ou pelas seguintes (Resp 302.906\/SP. Rel. Min. Herman Benjamin).Departamento de Comunica\u00e7\u00e3o Integrada (DCI\/MPRO)<br><\/p>\n","protected":false},"excerpt":{"rendered":"<p>A For\u00e7a-Tarefa de Combate a Queimadas e Inc\u00eandios Florestais do Minist\u00e9rio P\u00fablico do Estado de Rond\u00f4nia (MPRO) encaminhou \u00e0 Procuradoria-Geral de Justi\u00e7a uma Representa\u00e7\u00e3o para an\u00e1lise de A\u00e7\u00e3o Direta de Inconstitucionalidade contra o Projeto de Lei Complementar n\u00ba 080\/2020, aprovado pela Assembleia Legislativa, na ter\u00e7a-feira, 20 de abril, que tem como objeto alterar os limites&#8230;<a class=\"more-link\" href=\"http:\/\/blogdalucianaoliveira.com.br\/blog\/2021\/04\/23\/forca-tarefa-de-combate-a-queimadas-do-mpro-pede-providencias-para-declaracao-de-inconstitucionalidade-de-plc-que-reduz-unidades-de-conservacao\/\">Continue a leitura <span class=\"meta-nav\">&raquo;<\/span><\/a><\/p>\n","protected":false},"author":1,"featured_media":0,"comment_status":"closed","ping_status":"open","sticky":false,"template":"","format":"standard","meta":{"_exactmetrics_skip_tracking":false,"_exactmetrics_sitenote_active":false,"_exactmetrics_sitenote_note":"","_exactmetrics_sitenote_category":0,"jetpack_post_was_ever_published":false,"_jetpack_newsletter_access":"","_jetpack_dont_email_post_to_subs":false,"_jetpack_newsletter_tier_id":0,"_jetpack_memberships_contains_paywalled_content":false,"_jetpack_memberships_contains_paid_content":false,"footnotes":"","jetpack_publicize_message":"","jetpack_publicize_feature_enabled":true,"jetpack_social_post_already_shared":true,"jetpack_social_options":{"image_generator_settings":{"template":"highway","enabled":false},"version":2}},"categories":[1],"tags":[507,494,7,498],"class_list":["post-31695","post","type-post","status-publish","format-standard","hentry","category-notas","tag-inconstitucionalidade","tag-pl-080","tag-rondonia","tag-unidades-de-conservacao"],"jetpack_publicize_connections":[],"jetpack_sharing_enabled":true,"jetpack_featured_media_url":"","jetpack_shortlink":"https:\/\/wp.me\/p7wKYW-8fd","jetpack-related-posts":[],"_links":{"self":[{"href":"http:\/\/blogdalucianaoliveira.com.br\/blog\/wp-json\/wp\/v2\/posts\/31695","targetHints":{"allow":["GET"]}}],"collection":[{"href":"http:\/\/blogdalucianaoliveira.com.br\/blog\/wp-json\/wp\/v2\/posts"}],"about":[{"href":"http:\/\/blogdalucianaoliveira.com.br\/blog\/wp-json\/wp\/v2\/types\/post"}],"author":[{"embeddable":true,"href":"http:\/\/blogdalucianaoliveira.com.br\/blog\/wp-json\/wp\/v2\/users\/1"}],"replies":[{"embeddable":true,"href":"http:\/\/blogdalucianaoliveira.com.br\/blog\/wp-json\/wp\/v2\/comments?post=31695"}],"version-history":[{"count":1,"href":"http:\/\/blogdalucianaoliveira.com.br\/blog\/wp-json\/wp\/v2\/posts\/31695\/revisions"}],"predecessor-version":[{"id":31696,"href":"http:\/\/blogdalucianaoliveira.com.br\/blog\/wp-json\/wp\/v2\/posts\/31695\/revisions\/31696"}],"wp:attachment":[{"href":"http:\/\/blogdalucianaoliveira.com.br\/blog\/wp-json\/wp\/v2\/media?parent=31695"}],"wp:term":[{"taxonomy":"category","embeddable":true,"href":"http:\/\/blogdalucianaoliveira.com.br\/blog\/wp-json\/wp\/v2\/categories?post=31695"},{"taxonomy":"post_tag","embeddable":true,"href":"http:\/\/blogdalucianaoliveira.com.br\/blog\/wp-json\/wp\/v2\/tags?post=31695"}],"curies":[{"name":"wp","href":"https:\/\/api.w.org\/{rel}","templated":true}]}}