{"id":31697,"date":"2021-04-23T18:32:16","date_gmt":"2021-04-23T22:32:16","guid":{"rendered":"http:\/\/blogdalucianaoliveira.com.br\/blog\/?p=31697"},"modified":"2021-04-23T18:32:22","modified_gmt":"2021-04-23T22:32:22","slug":"governo-bolsonaro-adia-censo-pelo-segundo-ano-e-brasil-fica-sem-estatisticas-e-com-prejuizo-para-politicas-sociais","status":"publish","type":"post","link":"http:\/\/blogdalucianaoliveira.com.br\/blog\/2021\/04\/23\/governo-bolsonaro-adia-censo-pelo-segundo-ano-e-brasil-fica-sem-estatisticas-e-com-prejuizo-para-politicas-sociais\/","title":{"rendered":"Governo Bolsonaro adia Censo pelo segundo ano e Brasil fica sem estat\u00edsticas e com preju\u00edzo para pol\u00edticas sociais"},"content":{"rendered":"\n<figure class=\"wp-block-image size-large\"><img data-recalc-dims=\"1\" loading=\"lazy\" decoding=\"async\" width=\"600\" height=\"300\" data-attachment-id=\"31698\" data-permalink=\"http:\/\/blogdalucianaoliveira.com.br\/blog\/2021\/04\/23\/governo-bolsonaro-adia-censo-pelo-segundo-ano-e-brasil-fica-sem-estatisticas-e-com-prejuizo-para-politicas-sociais\/f2ebb4a5-1831-45ef-a075-b438ec7f04ae\/\" data-orig-file=\"https:\/\/i0.wp.com\/blogdalucianaoliveira.com.br\/blog\/wp-content\/uploads\/2021\/04\/F2EBB4A5-1831-45EF-A075-B438EC7F04AE.jpeg?fit=783%2C391\" data-orig-size=\"783,391\" data-comments-opened=\"0\" data-image-meta=\"{&quot;aperture&quot;:&quot;0&quot;,&quot;credit&quot;:&quot;&quot;,&quot;camera&quot;:&quot;&quot;,&quot;caption&quot;:&quot;&quot;,&quot;created_timestamp&quot;:&quot;0&quot;,&quot;copyright&quot;:&quot;&quot;,&quot;focal_length&quot;:&quot;0&quot;,&quot;iso&quot;:&quot;0&quot;,&quot;shutter_speed&quot;:&quot;0&quot;,&quot;title&quot;:&quot;&quot;,&quot;orientation&quot;:&quot;0&quot;}\" data-image-title=\"F2EBB4A5-1831-45EF-A075-B438EC7F04AE\" data-image-description=\"\" data-image-caption=\"\" data-medium-file=\"https:\/\/i0.wp.com\/blogdalucianaoliveira.com.br\/blog\/wp-content\/uploads\/2021\/04\/F2EBB4A5-1831-45EF-A075-B438EC7F04AE.jpeg?fit=300%2C150\" data-large-file=\"https:\/\/i0.wp.com\/blogdalucianaoliveira.com.br\/blog\/wp-content\/uploads\/2021\/04\/F2EBB4A5-1831-45EF-A075-B438EC7F04AE.jpeg?fit=600%2C300\" src=\"https:\/\/i0.wp.com\/blogdalucianaoliveira.com.br\/blog\/wp-content\/uploads\/2021\/04\/F2EBB4A5-1831-45EF-A075-B438EC7F04AE.jpeg?resize=600%2C300\" alt=\"\" class=\"wp-image-31698\" srcset=\"https:\/\/i0.wp.com\/blogdalucianaoliveira.com.br\/blog\/wp-content\/uploads\/2021\/04\/F2EBB4A5-1831-45EF-A075-B438EC7F04AE.jpeg?w=783 783w, https:\/\/i0.wp.com\/blogdalucianaoliveira.com.br\/blog\/wp-content\/uploads\/2021\/04\/F2EBB4A5-1831-45EF-A075-B438EC7F04AE.jpeg?resize=300%2C150 300w, https:\/\/i0.wp.com\/blogdalucianaoliveira.com.br\/blog\/wp-content\/uploads\/2021\/04\/F2EBB4A5-1831-45EF-A075-B438EC7F04AE.jpeg?resize=768%2C384 768w, https:\/\/i0.wp.com\/blogdalucianaoliveira.com.br\/blog\/wp-content\/uploads\/2021\/04\/F2EBB4A5-1831-45EF-A075-B438EC7F04AE.jpeg?resize=601%2C300 601w\" sizes=\"auto, (max-width: 600px) 100vw, 600px\" \/><\/figure>\n\n\n\n<p><\/p>\n\n\n\n<p><strong>247 &#8211;&nbsp;<\/strong>O secret\u00e1rio especial de Fazenda do Minist\u00e9rio da Economia, Waldery Rodrigues, afirmou que o Instituto Brasileiro de Geografia e Estat\u00edstica (IGE) n\u00e3o ir\u00e1 realizar o Censo 2021 em fun\u00e7\u00e3o da falta de previs\u00e3o de recursos no Or\u00e7amento da Uni\u00e3o sancionado por Jair Bolsonaro. Com isso, o Brasil perder\u00e1 dados e estat\u00edsticas utilizados na elabora\u00e7\u00e3o de pol\u00edticas p\u00fablicas e na distribui\u00e7\u00e3o de recursos para estados e munic\u00edpios.&nbsp;<\/p>\n\n\n\n<!--more-->\n\n\n\n<p>&#8220;N\u00e3o h\u00e1 previs\u00e3o or\u00e7ament\u00e1ria para o Censo em 2021. Portanto, n\u00e3o se realizar\u00e1 em 2021. As consequ\u00eancias e gest\u00e3o para um novo Censo ser\u00e3o comunicadas ao longo desse ano, em particular, a partir decis\u00f5es tomadas pela junta or\u00e7ament\u00e1ria&#8221;, disse Rodrigues de acordo com reportagem do\u00a0<a href=\"https:\/\/economia.uol.com.br\/noticias\/redacao\/2021\/04\/23\/sem-previsao-orcamentaria-censo-nao-sera-realizado-em-2021-afirma-governo.htm\">UOL<\/a>. Este \u00e9 o segundo adiamento do Censo, que deveria ter sido realizado no ano passado.\u00a0<br><\/p>\n\n\n\n<p>Na previs\u00e3o do Or\u00e7amento Geral da Uni\u00e3o para este exerc\u00edcio, que dever\u00e1 ser at\u00e9 esta quinta-feira (22), foram suprimidos R$ 1,76 bilh\u00e3o dos R$ 2 bilh\u00f5es destinados \u00e0 realiza\u00e7\u00e3o do Censo. Em entrevista ao jornal&nbsp;<a href=\"https:\/\/www1.folha.uol.com.br\/mercado\/2021\/04\/adiamento-do-censo-do-ibge-prejudica-politicas-sociais-e-repasse-aos-municipios.shtml\">Folha de S. Paulo<\/a>, o ex-presidente do IBGE Simon Schwartzman afirmou que \u201cn\u00e3o fazer o Censo \u00e9 se tornar um pa\u00eds que n\u00e3o est\u00e1 interessado em boas pol\u00edticas p\u00fablicas&#8221;.&nbsp;<\/p>\n\n\n\n<p><\/p>\n","protected":false},"excerpt":{"rendered":"<p>247 &#8211;&nbsp;O secret\u00e1rio especial de Fazenda do Minist\u00e9rio da Economia, Waldery Rodrigues, afirmou que o Instituto Brasileiro de Geografia e Estat\u00edstica (IGE) n\u00e3o ir\u00e1 realizar o Censo 2021 em fun\u00e7\u00e3o da falta de previs\u00e3o de recursos no Or\u00e7amento da Uni\u00e3o sancionado por Jair Bolsonaro. Com isso, o Brasil perder\u00e1 dados e estat\u00edsticas utilizados na elabora\u00e7\u00e3o&#8230;<a class=\"more-link\" href=\"http:\/\/blogdalucianaoliveira.com.br\/blog\/2021\/04\/23\/governo-bolsonaro-adia-censo-pelo-segundo-ano-e-brasil-fica-sem-estatisticas-e-com-prejuizo-para-politicas-sociais\/\">Continue a leitura <span class=\"meta-nav\">&raquo;<\/span><\/a><\/p>\n","protected":false},"author":1,"featured_media":0,"comment_status":"closed","ping_status":"open","sticky":false,"template":"","format":"standard","meta":{"_exactmetrics_skip_tracking":false,"_exactmetrics_sitenote_active":false,"_exactmetrics_sitenote_note":"","_exactmetrics_sitenote_category":0,"jetpack_post_was_ever_published":false,"_jetpack_newsletter_access":"","_jetpack_dont_email_post_to_subs":false,"_jetpack_newsletter_tier_id":0,"_jetpack_memberships_contains_paywalled_content":false,"_jetpack_memberships_contains_paid_content":false,"footnotes":"","jetpack_publicize_message":"","jetpack_publicize_feature_enabled":true,"jetpack_social_post_already_shared":true,"jetpack_social_options":{"image_generator_settings":{"template":"highway","enabled":false},"version":2}},"categories":[1],"tags":[],"class_list":["post-31697","post","type-post","status-publish","format-standard","hentry","category-notas"],"jetpack_publicize_connections":[],"jetpack_sharing_enabled":true,"jetpack_featured_media_url":"","jetpack_shortlink":"https:\/\/wp.me\/p7wKYW-8ff","jetpack-related-posts":[],"_links":{"self":[{"href":"http:\/\/blogdalucianaoliveira.com.br\/blog\/wp-json\/wp\/v2\/posts\/31697","targetHints":{"allow":["GET"]}}],"collection":[{"href":"http:\/\/blogdalucianaoliveira.com.br\/blog\/wp-json\/wp\/v2\/posts"}],"about":[{"href":"http:\/\/blogdalucianaoliveira.com.br\/blog\/wp-json\/wp\/v2\/types\/post"}],"author":[{"embeddable":true,"href":"http:\/\/blogdalucianaoliveira.com.br\/blog\/wp-json\/wp\/v2\/users\/1"}],"replies":[{"embeddable":true,"href":"http:\/\/blogdalucianaoliveira.com.br\/blog\/wp-json\/wp\/v2\/comments?post=31697"}],"version-history":[{"count":1,"href":"http:\/\/blogdalucianaoliveira.com.br\/blog\/wp-json\/wp\/v2\/posts\/31697\/revisions"}],"predecessor-version":[{"id":31699,"href":"http:\/\/blogdalucianaoliveira.com.br\/blog\/wp-json\/wp\/v2\/posts\/31697\/revisions\/31699"}],"wp:attachment":[{"href":"http:\/\/blogdalucianaoliveira.com.br\/blog\/wp-json\/wp\/v2\/media?parent=31697"}],"wp:term":[{"taxonomy":"category","embeddable":true,"href":"http:\/\/blogdalucianaoliveira.com.br\/blog\/wp-json\/wp\/v2\/categories?post=31697"},{"taxonomy":"post_tag","embeddable":true,"href":"http:\/\/blogdalucianaoliveira.com.br\/blog\/wp-json\/wp\/v2\/tags?post=31697"}],"curies":[{"name":"wp","href":"https:\/\/api.w.org\/{rel}","templated":true}]}}