{"id":31700,"date":"2021-04-23T18:37:15","date_gmt":"2021-04-23T22:37:15","guid":{"rendered":"http:\/\/blogdalucianaoliveira.com.br\/blog\/?p=31700"},"modified":"2021-04-23T18:37:18","modified_gmt":"2021-04-23T22:37:18","slug":"meio-ambiente-tem-r-240-milhoes-do-orcamento-vetados-um-dia-apos-promessa-de-bolsonaro-em-cupula","status":"publish","type":"post","link":"http:\/\/blogdalucianaoliveira.com.br\/blog\/2021\/04\/23\/meio-ambiente-tem-r-240-milhoes-do-orcamento-vetados-um-dia-apos-promessa-de-bolsonaro-em-cupula\/","title":{"rendered":"Meio Ambiente tem R$ 240 milh\u00f5es do Or\u00e7amento vetados um dia ap\u00f3s promessa de Bolsonaro em c\u00fapula"},"content":{"rendered":"\n<figure class=\"wp-block-image size-large\"><img data-recalc-dims=\"1\" loading=\"lazy\" decoding=\"async\" width=\"600\" height=\"399\" data-attachment-id=\"31701\" data-permalink=\"http:\/\/blogdalucianaoliveira.com.br\/blog\/2021\/04\/23\/meio-ambiente-tem-r-240-milhoes-do-orcamento-vetados-um-dia-apos-promessa-de-bolsonaro-em-cupula\/2e5daba0-ce16-47c1-9c6a-f9f2d7690a5b\/\" data-orig-file=\"https:\/\/i0.wp.com\/blogdalucianaoliveira.com.br\/blog\/wp-content\/uploads\/2021\/04\/2E5DABA0-CE16-47C1-9C6A-F9F2D7690A5B.jpeg?fit=679%2C452\" data-orig-size=\"679,452\" data-comments-opened=\"0\" data-image-meta=\"{&quot;aperture&quot;:&quot;0&quot;,&quot;credit&quot;:&quot;&quot;,&quot;camera&quot;:&quot;&quot;,&quot;caption&quot;:&quot;&quot;,&quot;created_timestamp&quot;:&quot;0&quot;,&quot;copyright&quot;:&quot;&quot;,&quot;focal_length&quot;:&quot;0&quot;,&quot;iso&quot;:&quot;0&quot;,&quot;shutter_speed&quot;:&quot;0&quot;,&quot;title&quot;:&quot;&quot;,&quot;orientation&quot;:&quot;0&quot;}\" data-image-title=\"2E5DABA0-CE16-47C1-9C6A-F9F2D7690A5B\" data-image-description=\"\" data-image-caption=\"\" data-medium-file=\"https:\/\/i0.wp.com\/blogdalucianaoliveira.com.br\/blog\/wp-content\/uploads\/2021\/04\/2E5DABA0-CE16-47C1-9C6A-F9F2D7690A5B.jpeg?fit=300%2C200\" data-large-file=\"https:\/\/i0.wp.com\/blogdalucianaoliveira.com.br\/blog\/wp-content\/uploads\/2021\/04\/2E5DABA0-CE16-47C1-9C6A-F9F2D7690A5B.jpeg?fit=600%2C399\" src=\"https:\/\/i0.wp.com\/blogdalucianaoliveira.com.br\/blog\/wp-content\/uploads\/2021\/04\/2E5DABA0-CE16-47C1-9C6A-F9F2D7690A5B.jpeg?resize=600%2C399\" alt=\"\" class=\"wp-image-31701\" srcset=\"https:\/\/i0.wp.com\/blogdalucianaoliveira.com.br\/blog\/wp-content\/uploads\/2021\/04\/2E5DABA0-CE16-47C1-9C6A-F9F2D7690A5B.jpeg?w=679 679w, https:\/\/i0.wp.com\/blogdalucianaoliveira.com.br\/blog\/wp-content\/uploads\/2021\/04\/2E5DABA0-CE16-47C1-9C6A-F9F2D7690A5B.jpeg?resize=300%2C200 300w, https:\/\/i0.wp.com\/blogdalucianaoliveira.com.br\/blog\/wp-content\/uploads\/2021\/04\/2E5DABA0-CE16-47C1-9C6A-F9F2D7690A5B.jpeg?resize=451%2C300 451w\" sizes=\"auto, (max-width: 600px) 100vw, 600px\" \/><\/figure>\n\n\n\n<h4 class=\"wp-block-heading\">Minist\u00e9rio da Economia informou que o governo n\u00e3o bloqueou recursos n\u00e3o obrigat\u00f3rios, e que vetos tratam de emendas parlamentares. Do valor cortado, R$ 11,6 milh\u00f5es iam para &#8220;controle e fiscaliza\u00e7\u00e3o ambiental&#8221;.<\/h4>\n\n\n\n<!--more-->\n\n\n\n<p>Por Alexandro Martello e Lais Modelli, G1<\/p>\n\n\n\n<p>O&nbsp;<a href=\"https:\/\/g1.globo.com\/tudo-sobre\/ministerio-do-meio-ambiente\/\">Minist\u00e9rio do Meio Ambiente<\/a>&nbsp;teve R$ 239,8 milh\u00f5es vetados no Or\u00e7amento de 2021, de acordo nota informativa das consultorias de or\u00e7amentos da C\u00e2mara dos Deputados e do Senado Federal. O montante cortado equivale a 35% das programa\u00e7\u00f5es or\u00e7ament\u00e1rias classificadas como discricion\u00e1rias, emendas de comiss\u00e3o e de relator.&nbsp;<\/p>\n\n\n\n<p>Do valor vetado, h\u00e1 R$ 11,6 milh\u00f5es que estavam especificamente destinados a a\u00e7\u00f5es de &#8220;controle e fiscaliza\u00e7\u00e3o ambiental&#8221;.<\/p>\n\n\n\n<p>Na quinta-feira (22), ao discursar por v\u00eddeo na&nbsp;<a href=\"https:\/\/g1.globo.com\/mundo\/noticia\/2021\/04\/22\/cupula-de-lideres-sobre-o-clima-entenda-o-que-esta-em-jogo-no-encontro-organizado-pelos-eua.ghtml\">C\u00fapula de L\u00edderes sobre o Clima<\/a>, evento organizada pelo presidente dos&nbsp;<a href=\"https:\/\/g1.globo.com\/tudo-sobre\/estados-unidos\/\">Estados Unidos<\/a>, Joe Biden, o presidente Jair Bolsonaro prometeu &#8220;fortalecer&#8221; os \u00f3rg\u00e3os ambientais, &#8220;duplicando&#8221; recursos para fiscaliza\u00e7\u00e3o. Ap\u00f3s o an\u00fancio de Bolsonaro, o Ministro do Meio Ambiente, Ricardo Salles, disse que os&nbsp;<a href=\"https:\/\/g1.globo.com\/politica\/noticia\/2021\/04\/22\/apos-anuncio-de-bolsonaro-salles-diz-que-valores-para-fiscalizacao-ambiental-nao-estao-definidos.ghtml\">valores para fiscaliza\u00e7\u00e3o ambiental n\u00e3o estavam definidos<\/a>.&nbsp;<\/p>\n\n\n\n<p>Nesta sexta-feira, mais cedo, o secret\u00e1rio de Or\u00e7amento Federal do Minist\u00e9rio da Economia, George Soares, informou que o governo n\u00e3o bloqueou recursos n\u00e3o obrigat\u00f3rios (discricion\u00e1rios) que buscar\u00e1 elevar o montante de recursos para o Meio Ambiente.&nbsp;<\/p>\n\n\n\n<p>\u201cMeio ambiente n\u00e3o sofre bloqueio neste momento. Qualquer necessidade do Meio Ambiente, quanto de qualquer outro minist\u00e9rio, vai ser apresentada ainda na junta de execu\u00e7\u00e3o or\u00e7ament\u00e1ria. Vai ter de ser feita uma suplementa\u00e7\u00e3o tirando de outro \u00f3rg\u00e3o, pois j\u00e1 estamos no teto de gastos. Nesse momento, n\u00e3o h\u00e1 bloqueio adicional no Minist\u00e9rio do Meio Ambiente e se espera pedido do \u00f3rg\u00e3o para analise e poss\u00edvel suplementa\u00e7\u00e3o&#8221;, disse George Soares.<\/p>\n\n\n\n<h2 class=\"wp-block-heading\">Sem bloqueio, com veto<\/h2>\n\n\n\n<p>Apesar de n\u00e3o ter bloqueado gastos discricion\u00e1rios do Minist\u00e9rio do Meio Ambiente, o governo federal vetou o aumento de recursos para a \u00e1rea, por meio de cancelamento de gastos. No or\u00e7amento aprovado pelo Congresso Nacional, R$ 677,568 milh\u00f5es estavam destinados \u00e0 \u00e1rea ambiental, valor que foi cortado para R$ 457,457 milh\u00f5es, segundo dados compilados pelas Consultorias de Or\u00e7amento da C\u00e2mara e do Senado Federal.&nbsp;<\/p>\n\n\n\n<p>Segundo o Minist\u00e9rio da Economia, esse valor refere-se \u00e0s emendas dos parlamentares destinadas ao meio ambiente, que foram elevadas durante a tramita\u00e7\u00e3o final da pe\u00e7a or\u00e7ament\u00e1ria do ano passado.&nbsp;<\/p>\n\n\n\n<figure class=\"wp-block-image\"><img data-recalc-dims=\"1\" decoding=\"async\" src=\"https:\/\/i0.wp.com\/s02.video.glbimg.com\/x240\/8697325.jpg?w=600&#038;ssl=1\" alt=\"7 pol\u00eamicas sobre o ministro Ricardo Salles\"\/><\/figure>\n\n\n\n<p>7 pol\u00eamicas sobre o ministro Ricardo Salles&nbsp;<\/p>\n\n\n\n<p><\/p>\n","protected":false},"excerpt":{"rendered":"<p>Minist\u00e9rio da Economia informou que o governo n\u00e3o bloqueou recursos n\u00e3o obrigat\u00f3rios, e que vetos tratam de emendas parlamentares. Do valor cortado, R$ 11,6 milh\u00f5es iam para &#8220;controle e fiscaliza\u00e7\u00e3o ambiental&#8221;.<\/p>\n","protected":false},"author":1,"featured_media":0,"comment_status":"closed","ping_status":"open","sticky":false,"template":"","format":"standard","meta":{"_exactmetrics_skip_tracking":false,"_exactmetrics_sitenote_active":false,"_exactmetrics_sitenote_note":"","_exactmetrics_sitenote_category":0,"jetpack_post_was_ever_published":false,"_jetpack_newsletter_access":"","_jetpack_dont_email_post_to_subs":false,"_jetpack_newsletter_tier_id":0,"_jetpack_memberships_contains_paywalled_content":false,"_jetpack_memberships_contains_paid_content":false,"footnotes":"","jetpack_publicize_message":"","jetpack_publicize_feature_enabled":true,"jetpack_social_post_already_shared":true,"jetpack_social_options":{"image_generator_settings":{"template":"highway","enabled":false},"version":2}},"categories":[1],"tags":[],"class_list":["post-31700","post","type-post","status-publish","format-standard","hentry","category-notas"],"jetpack_publicize_connections":[],"jetpack_sharing_enabled":true,"jetpack_featured_media_url":"","jetpack_shortlink":"https:\/\/wp.me\/p7wKYW-8fi","jetpack-related-posts":[],"_links":{"self":[{"href":"http:\/\/blogdalucianaoliveira.com.br\/blog\/wp-json\/wp\/v2\/posts\/31700","targetHints":{"allow":["GET"]}}],"collection":[{"href":"http:\/\/blogdalucianaoliveira.com.br\/blog\/wp-json\/wp\/v2\/posts"}],"about":[{"href":"http:\/\/blogdalucianaoliveira.com.br\/blog\/wp-json\/wp\/v2\/types\/post"}],"author":[{"embeddable":true,"href":"http:\/\/blogdalucianaoliveira.com.br\/blog\/wp-json\/wp\/v2\/users\/1"}],"replies":[{"embeddable":true,"href":"http:\/\/blogdalucianaoliveira.com.br\/blog\/wp-json\/wp\/v2\/comments?post=31700"}],"version-history":[{"count":1,"href":"http:\/\/blogdalucianaoliveira.com.br\/blog\/wp-json\/wp\/v2\/posts\/31700\/revisions"}],"predecessor-version":[{"id":31702,"href":"http:\/\/blogdalucianaoliveira.com.br\/blog\/wp-json\/wp\/v2\/posts\/31700\/revisions\/31702"}],"wp:attachment":[{"href":"http:\/\/blogdalucianaoliveira.com.br\/blog\/wp-json\/wp\/v2\/media?parent=31700"}],"wp:term":[{"taxonomy":"category","embeddable":true,"href":"http:\/\/blogdalucianaoliveira.com.br\/blog\/wp-json\/wp\/v2\/categories?post=31700"},{"taxonomy":"post_tag","embeddable":true,"href":"http:\/\/blogdalucianaoliveira.com.br\/blog\/wp-json\/wp\/v2\/tags?post=31700"}],"curies":[{"name":"wp","href":"https:\/\/api.w.org\/{rel}","templated":true}]}}