{"id":31706,"date":"2021-04-25T18:30:40","date_gmt":"2021-04-25T22:30:40","guid":{"rendered":"http:\/\/blogdalucianaoliveira.com.br\/blog\/?p=31706"},"modified":"2021-04-25T18:30:43","modified_gmt":"2021-04-25T22:30:43","slug":"a-conexao-musical-cai-nagua-ver-o-peso-homem-de-fe-a-viagem-do-samba-nas-aguas-da-amazonia","status":"publish","type":"post","link":"http:\/\/blogdalucianaoliveira.com.br\/blog\/2021\/04\/25\/a-conexao-musical-cai-nagua-ver-o-peso-homem-de-fe-a-viagem-do-samba-nas-aguas-da-amazonia\/","title":{"rendered":"A CONEX\u00c3O MUSICAL CAI N\u00b4\u00c1GUA\/VER-O-PESO; Homem de F\u00e9: a viagem do samba nas \u00e1guas da Amaz\u00f4nia"},"content":{"rendered":"\n<figure class=\"wp-block-image size-large\"><img loading=\"lazy\" decoding=\"async\" width=\"1080\" height=\"1086\" data-attachment-id=\"31707\" data-permalink=\"http:\/\/blogdalucianaoliveira.com.br\/blog\/2021\/04\/25\/a-conexao-musical-cai-nagua-ver-o-peso-homem-de-fe-a-viagem-do-samba-nas-aguas-da-amazonia\/5a30ae47-270f-43ab-b2ed-7c7ad21d87bb\/\" data-orig-file=\"https:\/\/i0.wp.com\/blogdalucianaoliveira.com.br\/blog\/wp-content\/uploads\/2021\/04\/5A30AE47-270F-43AB-B2ED-7C7AD21D87BB.jpeg?fit=1080%2C1086\" data-orig-size=\"1080,1086\" data-comments-opened=\"0\" data-image-meta=\"{&quot;aperture&quot;:&quot;0&quot;,&quot;credit&quot;:&quot;&quot;,&quot;camera&quot;:&quot;&quot;,&quot;caption&quot;:&quot;&quot;,&quot;created_timestamp&quot;:&quot;0&quot;,&quot;copyright&quot;:&quot;&quot;,&quot;focal_length&quot;:&quot;0&quot;,&quot;iso&quot;:&quot;0&quot;,&quot;shutter_speed&quot;:&quot;0&quot;,&quot;title&quot;:&quot;&quot;,&quot;orientation&quot;:&quot;1&quot;}\" data-image-title=\"5A30AE47-270F-43AB-B2ED-7C7AD21D87BB\" data-image-description=\"\" data-image-caption=\"\" data-medium-file=\"https:\/\/i0.wp.com\/blogdalucianaoliveira.com.br\/blog\/wp-content\/uploads\/2021\/04\/5A30AE47-270F-43AB-B2ED-7C7AD21D87BB.jpeg?fit=298%2C300\" data-large-file=\"https:\/\/i0.wp.com\/blogdalucianaoliveira.com.br\/blog\/wp-content\/uploads\/2021\/04\/5A30AE47-270F-43AB-B2ED-7C7AD21D87BB.jpeg?fit=600%2C604\" src=\"https:\/\/i0.wp.com\/blogdalucianaoliveira.com.br\/blog\/wp-content\/uploads\/2021\/04\/5A30AE47-270F-43AB-B2ED-7C7AD21D87BB.jpeg?fit=600%2C604\" alt=\"\" class=\"wp-image-31707\" srcset=\"https:\/\/i0.wp.com\/blogdalucianaoliveira.com.br\/blog\/wp-content\/uploads\/2021\/04\/5A30AE47-270F-43AB-B2ED-7C7AD21D87BB.jpeg?w=1080 1080w, https:\/\/i0.wp.com\/blogdalucianaoliveira.com.br\/blog\/wp-content\/uploads\/2021\/04\/5A30AE47-270F-43AB-B2ED-7C7AD21D87BB.jpeg?resize=298%2C300 298w, https:\/\/i0.wp.com\/blogdalucianaoliveira.com.br\/blog\/wp-content\/uploads\/2021\/04\/5A30AE47-270F-43AB-B2ED-7C7AD21D87BB.jpeg?resize=1018%2C1024 1018w, https:\/\/i0.wp.com\/blogdalucianaoliveira.com.br\/blog\/wp-content\/uploads\/2021\/04\/5A30AE47-270F-43AB-B2ED-7C7AD21D87BB.jpeg?resize=150%2C150 150w, https:\/\/i0.wp.com\/blogdalucianaoliveira.com.br\/blog\/wp-content\/uploads\/2021\/04\/5A30AE47-270F-43AB-B2ED-7C7AD21D87BB.jpeg?resize=768%2C772 768w\" sizes=\"auto, (max-width: 600px) 100vw, 600px\" \/><\/figure>\n\n\n\n<p>Por: Altair Santos (Tat\u00e1) &#8211; O IV Festival de Samba Nova Gera\u00e7\u00e3o Paraense, voltado para a difus\u00e3o e valoriza\u00e7\u00e3o da ess\u00eancia cultural do samba, realizado na \u00faltima sexta-feira (23\/abril\/2021) em Bel\u00e9m e transmitido via internet, fez reluzir aos olhos e ecoar aos ouvidos a nova cena, a tend\u00eancia sonora e a realidade criativa vigente dos verdadeiros herdeiros espalhados distantes, por\u00e9m leg\u00edtimos consangu\u00edneos sambistas da m\u00e3e baiana Tia Ciata, que por aqui vivem, transitam e habitam em ritmados acordes de cavaco e baticuns de surdo e pandeiro, al\u00e9m \u00e9 claro, de dizerem firme no gog\u00f3 sobre o sempre samba brasileiro.<\/p>\n\n\n\n<!--more-->\n\n\n\n<p><br> Foi bonito de ver a rever\u00eancia e defer\u00eancia com que a organiza\u00e7\u00e3o do Festival fez homenagear em cena, muitos dos seus baluartes, verdadeiros mananciais vivos ou in-memorian da popular e diversificada cultura sambista da cidade dos devotos de Nossa Senhora de Nazar\u00e9 que, naquela noite, tamb\u00e9m saudaram S\u00e3o Jorge, j\u00e1 que era o dia e noite do santo. <\/p>\n\n\n\n<p><br> O projeto exibiu ao conhecimento popular as composi\u00e7\u00f5es inscritas, como tamb\u00e9m, reacendeu a chama envolvente dos festivais e suas tradi\u00e7\u00f5es. No rebuli\u00e7o do sobe desce da mar\u00e9 musical, remou bem e atracou vitoriosa e com honras no Ver-o-Peso, a canoa que levou os versos distantes despachados do porto do Cai N\u00b4\u00c1gua em Porto Velho pelo compositor e int\u00e9rprete Ant\u00f4nio (Toninho) Tavernard, endere\u00e7ados \u00e0 sua parceira de composi\u00e7\u00e3o, a perform\u00e1tica e competente cantora paraense Brenda Moraes que, decidida e senhora de si, no palco, fez ferver um farto caldeir\u00e3o de mani\u00e7oba e um outro entupido de caldeirada de tambaqui. <\/p>\n\n\n\n<figure class=\"wp-block-image size-large\"><img data-recalc-dims=\"1\" loading=\"lazy\" decoding=\"async\" width=\"600\" height=\"357\" data-attachment-id=\"31708\" data-permalink=\"http:\/\/blogdalucianaoliveira.com.br\/blog\/2021\/04\/25\/a-conexao-musical-cai-nagua-ver-o-peso-homem-de-fe-a-viagem-do-samba-nas-aguas-da-amazonia\/cbb5c9f3-e2ba-4396-af6a-0e4c41b51353\/\" data-orig-file=\"https:\/\/i0.wp.com\/blogdalucianaoliveira.com.br\/blog\/wp-content\/uploads\/2021\/04\/CBB5C9F3-E2BA-4396-AF6A-0E4C41B51353.jpeg?fit=722%2C429\" data-orig-size=\"722,429\" data-comments-opened=\"0\" data-image-meta=\"{&quot;aperture&quot;:&quot;0&quot;,&quot;credit&quot;:&quot;&quot;,&quot;camera&quot;:&quot;&quot;,&quot;caption&quot;:&quot;&quot;,&quot;created_timestamp&quot;:&quot;0&quot;,&quot;copyright&quot;:&quot;&quot;,&quot;focal_length&quot;:&quot;0&quot;,&quot;iso&quot;:&quot;0&quot;,&quot;shutter_speed&quot;:&quot;0&quot;,&quot;title&quot;:&quot;&quot;,&quot;orientation&quot;:&quot;1&quot;}\" data-image-title=\"CBB5C9F3-E2BA-4396-AF6A-0E4C41B51353\" data-image-description=\"\" data-image-caption=\"\" data-medium-file=\"https:\/\/i0.wp.com\/blogdalucianaoliveira.com.br\/blog\/wp-content\/uploads\/2021\/04\/CBB5C9F3-E2BA-4396-AF6A-0E4C41B51353.jpeg?fit=300%2C178\" data-large-file=\"https:\/\/i0.wp.com\/blogdalucianaoliveira.com.br\/blog\/wp-content\/uploads\/2021\/04\/CBB5C9F3-E2BA-4396-AF6A-0E4C41B51353.jpeg?fit=600%2C357\" src=\"https:\/\/i0.wp.com\/blogdalucianaoliveira.com.br\/blog\/wp-content\/uploads\/2021\/04\/CBB5C9F3-E2BA-4396-AF6A-0E4C41B51353.jpeg?resize=600%2C357\" alt=\"\" class=\"wp-image-31708\" srcset=\"https:\/\/i0.wp.com\/blogdalucianaoliveira.com.br\/blog\/wp-content\/uploads\/2021\/04\/CBB5C9F3-E2BA-4396-AF6A-0E4C41B51353.jpeg?w=722 722w, https:\/\/i0.wp.com\/blogdalucianaoliveira.com.br\/blog\/wp-content\/uploads\/2021\/04\/CBB5C9F3-E2BA-4396-AF6A-0E4C41B51353.jpeg?resize=300%2C178 300w, https:\/\/i0.wp.com\/blogdalucianaoliveira.com.br\/blog\/wp-content\/uploads\/2021\/04\/CBB5C9F3-E2BA-4396-AF6A-0E4C41B51353.jpeg?resize=505%2C300 505w\" sizes=\"auto, (max-width: 600px) 100vw, 600px\" \/><\/figure>\n\n\n\n<p><br> O samba intitulado Homem de F\u00e9 revelou-se uma pulsante e mensageira composi\u00e7\u00e3o, um inteligente e oportuno remo po\u00e9tico-mel\u00f3dico a duas m\u00e3os, viajantes atuais da missiva de esperan\u00e7a de vida e dias melhores, untada pela for\u00e7a e pela f\u00e9 cidad\u00e3 que h\u00e3o de prosperar animadores e resolutivos, naquilo que hora muito se busca e almeja: o amor, a empatia, a solidariedade, a reciprocidade e a paz.  <br> Da parte da competente organiza\u00e7\u00e3o e produ\u00e7\u00e3o paraense, certamente restou a certeza e sentimento do dever e compromisso cumpridos em valorizar as suas ra\u00edzes e cria\u00e7\u00f5es art\u00edsticas, nesse particular, ao mote do sempre vivo samba brasileiro e com o inimit\u00e1vel jeito e tempero paraense de ser.  <\/p>\n\n\n\n<p><br> C\u00e1, do nosso solo karipuna, desde a madrugada de sexta-feira pra s\u00e1bado, ainda vibra inquieta e animadora pulsante, a alegria de ver uma obra cultural daqui vitoriosa, em parceria com algu\u00e9m de l\u00e1.<br> Por for\u00e7a de reconhecimento e como mote inspirador, o Projeto Samba Autoral de Porto Velho, com este feito, \u00e9 tamb\u00e9m vitorioso e deve orgulhar-se, e muito, dessa conquista que, certamente, acender\u00e1 novos e animadores lumes para o nosso samba. <br><\/p>\n\n\n\n<div class=\"fb-video\" data-allowfullscreen=\"true\" data-href=\"https:\/\/www.facebook.com\/luciana.oliveira.75457\/videos\/4051372194938653\/?\"><\/div>\n","protected":false},"excerpt":{"rendered":"<p>Por: Altair Santos (Tat\u00e1) &#8211; O IV Festival de Samba Nova Gera\u00e7\u00e3o Paraense, voltado para a difus\u00e3o e valoriza\u00e7\u00e3o da ess\u00eancia cultural do samba, realizado na \u00faltima sexta-feira (23\/abril\/2021) em Bel\u00e9m e transmitido via internet, fez reluzir aos olhos e ecoar aos ouvidos a nova cena, a tend\u00eancia sonora e a realidade criativa vigente dos&#8230;<a class=\"more-link\" href=\"http:\/\/blogdalucianaoliveira.com.br\/blog\/2021\/04\/25\/a-conexao-musical-cai-nagua-ver-o-peso-homem-de-fe-a-viagem-do-samba-nas-aguas-da-amazonia\/\">Continue a leitura <span class=\"meta-nav\">&raquo;<\/span><\/a><\/p>\n","protected":false},"author":1,"featured_media":0,"comment_status":"closed","ping_status":"open","sticky":false,"template":"","format":"standard","meta":{"_exactmetrics_skip_tracking":false,"_exactmetrics_sitenote_active":false,"_exactmetrics_sitenote_note":"","_exactmetrics_sitenote_category":0,"jetpack_post_was_ever_published":false,"_jetpack_newsletter_access":"","_jetpack_dont_email_post_to_subs":false,"_jetpack_newsletter_tier_id":0,"_jetpack_memberships_contains_paywalled_content":false,"_jetpack_memberships_contains_paid_content":false,"footnotes":"","jetpack_publicize_message":"","jetpack_publicize_feature_enabled":true,"jetpack_social_post_already_shared":true,"jetpack_social_options":{"image_generator_settings":{"template":"highway","enabled":false},"version":2}},"categories":[1],"tags":[],"class_list":["post-31706","post","type-post","status-publish","format-standard","hentry","category-notas"],"jetpack_publicize_connections":[],"jetpack_sharing_enabled":true,"jetpack_featured_media_url":"","jetpack_shortlink":"https:\/\/wp.me\/p7wKYW-8fo","jetpack-related-posts":[],"_links":{"self":[{"href":"http:\/\/blogdalucianaoliveira.com.br\/blog\/wp-json\/wp\/v2\/posts\/31706","targetHints":{"allow":["GET"]}}],"collection":[{"href":"http:\/\/blogdalucianaoliveira.com.br\/blog\/wp-json\/wp\/v2\/posts"}],"about":[{"href":"http:\/\/blogdalucianaoliveira.com.br\/blog\/wp-json\/wp\/v2\/types\/post"}],"author":[{"embeddable":true,"href":"http:\/\/blogdalucianaoliveira.com.br\/blog\/wp-json\/wp\/v2\/users\/1"}],"replies":[{"embeddable":true,"href":"http:\/\/blogdalucianaoliveira.com.br\/blog\/wp-json\/wp\/v2\/comments?post=31706"}],"version-history":[{"count":2,"href":"http:\/\/blogdalucianaoliveira.com.br\/blog\/wp-json\/wp\/v2\/posts\/31706\/revisions"}],"predecessor-version":[{"id":31710,"href":"http:\/\/blogdalucianaoliveira.com.br\/blog\/wp-json\/wp\/v2\/posts\/31706\/revisions\/31710"}],"wp:attachment":[{"href":"http:\/\/blogdalucianaoliveira.com.br\/blog\/wp-json\/wp\/v2\/media?parent=31706"}],"wp:term":[{"taxonomy":"category","embeddable":true,"href":"http:\/\/blogdalucianaoliveira.com.br\/blog\/wp-json\/wp\/v2\/categories?post=31706"},{"taxonomy":"post_tag","embeddable":true,"href":"http:\/\/blogdalucianaoliveira.com.br\/blog\/wp-json\/wp\/v2\/tags?post=31706"}],"curies":[{"name":"wp","href":"https:\/\/api.w.org\/{rel}","templated":true}]}}