{"id":3171,"date":"2016-08-16T12:06:04","date_gmt":"2016-08-16T16:06:04","guid":{"rendered":"http:\/\/blogdalucianaoliveira.com.br\/blog\/?p=3171"},"modified":"2016-08-16T13:04:27","modified_gmt":"2016-08-16T17:04:27","slug":"com-que-mentalidade-o-eleitor-vai-encarar-mais-um-processo-eleitoral","status":"publish","type":"post","link":"http:\/\/blogdalucianaoliveira.com.br\/blog\/2016\/08\/16\/com-que-mentalidade-o-eleitor-vai-encarar-mais-um-processo-eleitoral\/","title":{"rendered":"Com que mentalidade o eleitor vai encarar mais um processo eleitoral?"},"content":{"rendered":"<p><img data-recalc-dims=\"1\" loading=\"lazy\" decoding=\"async\" data-attachment-id=\"3172\" data-permalink=\"http:\/\/blogdalucianaoliveira.com.br\/blog\/2016\/08\/16\/com-que-mentalidade-o-eleitor-vai-encarar-mais-um-processo-eleitoral\/festa-2\/\" data-orig-file=\"https:\/\/i0.wp.com\/blogdalucianaoliveira.com.br\/blog\/wp-content\/uploads\/2016\/08\/festa.jpg?fit=671%2C500\" data-orig-size=\"671,500\" data-comments-opened=\"0\" data-image-meta=\"{&quot;aperture&quot;:&quot;0&quot;,&quot;credit&quot;:&quot;&quot;,&quot;camera&quot;:&quot;&quot;,&quot;caption&quot;:&quot;&quot;,&quot;created_timestamp&quot;:&quot;0&quot;,&quot;copyright&quot;:&quot;&quot;,&quot;focal_length&quot;:&quot;0&quot;,&quot;iso&quot;:&quot;0&quot;,&quot;shutter_speed&quot;:&quot;0&quot;,&quot;title&quot;:&quot;&quot;,&quot;orientation&quot;:&quot;0&quot;}\" data-image-title=\"festa\" data-image-description=\"\" data-image-caption=\"\" data-medium-file=\"https:\/\/i0.wp.com\/blogdalucianaoliveira.com.br\/blog\/wp-content\/uploads\/2016\/08\/festa.jpg?fit=300%2C224\" data-large-file=\"https:\/\/i0.wp.com\/blogdalucianaoliveira.com.br\/blog\/wp-content\/uploads\/2016\/08\/festa.jpg?fit=600%2C447\" src=\"https:\/\/i0.wp.com\/blogdalucianaoliveira.com.br\/blog\/wp-content\/uploads\/2016\/08\/festa.jpg?resize=600%2C447\" alt=\"festa\" width=\"600\" height=\"447\" class=\"alignnone size-full wp-image-3172\" \/><\/p>\n<p>Come\u00e7a hoje mais uma campanha eleitoral e a compreens\u00e3o sobre o que est\u00e1 por tr\u00e1s dos financiamentos nunca mais ser\u00e1 a mesma, ap\u00f3s a Opera\u00e7\u00e3o Lava Jato. <\/p>\n<p>Por mais que repetissem de boca \u00e0 boca que havia conluio entre doadores e candidatos para roubar os cofres p\u00fablicos e controlar o poder, n\u00e3o havia provas t\u00e3o contundentes como as que vimos e ouvimos nos \u00faltimos dois anos.<br \/>\nO que se percebe \u00e9 a exalta\u00e7\u00e3o ao toma l\u00e1, d\u00e1 c\u00e1, a conformidade com o jogo sujo e bruto na pol\u00edtica e a omiss\u00e3o expl\u00edcita com a corrup\u00e7\u00e3o.<!--more--><\/p>\n<p>A express\u00e3o superficial \u2018a culpa \u00e9 do eleitor\u2019, nunca teve tanta profundidade, nunca fez tanto sentido.<br \/>\nSegundo a Transpar\u00eancia Brasil, dos 65 membros da comiss\u00e3o do impeachment no Senado \u201c37 enfrentam acusa\u00e7\u00f5es de corrup\u00e7\u00e3o ou outros crimes graves e 49 dos 81 senadores est\u00e3o envolvidos em investiga\u00e7\u00f5es\u201d.<br \/>\nDos 513 deputados da C\u00e2mara, 303 s\u00e3o investigados por algum crime.  <\/p>\n<p>O processo de impeachment da presidenta eleita, prestes a ter seu tr\u00e1gico desfecho, segue sem um levante popular uniforme pela moralidade na pol\u00edtica e em defesa da democracia.<\/p>\n<p>\u00c9 cada um por seus interesses e eles, os canalhas, contra todos.<\/p>\n<p>Como o novo game tido como a onda perfeita, que revela nossa vulnerabilidade ao nos levar para onde o criador quer, os pol\u00edticos aperfei\u00e7oaram suas armadilhas para controlar nossas consci\u00eancias.<\/p>\n<p>\u00c9 \u00f3bvio que a maioria quer o impeachment sem crime, quer os poderes transformados em balc\u00f5es de neg\u00f3cios, quer que vire moda um Congresso Nacional tomar o poder com boicote \u00e0 governabilidade. <\/p>\n<p>Do contr\u00e1rio, n\u00e3o haveria esse sil\u00eancio ensurdecedor de panelas que h\u00e1 pouco pediam o fim da corrup\u00e7\u00e3o.<\/p>\n<p>A culpa \u00e9 do eleitor sim, mas sobretudo do que \u00e9 bem informado, do que ouve grava\u00e7\u00f5es em que o presidente do Senado, um ex-presidente da rep\u00fablica e um ministro do governo interino confessam um pacto diab\u00f3lico para proteger corruptos e simplesmente, ignora.<\/p>\n<p>A maior parcela de culpa \u00e9 do eleitor que justifica a retirada de direitos sob o argumento de que o pa\u00eds precisa do sacrif\u00edcios de muitos, em benef\u00edcios de poucos.<\/p>\n<p>A qualidade do voto tende a piorar muito nesta elei\u00e7\u00e3o.<\/p>\n<p>N\u00e3o h\u00e1 perspectiva de mudan\u00e7a pra um povo que aplaude sua desgra\u00e7a como na\u00e7\u00e3o democr\u00e1tica.<\/p>\n","protected":false},"excerpt":{"rendered":"<p>Come\u00e7a hoje mais uma campanha eleitoral e a compreens\u00e3o sobre o que est\u00e1 por tr\u00e1s dos financiamentos nunca mais ser\u00e1 a mesma, ap\u00f3s a Opera\u00e7\u00e3o Lava Jato. Por mais que repetissem de boca \u00e0 boca que havia conluio entre doadores e candidatos para roubar os cofres p\u00fablicos e controlar o poder, n\u00e3o havia provas t\u00e3o&#8230;<a class=\"more-link\" href=\"http:\/\/blogdalucianaoliveira.com.br\/blog\/2016\/08\/16\/com-que-mentalidade-o-eleitor-vai-encarar-mais-um-processo-eleitoral\/\">Continue a leitura <span class=\"meta-nav\">&raquo;<\/span><\/a><\/p>\n","protected":false},"author":1,"featured_media":0,"comment_status":"closed","ping_status":"open","sticky":false,"template":"","format":"standard","meta":{"_exactmetrics_skip_tracking":false,"_exactmetrics_sitenote_active":false,"_exactmetrics_sitenote_note":"","_exactmetrics_sitenote_category":0,"jetpack_post_was_ever_published":false,"_jetpack_newsletter_access":"","_jetpack_dont_email_post_to_subs":false,"_jetpack_newsletter_tier_id":0,"_jetpack_memberships_contains_paywalled_content":false,"_jetpack_memberships_contains_paid_content":false,"footnotes":"","jetpack_publicize_message":"","jetpack_publicize_feature_enabled":true,"jetpack_social_post_already_shared":true,"jetpack_social_options":{"image_generator_settings":{"template":"highway","enabled":false},"version":2}},"categories":[1],"tags":[],"class_list":["post-3171","post","type-post","status-publish","format-standard","hentry","category-notas"],"jetpack_publicize_connections":[],"jetpack_sharing_enabled":true,"jetpack_featured_media_url":"","jetpack_shortlink":"https:\/\/wp.me\/p7wKYW-P9","jetpack-related-posts":[],"_links":{"self":[{"href":"http:\/\/blogdalucianaoliveira.com.br\/blog\/wp-json\/wp\/v2\/posts\/3171","targetHints":{"allow":["GET"]}}],"collection":[{"href":"http:\/\/blogdalucianaoliveira.com.br\/blog\/wp-json\/wp\/v2\/posts"}],"about":[{"href":"http:\/\/blogdalucianaoliveira.com.br\/blog\/wp-json\/wp\/v2\/types\/post"}],"author":[{"embeddable":true,"href":"http:\/\/blogdalucianaoliveira.com.br\/blog\/wp-json\/wp\/v2\/users\/1"}],"replies":[{"embeddable":true,"href":"http:\/\/blogdalucianaoliveira.com.br\/blog\/wp-json\/wp\/v2\/comments?post=3171"}],"version-history":[{"count":3,"href":"http:\/\/blogdalucianaoliveira.com.br\/blog\/wp-json\/wp\/v2\/posts\/3171\/revisions"}],"predecessor-version":[{"id":3178,"href":"http:\/\/blogdalucianaoliveira.com.br\/blog\/wp-json\/wp\/v2\/posts\/3171\/revisions\/3178"}],"wp:attachment":[{"href":"http:\/\/blogdalucianaoliveira.com.br\/blog\/wp-json\/wp\/v2\/media?parent=3171"}],"wp:term":[{"taxonomy":"category","embeddable":true,"href":"http:\/\/blogdalucianaoliveira.com.br\/blog\/wp-json\/wp\/v2\/categories?post=3171"},{"taxonomy":"post_tag","embeddable":true,"href":"http:\/\/blogdalucianaoliveira.com.br\/blog\/wp-json\/wp\/v2\/tags?post=3171"}],"curies":[{"name":"wp","href":"https:\/\/api.w.org\/{rel}","templated":true}]}}