{"id":31714,"date":"2021-04-26T10:42:52","date_gmt":"2021-04-26T14:42:52","guid":{"rendered":"http:\/\/blogdalucianaoliveira.com.br\/blog\/?p=31714"},"modified":"2021-04-26T10:42:58","modified_gmt":"2021-04-26T14:42:58","slug":"o-preco-da-boiada","status":"publish","type":"post","link":"http:\/\/blogdalucianaoliveira.com.br\/blog\/2021\/04\/26\/o-preco-da-boiada\/","title":{"rendered":"O pre\u00e7o da boiada"},"content":{"rendered":"\n<figure class=\"wp-block-image size-large\"><img data-recalc-dims=\"1\" loading=\"lazy\" decoding=\"async\" width=\"600\" height=\"337\" data-attachment-id=\"31715\" data-permalink=\"http:\/\/blogdalucianaoliveira.com.br\/blog\/2021\/04\/26\/o-preco-da-boiada\/d1040a80-26cd-4ea9-8c9e-eb76ff67428c\/\" data-orig-file=\"https:\/\/i0.wp.com\/blogdalucianaoliveira.com.br\/blog\/wp-content\/uploads\/2021\/04\/D1040A80-26CD-4EA9-8C9E-EB76FF67428C.jpeg?fit=739%2C415\" data-orig-size=\"739,415\" data-comments-opened=\"0\" data-image-meta=\"{&quot;aperture&quot;:&quot;0&quot;,&quot;credit&quot;:&quot;&quot;,&quot;camera&quot;:&quot;&quot;,&quot;caption&quot;:&quot;&quot;,&quot;created_timestamp&quot;:&quot;0&quot;,&quot;copyright&quot;:&quot;&quot;,&quot;focal_length&quot;:&quot;0&quot;,&quot;iso&quot;:&quot;0&quot;,&quot;shutter_speed&quot;:&quot;0&quot;,&quot;title&quot;:&quot;&quot;,&quot;orientation&quot;:&quot;0&quot;}\" data-image-title=\"D1040A80-26CD-4EA9-8C9E-EB76FF67428C\" data-image-description=\"\" data-image-caption=\"\" data-medium-file=\"https:\/\/i0.wp.com\/blogdalucianaoliveira.com.br\/blog\/wp-content\/uploads\/2021\/04\/D1040A80-26CD-4EA9-8C9E-EB76FF67428C.jpeg?fit=300%2C168\" data-large-file=\"https:\/\/i0.wp.com\/blogdalucianaoliveira.com.br\/blog\/wp-content\/uploads\/2021\/04\/D1040A80-26CD-4EA9-8C9E-EB76FF67428C.jpeg?fit=600%2C337\" src=\"https:\/\/i0.wp.com\/blogdalucianaoliveira.com.br\/blog\/wp-content\/uploads\/2021\/04\/D1040A80-26CD-4EA9-8C9E-EB76FF67428C.jpeg?resize=600%2C337\" alt=\"\" class=\"wp-image-31715\" srcset=\"https:\/\/i0.wp.com\/blogdalucianaoliveira.com.br\/blog\/wp-content\/uploads\/2021\/04\/D1040A80-26CD-4EA9-8C9E-EB76FF67428C.jpeg?w=739 739w, https:\/\/i0.wp.com\/blogdalucianaoliveira.com.br\/blog\/wp-content\/uploads\/2021\/04\/D1040A80-26CD-4EA9-8C9E-EB76FF67428C.jpeg?resize=300%2C168 300w, https:\/\/i0.wp.com\/blogdalucianaoliveira.com.br\/blog\/wp-content\/uploads\/2021\/04\/D1040A80-26CD-4EA9-8C9E-EB76FF67428C.jpeg?resize=534%2C300 534w\" sizes=\"auto, (max-width: 600px) 100vw, 600px\" \/><\/figure>\n\n\n\n<p><strong>247, por Ronaldo Lima Lins<\/strong>  &#8211; A humanidade j\u00e1 viveu, no passado, o espet\u00e1culo de dirigentes mal escolhidos ou levados a seus cargos por in\u00fameros motivos, desencadeando crises nacionais ou internacionais de propor\u00e7\u00f5es graves. \u00c9 um motivo pelo qual o sistema democr\u00e1tico terminou prevalecendo como uma forma de escolha aceit\u00e1vel para o tr\u00e2nsito no poder.\u00a0<br><\/p>\n\n\n\n<!--more-->\n\n\n\n<p>Troca de nomes se institu\u00edram. Um desequil\u00edbrio da sorte, um cochilo na hora de votar, pode provocar convuls\u00f5es e colocar em risco a sa\u00fade mental e f\u00edsica da popula\u00e7\u00e3o. Esses constituem argumentos para que as legisla\u00e7\u00f5es eleitorais disponham sobre o pleito e os candidatos. Cumpre errar o m\u00ednimo poss\u00edvel. E se erra.&nbsp;<\/p>\n\n\n\n<p>No momento em que se discute sobre o clima em n\u00edvel mundial, desta vez com a participa\u00e7\u00e3o dos Estados Unidos, o Brasil, embora n\u00e3o tivesse grande coisa a apresentar, chegou com duas ou tr\u00eas promessas para acalmar os \u00e2nimos. Sabe-se que estamos num governo displicente em termos de preserva\u00e7\u00e3o. N\u00e3o se preocupa com as tradi\u00e7\u00f5es culturais, nem libera recursos para o patrim\u00f4nio arquitet\u00f4nico, que, aos poucos, se desgasta at\u00e9 a ru\u00edna. Universidades como a UFRJ pegam fogo, de tempos em tempos por inadvert\u00eancia, falta de recursos. Despois da destrui\u00e7\u00e3o, mal logra se reerguer porque n\u00e3o tem como transformar zero recursos em medidas no sentido das reformas. Finalmente, vivemos com Ricardo Salles, um Ministro do Meio Ambiente, que privilegia os madeireiros em detrimento das florestas e povos ind\u00edgenas.\u00a0<br><\/p>\n\n\n\n<p>Como ele brincou, permanece atento para deixar a boiada passar. E ela passa&#8230; Nos seus v\u00e1rios sentidos. Falta-nos iniciativas do Estado para impedir que, no caminho, destrua valores numa extens\u00e3o avassaladora. O que abunda em liberalidade!&#8230; Assim tem ocorrido com o coronav\u00edrus. Os pre\u00e7os s\u00e3o alt\u00edssimos. Desatento para a gravidade da situa\u00e7\u00e3o, o Presidente, num programa de TV, amea\u00e7ou governadores e prefeitos com o que chama de \u201cmeu ex\u00e9rcito\u201d, para tirar as pessoas de suas casas e lev\u00e1-las \u00e0 rua, ao trabalho e a suas demais ocupa\u00e7\u00f5es.&nbsp;<\/p>\n\n\n\n<p>N\u00e3o aceita que as medidas de segrega\u00e7\u00e3o social obede\u00e7am a crit\u00e9rios da ci\u00eancia, diante de um processo de contamina\u00e7\u00e3o mortal, ainda n\u00e3o contrabalan\u00e7ado pela vacina\u00e7\u00e3o. Se as duas ou tr\u00eas promessas \u00e0 Confer\u00eancia do Clima ajudaram a acalmar os \u00e2nimos, n\u00f3s, deste lado do Planeta, continuamos aflitos. O quadro da estagna\u00e7\u00e3o a\u00ed est\u00e1. E estagna\u00e7\u00e3o funciona como um parasita: rouba as energias e o esp\u00edrito de iniciativa.\u00a0<br><\/p>\n\n\n\n<p>\u00c9 como a boiada passa. Pelo andar da carruagem, logo viveremos num deserto. &nbsp;Cabe destacar que, nos altos escal\u00f5es da Rep\u00fablica, quando se diz alguma coisa, diz-se muito. O megafone dos cargos amplia o peso das palavras. For\u00e7as armadas se organizam para defender a popula\u00e7\u00e3o contra invas\u00f5es, n\u00e3o para cumprir des\u00edgnios de um Presidente disposto a convoc\u00e1-las por distra\u00e7\u00e3o.&nbsp;<\/p>\n\n\n\n<p>E h\u00e1 o equil\u00edbrio dos poderes para impedir que algo de semelhante tenha lugar. N\u00e3o devemos transformar uma amea\u00e7a em algo institucional para desencadear paix\u00f5es. \u00c9, talvez, mais uma boiada arrastando os cascos na terra, ansiosa por seguir. A da irresponsabilidade.<\/p>\n","protected":false},"excerpt":{"rendered":"<p>247, por Ronaldo Lima Lins &#8211; A humanidade j\u00e1 viveu, no passado, o espet\u00e1culo de dirigentes mal escolhidos ou levados a seus cargos por in\u00fameros motivos, desencadeando crises nacionais ou internacionais de propor\u00e7\u00f5es graves. \u00c9 um motivo pelo qual o sistema democr\u00e1tico terminou prevalecendo como uma forma de escolha aceit\u00e1vel para o tr\u00e2nsito no poder.\u00a0<\/p>\n","protected":false},"author":1,"featured_media":0,"comment_status":"closed","ping_status":"open","sticky":false,"template":"","format":"standard","meta":{"_exactmetrics_skip_tracking":false,"_exactmetrics_sitenote_active":false,"_exactmetrics_sitenote_note":"","_exactmetrics_sitenote_category":0,"jetpack_post_was_ever_published":false,"_jetpack_newsletter_access":"","_jetpack_dont_email_post_to_subs":false,"_jetpack_newsletter_tier_id":0,"_jetpack_memberships_contains_paywalled_content":false,"_jetpack_memberships_contains_paid_content":false,"footnotes":"","jetpack_publicize_message":"","jetpack_publicize_feature_enabled":true,"jetpack_social_post_already_shared":true,"jetpack_social_options":{"image_generator_settings":{"template":"highway","enabled":false},"version":2}},"categories":[1],"tags":[],"class_list":["post-31714","post","type-post","status-publish","format-standard","hentry","category-notas"],"jetpack_publicize_connections":[],"jetpack_sharing_enabled":true,"jetpack_featured_media_url":"","jetpack_shortlink":"https:\/\/wp.me\/p7wKYW-8fw","jetpack-related-posts":[],"_links":{"self":[{"href":"http:\/\/blogdalucianaoliveira.com.br\/blog\/wp-json\/wp\/v2\/posts\/31714","targetHints":{"allow":["GET"]}}],"collection":[{"href":"http:\/\/blogdalucianaoliveira.com.br\/blog\/wp-json\/wp\/v2\/posts"}],"about":[{"href":"http:\/\/blogdalucianaoliveira.com.br\/blog\/wp-json\/wp\/v2\/types\/post"}],"author":[{"embeddable":true,"href":"http:\/\/blogdalucianaoliveira.com.br\/blog\/wp-json\/wp\/v2\/users\/1"}],"replies":[{"embeddable":true,"href":"http:\/\/blogdalucianaoliveira.com.br\/blog\/wp-json\/wp\/v2\/comments?post=31714"}],"version-history":[{"count":1,"href":"http:\/\/blogdalucianaoliveira.com.br\/blog\/wp-json\/wp\/v2\/posts\/31714\/revisions"}],"predecessor-version":[{"id":31716,"href":"http:\/\/blogdalucianaoliveira.com.br\/blog\/wp-json\/wp\/v2\/posts\/31714\/revisions\/31716"}],"wp:attachment":[{"href":"http:\/\/blogdalucianaoliveira.com.br\/blog\/wp-json\/wp\/v2\/media?parent=31714"}],"wp:term":[{"taxonomy":"category","embeddable":true,"href":"http:\/\/blogdalucianaoliveira.com.br\/blog\/wp-json\/wp\/v2\/categories?post=31714"},{"taxonomy":"post_tag","embeddable":true,"href":"http:\/\/blogdalucianaoliveira.com.br\/blog\/wp-json\/wp\/v2\/tags?post=31714"}],"curies":[{"name":"wp","href":"https:\/\/api.w.org\/{rel}","templated":true}]}}