{"id":31719,"date":"2021-04-27T17:44:56","date_gmt":"2021-04-27T21:44:56","guid":{"rendered":"http:\/\/blogdalucianaoliveira.com.br\/blog\/?p=31719"},"modified":"2021-04-27T17:45:01","modified_gmt":"2021-04-27T21:45:01","slug":"nesta-quinta-central-de-movimentos-populares-e-fup-venderao-botijao-de-gas-a-cerca-de-r-40","status":"publish","type":"post","link":"http:\/\/blogdalucianaoliveira.com.br\/blog\/2021\/04\/27\/nesta-quinta-central-de-movimentos-populares-e-fup-venderao-botijao-de-gas-a-cerca-de-r-40\/","title":{"rendered":"Nesta quinta, Central de Movimentos Populares e FUP vender\u00e3o botij\u00e3o de g\u00e1s a cerca de R$ 40"},"content":{"rendered":"\n<figure class=\"wp-block-image size-large\"><img loading=\"lazy\" decoding=\"async\" width=\"1280\" height=\"613\" data-attachment-id=\"31720\" data-permalink=\"http:\/\/blogdalucianaoliveira.com.br\/blog\/2021\/04\/27\/nesta-quinta-central-de-movimentos-populares-e-fup-venderao-botijao-de-gas-a-cerca-de-r-40\/72dc6246-1981-4298-9e50-a767822ab3a5\/\" data-orig-file=\"https:\/\/i0.wp.com\/blogdalucianaoliveira.com.br\/blog\/wp-content\/uploads\/2021\/04\/72DC6246-1981-4298-9E50-A767822AB3A5.jpeg?fit=1280%2C613\" data-orig-size=\"1280,613\" data-comments-opened=\"0\" data-image-meta=\"{&quot;aperture&quot;:&quot;0&quot;,&quot;credit&quot;:&quot;&quot;,&quot;camera&quot;:&quot;&quot;,&quot;caption&quot;:&quot;&quot;,&quot;created_timestamp&quot;:&quot;0&quot;,&quot;copyright&quot;:&quot;&quot;,&quot;focal_length&quot;:&quot;0&quot;,&quot;iso&quot;:&quot;0&quot;,&quot;shutter_speed&quot;:&quot;0&quot;,&quot;title&quot;:&quot;&quot;,&quot;orientation&quot;:&quot;0&quot;}\" data-image-title=\"72DC6246-1981-4298-9E50-A767822AB3A5\" data-image-description=\"\" data-image-caption=\"\" data-medium-file=\"https:\/\/i0.wp.com\/blogdalucianaoliveira.com.br\/blog\/wp-content\/uploads\/2021\/04\/72DC6246-1981-4298-9E50-A767822AB3A5.jpeg?fit=300%2C144\" data-large-file=\"https:\/\/i0.wp.com\/blogdalucianaoliveira.com.br\/blog\/wp-content\/uploads\/2021\/04\/72DC6246-1981-4298-9E50-A767822AB3A5.jpeg?fit=600%2C287\" src=\"https:\/\/i1.wp.com\/blogdalucianaoliveira.com.br\/blog\/wp-content\/uploads\/2021\/04\/72DC6246-1981-4298-9E50-A767822AB3A5.jpeg?fit=600%2C287\" alt=\"\" class=\"wp-image-31720\" srcset=\"https:\/\/i0.wp.com\/blogdalucianaoliveira.com.br\/blog\/wp-content\/uploads\/2021\/04\/72DC6246-1981-4298-9E50-A767822AB3A5.jpeg?w=1280 1280w, https:\/\/i0.wp.com\/blogdalucianaoliveira.com.br\/blog\/wp-content\/uploads\/2021\/04\/72DC6246-1981-4298-9E50-A767822AB3A5.jpeg?resize=300%2C144 300w, https:\/\/i0.wp.com\/blogdalucianaoliveira.com.br\/blog\/wp-content\/uploads\/2021\/04\/72DC6246-1981-4298-9E50-A767822AB3A5.jpeg?resize=1024%2C490 1024w, https:\/\/i0.wp.com\/blogdalucianaoliveira.com.br\/blog\/wp-content\/uploads\/2021\/04\/72DC6246-1981-4298-9E50-A767822AB3A5.jpeg?resize=768%2C368 768w, https:\/\/i0.wp.com\/blogdalucianaoliveira.com.br\/blog\/wp-content\/uploads\/2021\/04\/72DC6246-1981-4298-9E50-A767822AB3A5.jpeg?resize=626%2C300 626w, https:\/\/i0.wp.com\/blogdalucianaoliveira.com.br\/blog\/wp-content\/uploads\/2021\/04\/72DC6246-1981-4298-9E50-A767822AB3A5.jpeg?w=1200 1200w\" sizes=\"auto, (max-width: 600px) 100vw, 600px\" \/><\/figure>\n\n\n\n<p>CMP &#8211; Em mais uma a\u00e7\u00e3o para ajudar a amenizar os impactos do desemprego e da pandemia de covid-19 no dia a dia das fam\u00edlias em situa\u00e7\u00e3o de vulnerabilidade social, a Central de Movimentos Populares (CMP) e a Federa\u00e7\u00e3o \u00danica dos Petroleiros (FUP), por meio de Sindicatos dos Petroleiros nos estados, v\u00e3o promover uma a\u00e7\u00e3o solid\u00e1ria, nesta quinta-feira (29), com a venda de botij\u00e3o de g\u00e1s de cozinha a pre\u00e7o justo, em torno de 40 reais.<\/p>\n\n\n\n<!--more-->\n\n\n\n<p>A iniciativa tem tamb\u00e9m o objetivo de denunciar a privatiza\u00e7\u00e3o da Petrobras, fortalecer a luta por vacina j\u00e1 para toda a popula\u00e7\u00e3o, pela volta do aux\u00edlio emergencial no valor de 600 reais e pelo fora Bolsonaro.<\/p>\n\n\n\n<p>A a\u00e7\u00e3o acontecer\u00e1, simultaneamente, \u00e0s 14 horas dessa quinta-feira (29) em 11 cidades do Brasil, em bairros perif\u00e9ricos. Al\u00e9m da venda de botij\u00e3o de g\u00e1s a pre\u00e7o justo, ser\u00e3o distribu\u00eddas cestas b\u00e1sicas, verduras, legumes m\u00e1scaras de prote\u00e7\u00e3o e kits de higiene e limpeza.<\/p>\n\n\n\n<p>A a\u00e7\u00e3o conjunta da CMP e FUP acontece em um momento em que o pa\u00eds se aproxima dos 400 mil mortos por covid-19, j\u00e1 tem mais de 14 milh\u00f5es de contaminados, 14,3 milh\u00f5es de desempregados e um cen\u00e1rio de fome.<\/p>\n\n\n\n<p>Somado a isso, o governo de Jair Bolsonaro incentiva aglomera\u00e7\u00f5es, demora com a vacina\u00e7\u00e3o e desestimula as medidas de preven\u00e7\u00e3o \u00e0 doen\u00e7a.<\/p>\n\n\n\n<p>\u201cBolsonaro \u00e9 um genocida, tendo em vista que sabota medidas de combate \u00e0 covid-19, sendo respons\u00e1vel pela morte de quase 400 mil pessoas. Al\u00e9m disso, sua pol\u00edtica econ\u00f4mica \u00e9 respons\u00e1vel por milh\u00f5es de desempregados, e a redu\u00e7\u00e3o do aux\u00edlio emergencial joga o povo na pobreza. J\u00e1 s\u00e3o 19 milh\u00f5es passando fome. Desde o in\u00edcio da pandemia a CMP tem promovido diversas a\u00e7\u00f5es de solidariedade. Esta a\u00e7\u00e3o em parceria com a FUP \u00e9 mais uma importante iniciativa de fortalecimento do trabalho de base e solidariedade de classe\u201d, afirma Raimundo Bonfim, coordenador nacional da CMP.<\/p>\n\n\n\n<p>Com a redu\u00e7\u00e3o do aux\u00edlio emergencial, para um valor que vai de 150 a 375 reais, a alta do pre\u00e7o dos alimentos, a pol\u00edtica da Petrobras de acompanhar o pre\u00e7o de importa\u00e7\u00e3o, que provoca constantes aumentos de pre\u00e7os dos combust\u00edveis, ficou ainda mais dif\u00edcil para as fam\u00edlias mais pobres comprarem o g\u00e1s de cozinha e se alimentarem.<\/p>\n\n\n\n<p>Atualmente o pre\u00e7o do botij\u00e3o cheio custa, em m\u00e9dia, 90 reais. H\u00e1 locais em que chega a custar mais de 100 reais.<\/p>\n\n\n\n<p>\u201cEm meio a pandemia da covid-19, gestos como este s\u00e3o de extrema necessidade para amenizar um pouco o problema da fome que atinge milhares de brasileiros. Essas a\u00e7\u00f5es de luta e defesa da soberania alimentar e da dignidade do nosso povo fortalecem o elo entre o movimento sindical e os movimentos populares, visando a retomada da democracia no pa\u00eds. Em 2022, precisaremos estar unidos mais uma vez para eleger Lula e, assim, retomarmos os projetos de uma Petrobras a servi\u00e7o do povo e da soberania nacional.<\/p>\n\n\n\n<p>A FUP e seus sindicatos, desde o in\u00edcio da pandemia, t\u00eam realizado a\u00e7\u00f5es de venda de botij\u00e3o de g\u00e1s e combust\u00edveis a pre\u00e7o justo, assim como distribui\u00e7\u00e3o de alimentos cestas b\u00e1sicas, materiais de limpeza e de prote\u00e7\u00e3o contra a covid-19\u201d, afirma Deayvid Bacelar, coordenador geral da FUP.<\/p>\n\n\n\n<p>Em Porto Velho, a a\u00e7\u00e3o solid\u00e1ria ser\u00e1 no dia 29\/ das 14 h \u00e0s 18 horas na Ocupa\u00e7\u00e3o Maravilha II. <br>As fam\u00edlias poder\u00e3o comprar pela metade do pre\u00e7o o botij\u00e3o de g\u00e1s e tamb\u00e9m ser\u00e3o beneficiadas com m\u00e1scaras e alimentos.<\/p>\n\n\n\n<p><\/p>\n","protected":false},"excerpt":{"rendered":"<p>CMP &#8211; Em mais uma a\u00e7\u00e3o para ajudar a amenizar os impactos do desemprego e da pandemia de covid-19 no dia a dia das fam\u00edlias em situa\u00e7\u00e3o de vulnerabilidade social, a Central de Movimentos Populares (CMP) e a Federa\u00e7\u00e3o \u00danica dos Petroleiros (FUP), por meio de Sindicatos dos Petroleiros nos estados, v\u00e3o promover uma a\u00e7\u00e3o&#8230;<a class=\"more-link\" href=\"http:\/\/blogdalucianaoliveira.com.br\/blog\/2021\/04\/27\/nesta-quinta-central-de-movimentos-populares-e-fup-venderao-botijao-de-gas-a-cerca-de-r-40\/\">Continue a leitura <span class=\"meta-nav\">&raquo;<\/span><\/a><\/p>\n","protected":false},"author":1,"featured_media":0,"comment_status":"closed","ping_status":"open","sticky":false,"template":"","format":"standard","meta":{"_exactmetrics_skip_tracking":false,"_exactmetrics_sitenote_active":false,"_exactmetrics_sitenote_note":"","_exactmetrics_sitenote_category":0,"jetpack_post_was_ever_published":false,"_jetpack_newsletter_access":"","_jetpack_dont_email_post_to_subs":false,"_jetpack_newsletter_tier_id":0,"_jetpack_memberships_contains_paywalled_content":false,"_jetpack_memberships_contains_paid_content":false,"footnotes":"","jetpack_publicize_message":"","jetpack_publicize_feature_enabled":true,"jetpack_social_post_already_shared":true,"jetpack_social_options":{"image_generator_settings":{"template":"highway","enabled":false},"version":2}},"categories":[1],"tags":[],"class_list":["post-31719","post","type-post","status-publish","format-standard","hentry","category-notas"],"jetpack_publicize_connections":[],"jetpack_sharing_enabled":true,"jetpack_featured_media_url":"","jetpack_shortlink":"https:\/\/wp.me\/p7wKYW-8fB","jetpack-related-posts":[],"_links":{"self":[{"href":"http:\/\/blogdalucianaoliveira.com.br\/blog\/wp-json\/wp\/v2\/posts\/31719","targetHints":{"allow":["GET"]}}],"collection":[{"href":"http:\/\/blogdalucianaoliveira.com.br\/blog\/wp-json\/wp\/v2\/posts"}],"about":[{"href":"http:\/\/blogdalucianaoliveira.com.br\/blog\/wp-json\/wp\/v2\/types\/post"}],"author":[{"embeddable":true,"href":"http:\/\/blogdalucianaoliveira.com.br\/blog\/wp-json\/wp\/v2\/users\/1"}],"replies":[{"embeddable":true,"href":"http:\/\/blogdalucianaoliveira.com.br\/blog\/wp-json\/wp\/v2\/comments?post=31719"}],"version-history":[{"count":1,"href":"http:\/\/blogdalucianaoliveira.com.br\/blog\/wp-json\/wp\/v2\/posts\/31719\/revisions"}],"predecessor-version":[{"id":31721,"href":"http:\/\/blogdalucianaoliveira.com.br\/blog\/wp-json\/wp\/v2\/posts\/31719\/revisions\/31721"}],"wp:attachment":[{"href":"http:\/\/blogdalucianaoliveira.com.br\/blog\/wp-json\/wp\/v2\/media?parent=31719"}],"wp:term":[{"taxonomy":"category","embeddable":true,"href":"http:\/\/blogdalucianaoliveira.com.br\/blog\/wp-json\/wp\/v2\/categories?post=31719"},{"taxonomy":"post_tag","embeddable":true,"href":"http:\/\/blogdalucianaoliveira.com.br\/blog\/wp-json\/wp\/v2\/tags?post=31719"}],"curies":[{"name":"wp","href":"https:\/\/api.w.org\/{rel}","templated":true}]}}