{"id":31722,"date":"2021-04-27T18:11:31","date_gmt":"2021-04-27T22:11:31","guid":{"rendered":"http:\/\/blogdalucianaoliveira.com.br\/blog\/?p=31722"},"modified":"2021-04-27T18:11:37","modified_gmt":"2021-04-27T22:11:37","slug":"brasil-ja-projeta-terceira-onda-da-covid-19-com-estados-baixando-guarda-no-mes-mais-mortal-da-pandemia","status":"publish","type":"post","link":"http:\/\/blogdalucianaoliveira.com.br\/blog\/2021\/04\/27\/brasil-ja-projeta-terceira-onda-da-covid-19-com-estados-baixando-guarda-no-mes-mais-mortal-da-pandemia\/","title":{"rendered":"Brasil j\u00e1 projeta terceira onda da covid-19 com Estados baixando guarda no m\u00eas mais mortal da pandemia"},"content":{"rendered":"\n<figure class=\"wp-block-image size-large\"><img data-recalc-dims=\"1\" loading=\"lazy\" decoding=\"async\" width=\"600\" height=\"400\" data-attachment-id=\"31723\" data-permalink=\"http:\/\/blogdalucianaoliveira.com.br\/blog\/2021\/04\/27\/brasil-ja-projeta-terceira-onda-da-covid-19-com-estados-baixando-guarda-no-mes-mais-mortal-da-pandemia\/bc959ea0-93be-4ff1-a250-fd4603a3018b\/\" data-orig-file=\"https:\/\/i0.wp.com\/blogdalucianaoliveira.com.br\/blog\/wp-content\/uploads\/2021\/04\/BC959EA0-93BE-4FF1-A250-FD4603A3018B.jpeg?fit=828%2C552\" data-orig-size=\"828,552\" data-comments-opened=\"0\" data-image-meta=\"{&quot;aperture&quot;:&quot;0&quot;,&quot;credit&quot;:&quot;&quot;,&quot;camera&quot;:&quot;&quot;,&quot;caption&quot;:&quot;&quot;,&quot;created_timestamp&quot;:&quot;0&quot;,&quot;copyright&quot;:&quot;&quot;,&quot;focal_length&quot;:&quot;0&quot;,&quot;iso&quot;:&quot;0&quot;,&quot;shutter_speed&quot;:&quot;0&quot;,&quot;title&quot;:&quot;&quot;,&quot;orientation&quot;:&quot;0&quot;}\" data-image-title=\"BC959EA0-93BE-4FF1-A250-FD4603A3018B\" data-image-description=\"\" data-image-caption=\"\" data-medium-file=\"https:\/\/i0.wp.com\/blogdalucianaoliveira.com.br\/blog\/wp-content\/uploads\/2021\/04\/BC959EA0-93BE-4FF1-A250-FD4603A3018B.jpeg?fit=300%2C200\" data-large-file=\"https:\/\/i0.wp.com\/blogdalucianaoliveira.com.br\/blog\/wp-content\/uploads\/2021\/04\/BC959EA0-93BE-4FF1-A250-FD4603A3018B.jpeg?fit=600%2C400\" src=\"https:\/\/i0.wp.com\/blogdalucianaoliveira.com.br\/blog\/wp-content\/uploads\/2021\/04\/BC959EA0-93BE-4FF1-A250-FD4603A3018B.jpeg?resize=600%2C400\" alt=\"\" class=\"wp-image-31723\" srcset=\"https:\/\/i0.wp.com\/blogdalucianaoliveira.com.br\/blog\/wp-content\/uploads\/2021\/04\/BC959EA0-93BE-4FF1-A250-FD4603A3018B.jpeg?w=828 828w, https:\/\/i0.wp.com\/blogdalucianaoliveira.com.br\/blog\/wp-content\/uploads\/2021\/04\/BC959EA0-93BE-4FF1-A250-FD4603A3018B.jpeg?resize=300%2C200 300w, https:\/\/i0.wp.com\/blogdalucianaoliveira.com.br\/blog\/wp-content\/uploads\/2021\/04\/BC959EA0-93BE-4FF1-A250-FD4603A3018B.jpeg?resize=768%2C512 768w, https:\/\/i0.wp.com\/blogdalucianaoliveira.com.br\/blog\/wp-content\/uploads\/2021\/04\/BC959EA0-93BE-4FF1-A250-FD4603A3018B.jpeg?resize=450%2C300 450w\" sizes=\"auto, (max-width: 600px) 100vw, 600px\" \/><\/figure>\n\n\n\n<p>A chegada de uma terceira onda n\u00e3o \u00e9 quest\u00e3o de \u201cse\u201d, mas de \u201cquando\u201d, de acordo com pesquisadores. Baixa vacina\u00e7\u00e3o e flexibiliza\u00e7\u00e3o das restri\u00e7\u00f5es s\u00e3o apontados como fatores para novo pico no pa\u00eds, que tem mais de 70% da popula\u00e7\u00e3o suscet\u00edvel a se contaminar pelo v\u00edrus.<\/p>\n\n\n\n<!--more-->\n\n\n\n<p>El Pa\u00eds<\/p>\n\n\n\n<p>O Brasil vive em abril o momento mais dram\u00e1tico da pandemia de\u00a0<a rel=\"noreferrer noopener\" href=\"https:\/\/brasil.elpais.com\/noticias\/covid-19\/\" target=\"_blank\">covid-19<\/a>. Em apenas quatro meses, este j\u00e1 se tornou o ano mais letal desde o in\u00edcio da crise sanit\u00e1ria que j\u00e1 matou quase 400.000 pessoas \u2014sendo 3.086 nas \u00faltimas 24 horas, segundo dados do Conselho Nacional de Secret\u00e1rios de Sa\u00fade (Conass)divulgados nesta ter\u00e7a-feira. Na \u00faltima semana houve um pequeno alento, com a queda no n\u00famero de casos confirmados e \u00f3bitos no pa\u00eds provocados pelo novo coronav\u00edrus. Mas especialistas ouvidos pelo EL PA\u00cdS afirmam que ainda \u00e9 cedo para comemorar, e que a chegada de uma terceira onda n\u00e3o \u00e9 quest\u00e3o de \u201cse\u201d, mas de \u201cquando\u201d, especialmente \u00e0 medida em que os Estados come\u00e7am a suavizar as medidas de restri\u00e7\u00e3o respons\u00e1veis pela redu\u00e7\u00e3o dos n\u00fameros. Com a proximidade do Dia das M\u00e3es em 9 de maio \u2014uma das maiores datas para\u00a0<\/p>\n\n\n\n<p>o com\u00e9rcio e momento de confraterniza\u00e7\u00e3o e encontros\u2014 existe o temor de que ocorra uma alta dos casos e mortes como a verificada&nbsp;<a href=\"https:\/\/brasil.elpais.com\/brasil\/2021-01-04\/agravamento-da-pandemia-de-covid-19-se-impoe-no-brasil-nos-primeiros-dias-de-2021.html\" target=\"_blank\" rel=\"noreferrer noopener\">ap\u00f3s os feriados do final de ano em 2020<\/a>.<\/p>\n\n\n\n<p><a href=\"https:\/\/brasil.elpais.com\/brasil\/2021-04-16\/sao-paulo-flexibiliza-regras-da-quarentena-mesmo-com-hospitais-lotados-e-sem-kit-intubacao.html\" target=\"_blank\" rel=\"noreferrer noopener\">A flexibiliza\u00e7\u00e3o das medidas de restri\u00e7\u00e3o<\/a>, como ocorre em S\u00e3o Paulo, onde restaurantes, sal\u00f5es de beleza e academias puderam voltar a funcionar desde o fim de semana, \u00e9 vista como temer\u00e1ria por m\u00e9dicos e pesquisadores. \u201cAbril, que ainda nem acabou, j\u00e1 \u00e9 o m\u00eas mais letal de toda pandemia. E independentemente disso n\u00f3s estamos reabrindo as atividades novamente\u201d, afirma Rafael Lopes Paix\u00e3o da Silva, membro do&nbsp;<a href=\"https:\/\/covid19br.github.io\/\" target=\"_blank\" rel=\"noreferrer noopener\">Observat\u00f3rio Covid-19 BR<\/a>. Para o pesquisador, \u201cse a medida est\u00e1 dando certo \u00e9 preciso continuar com ela por algum tempo para que se tenha uma margem de seguran\u00e7a\u201d. Mas n\u00e3o \u00e9 o que ocorre: \u201cOs Governos veem uma leve queda na ocupa\u00e7\u00e3o dos hospitais e come\u00e7am a liberar de novo as atividades, isso \u00e9 desesperador\u201d. O m\u00e9dico epidemiologista Paulo Lotufo concorda. \u201cExiste um erro b\u00e1sico que \u00e9 usar como indicador [de reabertura das atividades e com\u00e9rcio] a taxa de ocupa\u00e7\u00e3o de UTI. Isso n\u00e3o \u00e9 um indicador epidemiol\u00f3gico, \u00e9 um indicador administrativo\u201d, afirma.<\/p>\n\n\n\n<p>O progn\u00f3stico vislumbrado para o pa\u00eds n\u00e3o \u00e9 bom. \u201c[Os n\u00fameros] devem cair um pouco ainda, e depois ocorrer\u00e1 uma nova subida. A quest\u00e3o \u00e9 qual ser\u00e1 a magnitude desta subida. Ningu\u00e9m imaginou, por exemplo, que essa&nbsp;<a href=\"https:\/\/brasil.elpais.com\/brasil\/2021-01-16\/aqui-em-manaus-nao-e-segunda-onda-e-o-tsunami-inteiro-que-nao-deixem-isso-acontecer-no-resto-do-pais.html\" target=\"_blank\" rel=\"noreferrer noopener\">segunda subida fosse t\u00e3o acentuada como foi<\/a>&nbsp;[este ano o pa\u00eds j\u00e1 registrou mais mortes por covid-19 do que em 2020]. Se as coisas continuarem como est\u00e3o, em julho j\u00e1 existe uma possibilidade de terceira onda\u201d, diz Lotufo, citando as aglomera\u00e7\u00f5es que devem ocorrer em fun\u00e7\u00e3o do Dia das M\u00e3es&nbsp;<a href=\"https:\/\/brasil.elpais.com\/brasil\/2021-03-20\/governo-gaucho-vai-reabrir-comercio-mesmo-com-hospitais-superlotados-e-fila-por-leito-de-uti.html\" target=\"_blank\" rel=\"noreferrer noopener\">aliadas \u00e0 flexibiliza\u00e7\u00e3o do isolamento<\/a>.<\/p>\n\n\n\n<p>A afirma\u00e7\u00e3o de Lotufo pode soar alarmista, mas \u00e9 compartilhada por outros estudiosos da pandemia. \u201cN\u00e3o existe raz\u00e3o para ficar aliviado. A queda dos n\u00fameros verificada na \u00faltima semana \u00e9 um processo natural de epidemia, vale para a dengue e v\u00e1rias outras. Mas ainda estamos em um patamar alt\u00edssimo. Se relaxarmos demais essa queda pode se tornar um plat\u00f4, e pode inclusive ocorrer uma revers\u00e3o da queda\u201d, afirma Leonardo Bastos, pesquisador da Funda\u00e7\u00e3o Oswaldo Cruz, a Fiocruz. Ele diz n\u00e3o ser poss\u00edvel precisar at\u00e9 onde os n\u00fameros ir\u00e3o baixar antes de se estabilizar. \u201cE a\u00ed o relaxamento [das medidas de restri\u00e7\u00e3o] ou novas variantes podem levar a um novo surto. N\u00e3o \u00e9 uma quest\u00e3o de \u2018se\u2019, mas de \u2018quando\u2019 isso vai acontecer. Pode ser uma onda pequena ou grande, nacional ou focada em alguns Estados. Depende muito da realidade de cada local e das pol\u00edticas que foram adotadas. Ou que n\u00e3o foram\u201d.<\/p>\n\n\n\n<h3 class=\"wp-block-heading\">O atraso da vacina\u00e7\u00e3o de grupos priorit\u00e1rios<\/h3>\n\n\n\n<p><a rel=\"noreferrer noopener\" href=\"https:\/\/brasil.elpais.com\/brasil\/2021-04-20\/de-fake-news-a-desigualdade-o-que-leva-brasileiros-a-nao-voltarem-para-tomar-a-segunda-dose-da-vacina.html\" target=\"_blank\">O lento andamento do processo vacinal<\/a>\u00a0no pa\u00eds tamb\u00e9m \u00e9 outro fator que pode fazer com que uma terceira onda no pa\u00eds seja t\u00e3o letal ou mais do que a segunda. Na semana passada o ministro da Sa\u00fade, Marcelo Queiroga, afirmou que o t\u00e9rmino da imuniza\u00e7\u00e3o dos grupos priorit\u00e1rios deve ocorrer apenas em setembro. A previs\u00e3o inicial, feita por seu antecessor\u00a0<a rel=\"noreferrer noopener\" href=\"https:\/\/brasil.elpais.com\/noticias\/eduardo-pazuello\/\" target=\"_blank\">Eduardo Pazuello<\/a>, era finalizar esta etapa ainda em maio. \u201cSe tiv\u00e9ssemos mais celeridade na vacina\u00e7\u00e3o ter\u00edamos uma pr\u00f3xima onda com n\u00famero de \u00f3bitos e hospitaliza\u00e7\u00f5es bem menor. E se a popula\u00e7\u00e3o mais vulner\u00e1vel [inclu\u00edda no grupo priorit\u00e1rio] estivesse protegida, as chances de termos muitas mortes e casos graves tamb\u00e9m cairia\u201d, afirma Bastos, da Fiocruz.<\/p>\n\n\n\n<p>Mas mesmo caso o cronograma dos grupos priorit\u00e1rios tivesse se mantido, n\u00e3o seria o suficiente para barrar uma nova onda. \u201cS\u00f3 vacinar os priorit\u00e1rios n\u00e3o \u00e9 o suficiente, voc\u00ea reduz os \u00f3bitos mas n\u00e3o zera, e n\u00e3o impede o colapso do sistema de sa\u00fade\u201d, diz Isaac Schrarstzhaupt, Coordenador na Rede An\u00e1lise Covid-19. \u201cA estrat\u00e9gia precisa ser dupla. Vacinar e reduzir a taxa de transmiss\u00e3o. \u00c9 poss\u00edvel evitar uma terceira onda com medidas n\u00e3o farmacol\u00f3gicas [vacinas], ainda que no Brasil isso n\u00e3o tenha sido feito\u201d, afirma. Ele cita como exemplo a Nova Zel\u00e2ndia, onde as medidas de fechamento e restri\u00e7\u00e3o s\u00e3o implementadas \u00e0 medida em que a velocidade de transmiss\u00e3o aumenta.<\/p>\n\n\n\n<p>A escassez de imunizantes contar\u00e1 ainda com um outro fator n\u00e3o previsto durante a segunda onda. \u201cA expectativa de mais vacinas \u00e9 cada vez menor.&nbsp;<a href=\"https:\/\/brasil.elpais.com\/internacional\/2021-04-27\/excesso-de-confianca-e-nova-variante-fazem-pandemia-escapar-ao-controle-na-india.html\" target=\"_blank\" rel=\"noreferrer noopener\">Com a explos\u00e3o dos casos na \u00cdndia<\/a>, eles agora v\u00e3o deixar de exportar seus imunizantes e insumos para outros pa\u00edses, e, inclusive v\u00e3o entrar no processo de compra de vacinas pesadamente. N\u00e3o estou vendo muita sa\u00edda\u201d, diz o epidemiologista Lotufo. \u201cEstamos com padr\u00e3o de vacina\u00e7\u00e3o muito baixo. O ideal \u00e9 que tiv\u00e9ssemos entre 25% e 30%, a\u00ed ter\u00edamos uma acomoda\u00e7\u00e3o bem melhor\u201d, diz. \u201cSe voc\u00ea analisar a letalidade da doen\u00e7a, que gira em torno de 1% e j\u00e1 matou quase 400.000 pessoas, deve haver praticamente 40 milh\u00f5es de pessoas que j\u00e1 foram infectadas, ou seja, 25% dos brasileiros j\u00e1 tiveram a doen\u00e7a. Logo, quase tr\u00eas quartos da popula\u00e7\u00e3o ainda est\u00e3o suscet\u00edveis a contrair o v\u00edrus. \u00c9 muita gente.\u201d<\/p>\n\n\n\n<p>As diretrizes do Governo com rela\u00e7\u00e3o \u00e0 vacina\u00e7\u00e3o tamb\u00e9m s\u00e3o conflitantes: inicialmente o Minist\u00e9rio da Sa\u00fade havia determinado que n\u00e3o fosse feita a reserva da segunda dose, tendo em vista que segundo o planejamento inicial \u2014e que foi revisado para baixo in\u00fameras vezes\u2014 haveria suprimento para abastecer os Estados. Agora, \u00e0 medida que v\u00e1rias capitais s\u00e3o obrigadas a suspender a vacina\u00e7\u00e3o de primeira e segunda dose por falta de imunizante, a pasta voltou atr\u00e1s: o ministro Queiroga informou que a nova recomenda\u00e7\u00e3o \u00e9 de que seja feita a reserva, tendo em vista os atrasos no fornecimento de insumos e imunizantes.<\/p>\n","protected":false},"excerpt":{"rendered":"<p>A chegada de uma terceira onda n\u00e3o \u00e9 quest\u00e3o de \u201cse\u201d, mas de \u201cquando\u201d, de acordo com pesquisadores. Baixa vacina\u00e7\u00e3o e flexibiliza\u00e7\u00e3o das restri\u00e7\u00f5es s\u00e3o apontados como fatores para novo pico no pa\u00eds, que tem mais de 70% da popula\u00e7\u00e3o suscet\u00edvel a se contaminar pelo v\u00edrus.<\/p>\n","protected":false},"author":1,"featured_media":0,"comment_status":"closed","ping_status":"open","sticky":false,"template":"","format":"standard","meta":{"_exactmetrics_skip_tracking":false,"_exactmetrics_sitenote_active":false,"_exactmetrics_sitenote_note":"","_exactmetrics_sitenote_category":0,"jetpack_post_was_ever_published":false,"_jetpack_newsletter_access":"","_jetpack_dont_email_post_to_subs":false,"_jetpack_newsletter_tier_id":0,"_jetpack_memberships_contains_paywalled_content":false,"_jetpack_memberships_contains_paid_content":false,"footnotes":"","jetpack_publicize_message":"","jetpack_publicize_feature_enabled":true,"jetpack_social_post_already_shared":true,"jetpack_social_options":{"image_generator_settings":{"template":"highway","enabled":false},"version":2}},"categories":[1],"tags":[],"class_list":["post-31722","post","type-post","status-publish","format-standard","hentry","category-notas"],"jetpack_publicize_connections":[],"jetpack_sharing_enabled":true,"jetpack_featured_media_url":"","jetpack_shortlink":"https:\/\/wp.me\/p7wKYW-8fE","jetpack-related-posts":[],"_links":{"self":[{"href":"http:\/\/blogdalucianaoliveira.com.br\/blog\/wp-json\/wp\/v2\/posts\/31722","targetHints":{"allow":["GET"]}}],"collection":[{"href":"http:\/\/blogdalucianaoliveira.com.br\/blog\/wp-json\/wp\/v2\/posts"}],"about":[{"href":"http:\/\/blogdalucianaoliveira.com.br\/blog\/wp-json\/wp\/v2\/types\/post"}],"author":[{"embeddable":true,"href":"http:\/\/blogdalucianaoliveira.com.br\/blog\/wp-json\/wp\/v2\/users\/1"}],"replies":[{"embeddable":true,"href":"http:\/\/blogdalucianaoliveira.com.br\/blog\/wp-json\/wp\/v2\/comments?post=31722"}],"version-history":[{"count":1,"href":"http:\/\/blogdalucianaoliveira.com.br\/blog\/wp-json\/wp\/v2\/posts\/31722\/revisions"}],"predecessor-version":[{"id":31724,"href":"http:\/\/blogdalucianaoliveira.com.br\/blog\/wp-json\/wp\/v2\/posts\/31722\/revisions\/31724"}],"wp:attachment":[{"href":"http:\/\/blogdalucianaoliveira.com.br\/blog\/wp-json\/wp\/v2\/media?parent=31722"}],"wp:term":[{"taxonomy":"category","embeddable":true,"href":"http:\/\/blogdalucianaoliveira.com.br\/blog\/wp-json\/wp\/v2\/categories?post=31722"},{"taxonomy":"post_tag","embeddable":true,"href":"http:\/\/blogdalucianaoliveira.com.br\/blog\/wp-json\/wp\/v2\/tags?post=31722"}],"curies":[{"name":"wp","href":"https:\/\/api.w.org\/{rel}","templated":true}]}}