{"id":31725,"date":"2021-04-27T18:36:16","date_gmt":"2021-04-27T22:36:16","guid":{"rendered":"http:\/\/blogdalucianaoliveira.com.br\/blog\/?p=31725"},"modified":"2021-04-27T19:08:50","modified_gmt":"2021-04-27T23:08:50","slug":"mostra-musical-traz-vida-e-obra-de-zezinho-maranhao","status":"publish","type":"post","link":"http:\/\/blogdalucianaoliveira.com.br\/blog\/2021\/04\/27\/mostra-musical-traz-vida-e-obra-de-zezinho-maranhao\/","title":{"rendered":"Mostra Musical traz vida e obra de Zezinho Maranh\u00e3o"},"content":{"rendered":"\n<figure class=\"wp-block-image size-large\"><img data-recalc-dims=\"1\" loading=\"lazy\" decoding=\"async\" width=\"600\" height=\"642\" data-attachment-id=\"31726\" data-permalink=\"http:\/\/blogdalucianaoliveira.com.br\/blog\/2021\/04\/27\/mostra-musical-traz-vida-e-obra-de-zezinho-maranhao\/zezinho\/\" data-orig-file=\"https:\/\/i0.wp.com\/blogdalucianaoliveira.com.br\/blog\/wp-content\/uploads\/2021\/04\/zezinho.jpg?fit=700%2C749\" data-orig-size=\"700,749\" data-comments-opened=\"0\" data-image-meta=\"{&quot;aperture&quot;:&quot;0&quot;,&quot;credit&quot;:&quot;&quot;,&quot;camera&quot;:&quot;&quot;,&quot;caption&quot;:&quot;&quot;,&quot;created_timestamp&quot;:&quot;0&quot;,&quot;copyright&quot;:&quot;&quot;,&quot;focal_length&quot;:&quot;0&quot;,&quot;iso&quot;:&quot;0&quot;,&quot;shutter_speed&quot;:&quot;0&quot;,&quot;title&quot;:&quot;&quot;,&quot;orientation&quot;:&quot;0&quot;}\" data-image-title=\"zezinho\" data-image-description=\"\" data-image-caption=\"\" data-medium-file=\"https:\/\/i0.wp.com\/blogdalucianaoliveira.com.br\/blog\/wp-content\/uploads\/2021\/04\/zezinho.jpg?fit=280%2C300\" data-large-file=\"https:\/\/i0.wp.com\/blogdalucianaoliveira.com.br\/blog\/wp-content\/uploads\/2021\/04\/zezinho.jpg?fit=600%2C642\" src=\"https:\/\/i0.wp.com\/blogdalucianaoliveira.com.br\/blog\/wp-content\/uploads\/2021\/04\/zezinho.jpg?resize=600%2C642&#038;ssl=1\" alt=\"\" class=\"wp-image-31726\" srcset=\"https:\/\/i0.wp.com\/blogdalucianaoliveira.com.br\/blog\/wp-content\/uploads\/2021\/04\/zezinho.jpg?w=700 700w, https:\/\/i0.wp.com\/blogdalucianaoliveira.com.br\/blog\/wp-content\/uploads\/2021\/04\/zezinho.jpg?resize=280%2C300 280w\" sizes=\"auto, (max-width: 600px) 100vw, 600px\" \/><\/figure>\n\n\n\n<p>Ser\u00e3o tr\u00eas apresenta\u00e7\u00f5es, nesta quarta, quinta e sexta, a partir das 20 horas, transmitidas no canal no Youtube da Cantad\u00f4 Produ\u00e7\u00f5es.<\/p>\n\n\n\n<p>O projeto foi contemplado no Edital N\u00ba 80\/2020\/SEJUCEL &#8211; CODEC \u2013 Lei Federal N\u00ba 14.017\/2020 (Lei Aldir Blanc).<\/p>\n\n\n\n<!--more-->\n\n\n\n<p>A mostra musical \u00e9 baseada na vida e obra de Zezinho Maranh\u00e3o, compositor e cantor regional falecido em 2013, que transitou por v\u00e1rios ritmos e deixou uma vasta e valiosa obra de amor \u00e0s coisas boas e belas da Amaz\u00f4nia e de Porto Velho, onde morava.<\/p>\n\n\n\n<p>A inten\u00e7\u00e3o \u00e9 contar e cantar para manter viva a mem\u00f3ria de um dos mais talentosos e populares cancioneiros de Rond\u00f4nia. <br><\/p>\n\n\n\n<figure class=\"wp-block-image size-large\"><img loading=\"lazy\" decoding=\"async\" width=\"1280\" height=\"853\" data-attachment-id=\"31731\" data-permalink=\"http:\/\/blogdalucianaoliveira.com.br\/blog\/2021\/04\/27\/mostra-musical-traz-vida-e-obra-de-zezinho-maranhao\/779080ee-4d7a-425d-b4e0-2921f03f377e\/\" data-orig-file=\"https:\/\/i0.wp.com\/blogdalucianaoliveira.com.br\/blog\/wp-content\/uploads\/2021\/04\/779080EE-4D7A-425D-B4E0-2921F03F377E.jpeg?fit=1280%2C853\" data-orig-size=\"1280,853\" data-comments-opened=\"0\" data-image-meta=\"{&quot;aperture&quot;:&quot;0&quot;,&quot;credit&quot;:&quot;&quot;,&quot;camera&quot;:&quot;&quot;,&quot;caption&quot;:&quot;&quot;,&quot;created_timestamp&quot;:&quot;0&quot;,&quot;copyright&quot;:&quot;&quot;,&quot;focal_length&quot;:&quot;0&quot;,&quot;iso&quot;:&quot;0&quot;,&quot;shutter_speed&quot;:&quot;0&quot;,&quot;title&quot;:&quot;&quot;,&quot;orientation&quot;:&quot;0&quot;}\" data-image-title=\"779080EE-4D7A-425D-B4E0-2921F03F377E\" data-image-description=\"\" data-image-caption=\"\" data-medium-file=\"https:\/\/i0.wp.com\/blogdalucianaoliveira.com.br\/blog\/wp-content\/uploads\/2021\/04\/779080EE-4D7A-425D-B4E0-2921F03F377E.jpeg?fit=300%2C200\" data-large-file=\"https:\/\/i0.wp.com\/blogdalucianaoliveira.com.br\/blog\/wp-content\/uploads\/2021\/04\/779080EE-4D7A-425D-B4E0-2921F03F377E.jpeg?fit=600%2C400\" src=\"https:\/\/i0.wp.com\/blogdalucianaoliveira.com.br\/blog\/wp-content\/uploads\/2021\/04\/779080EE-4D7A-425D-B4E0-2921F03F377E.jpeg?fit=600%2C400\" alt=\"\" class=\"wp-image-31731\" srcset=\"https:\/\/i0.wp.com\/blogdalucianaoliveira.com.br\/blog\/wp-content\/uploads\/2021\/04\/779080EE-4D7A-425D-B4E0-2921F03F377E.jpeg?w=1280 1280w, https:\/\/i0.wp.com\/blogdalucianaoliveira.com.br\/blog\/wp-content\/uploads\/2021\/04\/779080EE-4D7A-425D-B4E0-2921F03F377E.jpeg?resize=300%2C200 300w, https:\/\/i0.wp.com\/blogdalucianaoliveira.com.br\/blog\/wp-content\/uploads\/2021\/04\/779080EE-4D7A-425D-B4E0-2921F03F377E.jpeg?resize=1024%2C682 1024w, https:\/\/i0.wp.com\/blogdalucianaoliveira.com.br\/blog\/wp-content\/uploads\/2021\/04\/779080EE-4D7A-425D-B4E0-2921F03F377E.jpeg?resize=768%2C512 768w, https:\/\/i0.wp.com\/blogdalucianaoliveira.com.br\/blog\/wp-content\/uploads\/2021\/04\/779080EE-4D7A-425D-B4E0-2921F03F377E.jpeg?resize=450%2C300 450w, https:\/\/i0.wp.com\/blogdalucianaoliveira.com.br\/blog\/wp-content\/uploads\/2021\/04\/779080EE-4D7A-425D-B4E0-2921F03F377E.jpeg?w=1200 1200w\" sizes=\"auto, (max-width: 600px) 100vw, 600px\" \/><\/figure>\n\n\n\n<p>Para o compositor e cantor Z\u00e9 Miguel, a Mostra \u00e9 uma oportunidade de fazer Zezinho Maranh\u00e3o ser conhecido por todos.<\/p>\n\n\n\n<figure class=\"wp-block-image size-large\"><img data-recalc-dims=\"1\" loading=\"lazy\" decoding=\"async\" width=\"600\" height=\"600\" data-attachment-id=\"31728\" data-permalink=\"http:\/\/blogdalucianaoliveira.com.br\/blog\/2021\/04\/27\/mostra-musical-traz-vida-e-obra-de-zezinho-maranhao\/zei\/\" data-orig-file=\"https:\/\/i0.wp.com\/blogdalucianaoliveira.com.br\/blog\/wp-content\/uploads\/2021\/04\/zei.jpg?fit=960%2C960\" data-orig-size=\"960,960\" data-comments-opened=\"0\" data-image-meta=\"{&quot;aperture&quot;:&quot;0&quot;,&quot;credit&quot;:&quot;&quot;,&quot;camera&quot;:&quot;&quot;,&quot;caption&quot;:&quot;&quot;,&quot;created_timestamp&quot;:&quot;0&quot;,&quot;copyright&quot;:&quot;&quot;,&quot;focal_length&quot;:&quot;0&quot;,&quot;iso&quot;:&quot;0&quot;,&quot;shutter_speed&quot;:&quot;0&quot;,&quot;title&quot;:&quot;&quot;,&quot;orientation&quot;:&quot;0&quot;}\" data-image-title=\"zei\" data-image-description=\"\" data-image-caption=\"\" data-medium-file=\"https:\/\/i0.wp.com\/blogdalucianaoliveira.com.br\/blog\/wp-content\/uploads\/2021\/04\/zei.jpg?fit=300%2C300\" data-large-file=\"https:\/\/i0.wp.com\/blogdalucianaoliveira.com.br\/blog\/wp-content\/uploads\/2021\/04\/zei.jpg?fit=600%2C600\" src=\"https:\/\/i0.wp.com\/blogdalucianaoliveira.com.br\/blog\/wp-content\/uploads\/2021\/04\/zei.jpg?resize=600%2C600&#038;ssl=1\" alt=\"\" class=\"wp-image-31728\" srcset=\"https:\/\/i0.wp.com\/blogdalucianaoliveira.com.br\/blog\/wp-content\/uploads\/2021\/04\/zei.jpg?w=960 960w, https:\/\/i0.wp.com\/blogdalucianaoliveira.com.br\/blog\/wp-content\/uploads\/2021\/04\/zei.jpg?resize=300%2C300 300w, https:\/\/i0.wp.com\/blogdalucianaoliveira.com.br\/blog\/wp-content\/uploads\/2021\/04\/zei.jpg?resize=150%2C150 150w, https:\/\/i0.wp.com\/blogdalucianaoliveira.com.br\/blog\/wp-content\/uploads\/2021\/04\/zei.jpg?resize=768%2C768 768w\" sizes=\"auto, (max-width: 600px) 100vw, 600px\" \/><\/figure>\n\n\n\n<p><br>Canal da Cantad\u00f4 Produ\u00e7\u00f5es:  <a href=\"https:\/\/www.youtube.com\/channel\/UCOXru5SKbyhTgpWt26Vbb1g\">https:\/\/www.youtube.com\/channel\/UCOXru5SKbyhTgpWt26Vbb1g<\/a><\/p>\n","protected":false},"excerpt":{"rendered":"<p>Ser\u00e3o tr\u00eas apresenta\u00e7\u00f5es, nesta quarta, quinta e sexta, a partir das 20 horas, transmitidas no canal no Youtube da Cantad\u00f4 Produ\u00e7\u00f5es. O projeto foi contemplado no Edital N\u00ba 80\/2020\/SEJUCEL &#8211; CODEC \u2013 Lei Federal N\u00ba 14.017\/2020 (Lei Aldir Blanc).<\/p>\n","protected":false},"author":1,"featured_media":0,"comment_status":"closed","ping_status":"open","sticky":false,"template":"","format":"standard","meta":{"_exactmetrics_skip_tracking":false,"_exactmetrics_sitenote_active":false,"_exactmetrics_sitenote_note":"","_exactmetrics_sitenote_category":0,"jetpack_post_was_ever_published":false,"_jetpack_newsletter_access":"","_jetpack_dont_email_post_to_subs":false,"_jetpack_newsletter_tier_id":0,"_jetpack_memberships_contains_paywalled_content":false,"_jetpack_memberships_contains_paid_content":false,"footnotes":"","jetpack_publicize_message":"","jetpack_publicize_feature_enabled":true,"jetpack_social_post_already_shared":true,"jetpack_social_options":{"image_generator_settings":{"template":"highway","enabled":false},"version":2}},"categories":[1],"tags":[510,509,508],"class_list":["post-31725","post","type-post","status-publish","format-standard","hentry","category-notas","tag-cantado","tag-mostra","tag-zezinho-maranhao"],"jetpack_publicize_connections":[],"jetpack_sharing_enabled":true,"jetpack_featured_media_url":"","jetpack_shortlink":"https:\/\/wp.me\/p7wKYW-8fH","jetpack-related-posts":[],"_links":{"self":[{"href":"http:\/\/blogdalucianaoliveira.com.br\/blog\/wp-json\/wp\/v2\/posts\/31725","targetHints":{"allow":["GET"]}}],"collection":[{"href":"http:\/\/blogdalucianaoliveira.com.br\/blog\/wp-json\/wp\/v2\/posts"}],"about":[{"href":"http:\/\/blogdalucianaoliveira.com.br\/blog\/wp-json\/wp\/v2\/types\/post"}],"author":[{"embeddable":true,"href":"http:\/\/blogdalucianaoliveira.com.br\/blog\/wp-json\/wp\/v2\/users\/1"}],"replies":[{"embeddable":true,"href":"http:\/\/blogdalucianaoliveira.com.br\/blog\/wp-json\/wp\/v2\/comments?post=31725"}],"version-history":[{"count":3,"href":"http:\/\/blogdalucianaoliveira.com.br\/blog\/wp-json\/wp\/v2\/posts\/31725\/revisions"}],"predecessor-version":[{"id":31732,"href":"http:\/\/blogdalucianaoliveira.com.br\/blog\/wp-json\/wp\/v2\/posts\/31725\/revisions\/31732"}],"wp:attachment":[{"href":"http:\/\/blogdalucianaoliveira.com.br\/blog\/wp-json\/wp\/v2\/media?parent=31725"}],"wp:term":[{"taxonomy":"category","embeddable":true,"href":"http:\/\/blogdalucianaoliveira.com.br\/blog\/wp-json\/wp\/v2\/categories?post=31725"},{"taxonomy":"post_tag","embeddable":true,"href":"http:\/\/blogdalucianaoliveira.com.br\/blog\/wp-json\/wp\/v2\/tags?post=31725"}],"curies":[{"name":"wp","href":"https:\/\/api.w.org\/{rel}","templated":true}]}}