{"id":31733,"date":"2021-04-28T07:25:51","date_gmt":"2021-04-28T11:25:51","guid":{"rendered":"http:\/\/blogdalucianaoliveira.com.br\/blog\/?p=31733"},"modified":"2021-04-28T07:25:56","modified_gmt":"2021-04-28T11:25:56","slug":"documentario-encontro-das-aguas-sera-lancado-hoje","status":"publish","type":"post","link":"http:\/\/blogdalucianaoliveira.com.br\/blog\/2021\/04\/28\/documentario-encontro-das-aguas-sera-lancado-hoje\/","title":{"rendered":"Document\u00e1rio \u201cEncontro das \u00c1guas\u201d ser\u00e1 lan\u00e7ado hoje"},"content":{"rendered":"\n<figure class=\"wp-block-image size-large\"><img loading=\"lazy\" decoding=\"async\" width=\"1080\" height=\"1080\" data-attachment-id=\"31734\" data-permalink=\"http:\/\/blogdalucianaoliveira.com.br\/blog\/2021\/04\/28\/documentario-encontro-das-aguas-sera-lancado-hoje\/063e11ce-fd1d-4871-aa37-84ee6d3c2d33\/\" data-orig-file=\"https:\/\/i0.wp.com\/blogdalucianaoliveira.com.br\/blog\/wp-content\/uploads\/2021\/04\/063E11CE-FD1D-4871-AA37-84EE6D3C2D33.jpeg?fit=1080%2C1080\" data-orig-size=\"1080,1080\" data-comments-opened=\"0\" data-image-meta=\"{&quot;aperture&quot;:&quot;0&quot;,&quot;credit&quot;:&quot;&quot;,&quot;camera&quot;:&quot;&quot;,&quot;caption&quot;:&quot;&quot;,&quot;created_timestamp&quot;:&quot;0&quot;,&quot;copyright&quot;:&quot;&quot;,&quot;focal_length&quot;:&quot;0&quot;,&quot;iso&quot;:&quot;0&quot;,&quot;shutter_speed&quot;:&quot;0&quot;,&quot;title&quot;:&quot;&quot;,&quot;orientation&quot;:&quot;0&quot;}\" data-image-title=\"063E11CE-FD1D-4871-AA37-84EE6D3C2D33\" data-image-description=\"\" data-image-caption=\"\" data-medium-file=\"https:\/\/i0.wp.com\/blogdalucianaoliveira.com.br\/blog\/wp-content\/uploads\/2021\/04\/063E11CE-FD1D-4871-AA37-84EE6D3C2D33.jpeg?fit=300%2C300\" data-large-file=\"https:\/\/i0.wp.com\/blogdalucianaoliveira.com.br\/blog\/wp-content\/uploads\/2021\/04\/063E11CE-FD1D-4871-AA37-84EE6D3C2D33.jpeg?fit=600%2C600\" src=\"https:\/\/i2.wp.com\/blogdalucianaoliveira.com.br\/blog\/wp-content\/uploads\/2021\/04\/063E11CE-FD1D-4871-AA37-84EE6D3C2D33.jpeg?fit=600%2C600\" alt=\"\" class=\"wp-image-31734\" srcset=\"https:\/\/i0.wp.com\/blogdalucianaoliveira.com.br\/blog\/wp-content\/uploads\/2021\/04\/063E11CE-FD1D-4871-AA37-84EE6D3C2D33.jpeg?w=1080 1080w, https:\/\/i0.wp.com\/blogdalucianaoliveira.com.br\/blog\/wp-content\/uploads\/2021\/04\/063E11CE-FD1D-4871-AA37-84EE6D3C2D33.jpeg?resize=300%2C300 300w, https:\/\/i0.wp.com\/blogdalucianaoliveira.com.br\/blog\/wp-content\/uploads\/2021\/04\/063E11CE-FD1D-4871-AA37-84EE6D3C2D33.jpeg?resize=1024%2C1024 1024w, https:\/\/i0.wp.com\/blogdalucianaoliveira.com.br\/blog\/wp-content\/uploads\/2021\/04\/063E11CE-FD1D-4871-AA37-84EE6D3C2D33.jpeg?resize=150%2C150 150w, https:\/\/i0.wp.com\/blogdalucianaoliveira.com.br\/blog\/wp-content\/uploads\/2021\/04\/063E11CE-FD1D-4871-AA37-84EE6D3C2D33.jpeg?resize=768%2C768 768w\" sizes=\"auto, (max-width: 600px) 100vw, 600px\" \/><\/figure>\n\n\n\n<p>O lan\u00e7amento  do document\u00e1rio experimental \u201cEncontro das \u00e1guas: o cotidiano de uma comunidade ribeirinha\u201d \u00e9 a partir das 20:30.<\/p>\n\n\n\n<p>Nas palavras do executor do projeto, Renato Fernandes Caetano, este document\u00e1rio experimental \u00e9 \u201cfruto das entrevistas gravadas e filmadas nesta comunidade, tendo como atores e protagonistas os pr\u00f3prios moradores, que, com seus relatos de vida, testemunham e s\u00e3o mem\u00f3rias vivas da comunidade.\u201d<\/p>\n\n\n\n<!--more-->\n\n\n\n<p>O document\u00e1rio \u00e9 uma forma de valoriza\u00e7\u00e3o sociocultural desta comunidade tradicional, que possui saberes e pr\u00e1ticas espec\u00edficas que precisam ser fortalecidas e registradas.<\/p>\n\n\n\n<p>Os membros do Coletivo Vozes e EnCantos Amaz\u00f4nicos vem desenvolvendo nos \u00faltimos 5 anos diversas pesquisas e interven\u00e7\u00f5es culturais na comunidade de S\u00e3o Carlos, no Baixo Madeira. Assim, \u201co document\u00e1rio \u00e9 uma maneira de retribuir todo o respeito, o carinho e o caloroso amor recebido dos moradores de S\u00e3o Carlos nestes anos de pesquisas e andan\u00e7as pela comunidade\u201d, destacou o professor e produtor cultural Renato Caetano.<\/p>\n\n\n\n<p>O document\u00e1rio foi idealizado e executado por Renato Fernandes Caetano (professor, pesquisador e produtor cultural), com a participa\u00e7\u00e3o dos demais membros do Coletivo Vozes e EnCantos Amaz\u00f4nicos, que \u00e9 formado por Bruno Cruz, Eva da Silva Alves, Jos\u00e9 Maiko Farias Amim, V\u00edtor Lucas Alves Cuelhar e Vit\u00f3ria Pauliane Mota de Souza.<\/p>\n\n\n\n<p>Servi\u00e7os<\/p>\n\n\n\n<p>\u2013 O qu\u00ea: Document\u00e1rio \u201cEncontro das \u00e1guas: o cotidiano de uma comunidade ribeirinha\u201d.<\/p>\n\n\n\n<p>\u2013 Data: 28 de abril de 2021 (quarta-feira)<\/p>\n\n\n\n<p>\u2013 Hora: 20h30min<\/p>\n\n\n\n<p>\u2013 Onde: Canal do Coletivo no Youtube: Coletivo Vozes e EnCantos Amaz\u00f4nicos<\/p>\n\n\n\n<p>\u2013 Acessibilidade: Int\u00e9rprete de Libras.<\/p>\n\n\n\n<p>Lei Aldir Blanc<\/p>\n\n\n\n<p>Este projeto foi fomentado com Recursos da Lei Aldir Blanc N\u00ba 14.017\/2020, por meio do Edital N\u00ba 78\/2020\/SEJUCEL-CODEC: 1\u00aa Edi\u00e7\u00e3o Jair Rangel \u201cPistolino\u201d do Edital de Chamamento P\u00fablico para Produ\u00e7\u00e3o Audiovisual, eixo V: Document\u00e1rio Experimental sobre Rond\u00f4nia.<\/p>\n\n\n\n<p>Autor: Jos\u00e9 Maiko Farias Amim<\/p>\n","protected":false},"excerpt":{"rendered":"<p>O lan\u00e7amento do document\u00e1rio experimental \u201cEncontro das \u00e1guas: o cotidiano de uma comunidade ribeirinha\u201d \u00e9 a partir das 20:30. Nas palavras do executor do projeto, Renato Fernandes Caetano, este document\u00e1rio experimental \u00e9 \u201cfruto das entrevistas gravadas e filmadas nesta comunidade, tendo como atores e protagonistas os pr\u00f3prios moradores, que, com seus relatos de vida, testemunham&#8230;<a class=\"more-link\" href=\"http:\/\/blogdalucianaoliveira.com.br\/blog\/2021\/04\/28\/documentario-encontro-das-aguas-sera-lancado-hoje\/\">Continue a leitura <span class=\"meta-nav\">&raquo;<\/span><\/a><\/p>\n","protected":false},"author":1,"featured_media":0,"comment_status":"closed","ping_status":"open","sticky":false,"template":"","format":"standard","meta":{"_exactmetrics_skip_tracking":false,"_exactmetrics_sitenote_active":false,"_exactmetrics_sitenote_note":"","_exactmetrics_sitenote_category":0,"jetpack_post_was_ever_published":false,"_jetpack_newsletter_access":"","_jetpack_dont_email_post_to_subs":false,"_jetpack_newsletter_tier_id":0,"_jetpack_memberships_contains_paywalled_content":false,"_jetpack_memberships_contains_paid_content":false,"footnotes":"","jetpack_publicize_message":"","jetpack_publicize_feature_enabled":true,"jetpack_social_post_already_shared":true,"jetpack_social_options":{"image_generator_settings":{"template":"highway","enabled":false},"version":2}},"categories":[1],"tags":[],"class_list":["post-31733","post","type-post","status-publish","format-standard","hentry","category-notas"],"jetpack_publicize_connections":[],"jetpack_sharing_enabled":true,"jetpack_featured_media_url":"","jetpack_shortlink":"https:\/\/wp.me\/p7wKYW-8fP","jetpack-related-posts":[],"_links":{"self":[{"href":"http:\/\/blogdalucianaoliveira.com.br\/blog\/wp-json\/wp\/v2\/posts\/31733","targetHints":{"allow":["GET"]}}],"collection":[{"href":"http:\/\/blogdalucianaoliveira.com.br\/blog\/wp-json\/wp\/v2\/posts"}],"about":[{"href":"http:\/\/blogdalucianaoliveira.com.br\/blog\/wp-json\/wp\/v2\/types\/post"}],"author":[{"embeddable":true,"href":"http:\/\/blogdalucianaoliveira.com.br\/blog\/wp-json\/wp\/v2\/users\/1"}],"replies":[{"embeddable":true,"href":"http:\/\/blogdalucianaoliveira.com.br\/blog\/wp-json\/wp\/v2\/comments?post=31733"}],"version-history":[{"count":1,"href":"http:\/\/blogdalucianaoliveira.com.br\/blog\/wp-json\/wp\/v2\/posts\/31733\/revisions"}],"predecessor-version":[{"id":31735,"href":"http:\/\/blogdalucianaoliveira.com.br\/blog\/wp-json\/wp\/v2\/posts\/31733\/revisions\/31735"}],"wp:attachment":[{"href":"http:\/\/blogdalucianaoliveira.com.br\/blog\/wp-json\/wp\/v2\/media?parent=31733"}],"wp:term":[{"taxonomy":"category","embeddable":true,"href":"http:\/\/blogdalucianaoliveira.com.br\/blog\/wp-json\/wp\/v2\/categories?post=31733"},{"taxonomy":"post_tag","embeddable":true,"href":"http:\/\/blogdalucianaoliveira.com.br\/blog\/wp-json\/wp\/v2\/tags?post=31733"}],"curies":[{"name":"wp","href":"https:\/\/api.w.org\/{rel}","templated":true}]}}