{"id":31736,"date":"2021-04-28T07:48:18","date_gmt":"2021-04-28T11:48:18","guid":{"rendered":"http:\/\/blogdalucianaoliveira.com.br\/blog\/?p=31736"},"modified":"2021-04-28T07:48:22","modified_gmt":"2021-04-28T11:48:22","slug":"bolsonaro-provocou-crise-epica-de-saude-publica-diz-reportagem-na-nature","status":"publish","type":"post","link":"http:\/\/blogdalucianaoliveira.com.br\/blog\/2021\/04\/28\/bolsonaro-provocou-crise-epica-de-saude-publica-diz-reportagem-na-nature\/","title":{"rendered":"Bolsonaro provocou \u201ccrise \u00e9pica de sa\u00fade p\u00fablica\u201d, diz reportagem na Nature"},"content":{"rendered":"\n<figure class=\"wp-block-image size-large\"><img data-recalc-dims=\"1\" loading=\"lazy\" decoding=\"async\" width=\"600\" height=\"445\" data-attachment-id=\"31737\" data-permalink=\"http:\/\/blogdalucianaoliveira.com.br\/blog\/2021\/04\/28\/bolsonaro-provocou-crise-epica-de-saude-publica-diz-reportagem-na-nature\/jairbolsonaro-palaciodaalvora-clorroquina-apoiadores-bandeira-ja\/\" data-orig-file=\"https:\/\/i0.wp.com\/blogdalucianaoliveira.com.br\/blog\/wp-content\/uploads\/2021\/04\/911044F6-2AED-4A06-B900-72B87AF6A031.jpeg?fit=868%2C644\" data-orig-size=\"868,644\" data-comments-opened=\"0\" data-image-meta=\"{&quot;aperture&quot;:&quot;8&quot;,&quot;credit&quot;:&quot;&quot;,&quot;camera&quot;:&quot;Canon EOS 5D Mark IV&quot;,&quot;caption&quot;:&quot;Presidente Jair Bolsonaro no jardim do Pal\\u00e1cio da Alvorada  alimentando as emas e mostranda a caixa do rem\\u00e9dio cloroquina para as emas, a mesma caixa que mostrou para os apoiadores no ultimo domingo 19\\\/07. S\\u00e9rgio Lima\\\/Poder360. 23.07.2020&quot;,&quot;created_timestamp&quot;:&quot;1595537818&quot;,&quot;copyright&quot;:&quot;&quot;,&quot;focal_length&quot;:&quot;420&quot;,&quot;iso&quot;:&quot;500&quot;,&quot;shutter_speed&quot;:&quot;0.005&quot;,&quot;title&quot;:&quot;JairBolsonaro-PalacioDaAlvora-Clorroquina-Apoiadores-Bandeira-Ja&quot;,&quot;orientation&quot;:&quot;0&quot;}\" data-image-title=\"JairBolsonaro-PalacioDaAlvora-Clorroquina-Apoiadores-Bandeira-Ja\" data-image-description=\"\" data-image-caption=\"&lt;p&gt;Presidente Jair Bolsonaro no jardim do Pal\u00e1cio da Alvorada  alimentando as emas e mostranda a caixa do rem\u00e9dio cloroquina para as emas, a mesma caixa que mostrou para os apoiadores no ultimo domingo 19\/07. S\u00e9rgio Lima\/Poder360. 23.07.2020&lt;\/p&gt;\n\" data-medium-file=\"https:\/\/i0.wp.com\/blogdalucianaoliveira.com.br\/blog\/wp-content\/uploads\/2021\/04\/911044F6-2AED-4A06-B900-72B87AF6A031.jpeg?fit=300%2C223\" data-large-file=\"https:\/\/i0.wp.com\/blogdalucianaoliveira.com.br\/blog\/wp-content\/uploads\/2021\/04\/911044F6-2AED-4A06-B900-72B87AF6A031.jpeg?fit=600%2C445\" src=\"https:\/\/i0.wp.com\/blogdalucianaoliveira.com.br\/blog\/wp-content\/uploads\/2021\/04\/911044F6-2AED-4A06-B900-72B87AF6A031.jpeg?resize=600%2C445\" alt=\"\" class=\"wp-image-31737\" srcset=\"https:\/\/i0.wp.com\/blogdalucianaoliveira.com.br\/blog\/wp-content\/uploads\/2021\/04\/911044F6-2AED-4A06-B900-72B87AF6A031.jpeg?w=868 868w, https:\/\/i0.wp.com\/blogdalucianaoliveira.com.br\/blog\/wp-content\/uploads\/2021\/04\/911044F6-2AED-4A06-B900-72B87AF6A031.jpeg?resize=300%2C223 300w, https:\/\/i0.wp.com\/blogdalucianaoliveira.com.br\/blog\/wp-content\/uploads\/2021\/04\/911044F6-2AED-4A06-B900-72B87AF6A031.jpeg?resize=768%2C570 768w, https:\/\/i0.wp.com\/blogdalucianaoliveira.com.br\/blog\/wp-content\/uploads\/2021\/04\/911044F6-2AED-4A06-B900-72B87AF6A031.jpeg?resize=404%2C300 404w\" sizes=\"auto, (max-width: 600px) 100vw, 600px\" \/><\/figure>\n\n\n\n<p><strong>NATURE<\/strong> &#8211; Brasil \u00e9 tema de revista cient\u00edfica. Postura do presidente \u00e9 criticada.<\/p>\n\n\n\n<!--more-->\n\n\n\n<p>A situa\u00e7\u00e3o do Brasil diante do avan\u00e7o da pandemia do novo coronav\u00edrus foi tema de uma&nbsp;<a href=\"https:\/\/www.nature.com\/articles\/d41586-021-01031-w\" target=\"_blank\" rel=\"noreferrer noopener\">reportagem<\/a>&nbsp;publicada nessa 3\u00aa feira (27.abr.2021) na prestigiada revista cient\u00edfica&nbsp;<a href=\"https:\/\/www.nature.com\/articles\/d41586-021-01031-w\"><em>Nature<\/em><\/a>, da Inglaterra.<\/p>\n\n\n\n<p>A publica\u00e7\u00e3o explora a rela\u00e7\u00e3o do governo comandado pelo presidente Jair Bolsonaro com os cientistas brasileiros e diz que o mandat\u00e1rio provocou uma\u00a0<em>\u201ccrise \u00e9pica de sa\u00fade p\u00fablica\u201d<\/em>. Eis a\u00a0<a href=\"https:\/\/static.poder360.com.br\/2021\/04\/nature-bolsonaro-27abr2021.pdf\">\u00edntegra<\/a>\u00a0(121 KB).<\/p>\n\n\n\n<p><em>\u201cBolsonaro, uma figura polarizadora que foi comparada ao ex-presidente dos Estados Unidos Donald Trump, vem contradizendo a opini\u00e3o cient\u00edfica desde o in\u00edcio da pandemia\u201d<\/em>, afirma a revista.<\/p>\n\n\n\n<p>A reportagem diz que o chefe do Executivo no Brasil minimizou a pandemia e cita declara\u00e7\u00e3o feita pelo presidente sobre a vacina da&nbsp;<a href=\"https:\/\/www.poder360.com.br\/tag\/pfizer\/\" target=\"_blank\" rel=\"noreferrer noopener\">Pfizer<\/a>, quando relacionou o uso do imunizante a efeitos colaterais graves, como se transformar em um&nbsp;<a href=\"https:\/\/www.poder360.com.br\/coronavirus\/bolsonaro-volta-a-criticar-vacinacao-obrigatoria-e-ironiza-vacina-da-china\/\" target=\"_blank\" rel=\"noreferrer noopener\">jacar\u00e9<\/a>:&nbsp;<em>\u201cSe voc\u00ea virar um jacar\u00e9, \u00e9 problema seu.\u201d,<\/em>disse em 17.dez.2020.<\/p>\n\n\n\n<p>No t\u00edtulo, a revista exp\u00f5e o trecho de uma declara\u00e7\u00e3o do virologista Mauricio Nogueira, da Faculdade de Medicina de S\u00e3o Jos\u00e9 do Rio Preto, que disse que os cientistas est\u00e3o sendo ignorados.<\/p>\n\n\n\n<p><em>\u201cTemos as ferramentas ou pelo menos a capacidade de ajudar o pa\u00eds, mas estamos sendo ignorados e n\u00e3o apoiados pelos l\u00edderes do pa\u00eds\u201d<\/em>, afirmou Nogueira.<\/p>\n\n\n\n<p>Al\u00e9m do virologista, a publica\u00e7\u00e3o entrevistou Jesem Orellana, pesquisador da Fiocruz (Funda\u00e7\u00e3o Oswaldo Cruz) na Amaz\u00f4nia, e a bi\u00f3loga Nat\u00e1lia Pasternak, do Instituto Quest\u00e3o de Ci\u00eancia.<\/p>\n","protected":false},"excerpt":{"rendered":"<p>NATURE &#8211; Brasil \u00e9 tema de revista cient\u00edfica. Postura do presidente \u00e9 criticada.<\/p>\n","protected":false},"author":1,"featured_media":0,"comment_status":"closed","ping_status":"open","sticky":false,"template":"","format":"standard","meta":{"_exactmetrics_skip_tracking":false,"_exactmetrics_sitenote_active":false,"_exactmetrics_sitenote_note":"","_exactmetrics_sitenote_category":0,"jetpack_post_was_ever_published":false,"_jetpack_newsletter_access":"","_jetpack_dont_email_post_to_subs":false,"_jetpack_newsletter_tier_id":0,"_jetpack_memberships_contains_paywalled_content":false,"_jetpack_memberships_contains_paid_content":false,"footnotes":"","jetpack_publicize_message":"","jetpack_publicize_feature_enabled":true,"jetpack_social_post_already_shared":true,"jetpack_social_options":{"image_generator_settings":{"template":"highway","enabled":false},"version":2}},"categories":[1],"tags":[],"class_list":["post-31736","post","type-post","status-publish","format-standard","hentry","category-notas"],"jetpack_publicize_connections":[],"jetpack_sharing_enabled":true,"jetpack_featured_media_url":"","jetpack_shortlink":"https:\/\/wp.me\/p7wKYW-8fS","jetpack-related-posts":[],"_links":{"self":[{"href":"http:\/\/blogdalucianaoliveira.com.br\/blog\/wp-json\/wp\/v2\/posts\/31736","targetHints":{"allow":["GET"]}}],"collection":[{"href":"http:\/\/blogdalucianaoliveira.com.br\/blog\/wp-json\/wp\/v2\/posts"}],"about":[{"href":"http:\/\/blogdalucianaoliveira.com.br\/blog\/wp-json\/wp\/v2\/types\/post"}],"author":[{"embeddable":true,"href":"http:\/\/blogdalucianaoliveira.com.br\/blog\/wp-json\/wp\/v2\/users\/1"}],"replies":[{"embeddable":true,"href":"http:\/\/blogdalucianaoliveira.com.br\/blog\/wp-json\/wp\/v2\/comments?post=31736"}],"version-history":[{"count":1,"href":"http:\/\/blogdalucianaoliveira.com.br\/blog\/wp-json\/wp\/v2\/posts\/31736\/revisions"}],"predecessor-version":[{"id":31738,"href":"http:\/\/blogdalucianaoliveira.com.br\/blog\/wp-json\/wp\/v2\/posts\/31736\/revisions\/31738"}],"wp:attachment":[{"href":"http:\/\/blogdalucianaoliveira.com.br\/blog\/wp-json\/wp\/v2\/media?parent=31736"}],"wp:term":[{"taxonomy":"category","embeddable":true,"href":"http:\/\/blogdalucianaoliveira.com.br\/blog\/wp-json\/wp\/v2\/categories?post=31736"},{"taxonomy":"post_tag","embeddable":true,"href":"http:\/\/blogdalucianaoliveira.com.br\/blog\/wp-json\/wp\/v2\/tags?post=31736"}],"curies":[{"name":"wp","href":"https:\/\/api.w.org\/{rel}","templated":true}]}}