{"id":31739,"date":"2021-04-28T07:54:21","date_gmt":"2021-04-28T11:54:21","guid":{"rendered":"http:\/\/blogdalucianaoliveira.com.br\/blog\/?p=31739"},"modified":"2021-04-28T07:54:26","modified_gmt":"2021-04-28T11:54:26","slug":"nunca-uma-cpi-comecou-com-tantos-sinais-de-crime","status":"publish","type":"post","link":"http:\/\/blogdalucianaoliveira.com.br\/blog\/2021\/04\/28\/nunca-uma-cpi-comecou-com-tantos-sinais-de-crime\/","title":{"rendered":"Nunca uma CPI come\u00e7ou com tantos sinais de crime"},"content":{"rendered":"\n<figure class=\"wp-block-image size-large\"><img data-recalc-dims=\"1\" loading=\"lazy\" decoding=\"async\" width=\"600\" height=\"400\" data-attachment-id=\"31740\" data-permalink=\"http:\/\/blogdalucianaoliveira.com.br\/blog\/2021\/04\/28\/nunca-uma-cpi-comecou-com-tantos-sinais-de-crime\/9d320652-6e5d-4b03-bb26-79db12883fe9\/\" data-orig-file=\"https:\/\/i0.wp.com\/blogdalucianaoliveira.com.br\/blog\/wp-content\/uploads\/2021\/04\/9D320652-6E5D-4B03-BB26-79DB12883FE9.jpeg?fit=828%2C552\" data-orig-size=\"828,552\" data-comments-opened=\"0\" data-image-meta=\"{&quot;aperture&quot;:&quot;0&quot;,&quot;credit&quot;:&quot;Pedro Fran\\u00e7a&quot;,&quot;camera&quot;:&quot;&quot;,&quot;caption&quot;:&quot;&quot;,&quot;created_timestamp&quot;:&quot;0&quot;,&quot;copyright&quot;:&quot;Senado Federal do Brasil&quot;,&quot;focal_length&quot;:&quot;0&quot;,&quot;iso&quot;:&quot;0&quot;,&quot;shutter_speed&quot;:&quot;0&quot;,&quot;title&quot;:&quot;&quot;,&quot;orientation&quot;:&quot;0&quot;}\" data-image-title=\"9D320652-6E5D-4B03-BB26-79DB12883FE9\" data-image-description=\"\" data-image-caption=\"\" data-medium-file=\"https:\/\/i0.wp.com\/blogdalucianaoliveira.com.br\/blog\/wp-content\/uploads\/2021\/04\/9D320652-6E5D-4B03-BB26-79DB12883FE9.jpeg?fit=300%2C200\" data-large-file=\"https:\/\/i0.wp.com\/blogdalucianaoliveira.com.br\/blog\/wp-content\/uploads\/2021\/04\/9D320652-6E5D-4B03-BB26-79DB12883FE9.jpeg?fit=600%2C400\" src=\"https:\/\/i0.wp.com\/blogdalucianaoliveira.com.br\/blog\/wp-content\/uploads\/2021\/04\/9D320652-6E5D-4B03-BB26-79DB12883FE9.jpeg?resize=600%2C400\" alt=\"\" class=\"wp-image-31740\" srcset=\"https:\/\/i0.wp.com\/blogdalucianaoliveira.com.br\/blog\/wp-content\/uploads\/2021\/04\/9D320652-6E5D-4B03-BB26-79DB12883FE9.jpeg?w=828 828w, https:\/\/i0.wp.com\/blogdalucianaoliveira.com.br\/blog\/wp-content\/uploads\/2021\/04\/9D320652-6E5D-4B03-BB26-79DB12883FE9.jpeg?resize=300%2C200 300w, https:\/\/i0.wp.com\/blogdalucianaoliveira.com.br\/blog\/wp-content\/uploads\/2021\/04\/9D320652-6E5D-4B03-BB26-79DB12883FE9.jpeg?resize=768%2C512 768w, https:\/\/i0.wp.com\/blogdalucianaoliveira.com.br\/blog\/wp-content\/uploads\/2021\/04\/9D320652-6E5D-4B03-BB26-79DB12883FE9.jpeg?resize=450%2C300 450w\" sizes=\"auto, (max-width: 600px) 100vw, 600px\" \/><\/figure>\n\n\n\n<p>Quase 400.000 mortos depois, incont\u00e1veis frases de deboche e omiss\u00f5es, o Governo Bolsonaro \u00e9 obrigado a responder sobre a pandemia.<\/p>\n\n\n\n<!--more-->\n\n\n\n<p>El Pa\u00eds, por Xico S\u00e1<\/p>\n\n\n\n<p>Os vivos e os mortos assombram Bras\u00edlia neste\u00a0<a rel=\"noreferrer noopener\" href=\"https:\/\/brasil.elpais.com\/brasil\/2021-04-27\/governo-faz-manobra-de-ultima-hora-contra-cpi-da-covid-que-prepara-arsenal-contra-bolsonaro.html\" target=\"_blank\">in\u00edcio dos trabalhos da CPI da Covid-19<\/a>. Os vivos com suas perguntas inc\u00f4modas; os mortos recentes despertam nos seus familiares a sensa\u00e7\u00e3o de que estariam entre n\u00f3s se o Minist\u00e9rio da Sa\u00fade tivesse\u00a0<a rel=\"noreferrer noopener\" href=\"https:\/\/brasil.elpais.com\/brasil\/2021-04-18\/cpi-da-covid-mira-falta-de-vacinas-e-promocao-de-cloroquina-para-buscar-a-digital-de-bolsonaro-na-crise-sanitaria.html\" target=\"_blank\">comprado a tempo as vacinas oferecidas ao Governo<\/a>.<\/p>\n\n\n\n<p>Nunca o pa\u00eds deu in\u00edcio a uma Comiss\u00e3o Parlamentar de Inqu\u00e9rito, nem mesmo no esc\u00e2ndalo do Collorgate (1992), com tantas evid\u00eancias e rastros de culpa espalhados pelos labirintos do poder na capital federal.<\/p>\n\n\n\n<p>O medo dos vivos e dos mortos se manifestou logo de v\u00e9spera. O&nbsp;<a href=\"https:\/\/brasil.elpais.com\/noticias\/jair-messias-bolsonaro\/\" target=\"_blank\" rel=\"noreferrer noopener\">presidente Jair Bolsonaro<\/a>, sem resposta diante de uma indaga\u00e7\u00e3o de Driele Vargas (Tv Aratu), no munic\u00edpio de Concei\u00e7\u00e3o do Jacu\u00edpe (BA), apelou para o cafajestismo. A jornalista perguntou sobre a foto do ex-capit\u00e3o com o cartaz \u201cCPF cancelado\u201d, express\u00e3o usada por criminosos para louvar a morte. \u201cVoc\u00ea n\u00e3o tem o que perguntar, n\u00e3o? Deixa de ser idiota\u201d, insultou.<\/p>\n\n\n\n<p>O Governo se pela de medo. E tem 23 motivos para isso, como revelou o rep\u00f3rter Rubens Valente (UOL). Uma tabela distribu\u00edda pela Casa Civil da Presid\u00eancia listou 23 acusa\u00e7\u00f5es fatais para o Planalto. O documento inclui at\u00e9 a possibilidade de genoc\u00eddio no&nbsp;<a href=\"https:\/\/brasil.elpais.com\/brasil\/2020-06-17\/covid-19-se-espalha-entre-indigenas-brasileiros-e-ja-ameaca-povos-isolados.html\" target=\"_blank\" rel=\"noreferrer noopener\">descuido com os ind\u00edgenas<\/a>. \u00c9 forte e faz todo sentido do planeta. Some-se a isso, em uma edi\u00e7\u00e3o que est\u00e1 no imagin\u00e1rio nacional, as&nbsp;<a href=\"https:\/\/brasil.elpais.com\/brasil\/2020-03-25\/em-cadeia-de-tv-bolsonaro-minimiza-coronavirus-para-insuflar-base-radical.html\" target=\"_blank\" rel=\"noreferrer noopener\">frases da \u201cgripezinha\u201d<\/a>&nbsp;e os deboches de rotina, como o \u201ce da\u00ed?\u201d e o&nbsp;<a href=\"https:\/\/brasil.elpais.com\/brasil\/2020-08-08\/brasil-adoece-enquanto-bolsonaro-releva-a-pandemia-e-se-mantem-em-eterno-palanque-eleitoral.html\" target=\"_blank\" rel=\"noreferrer noopener\">\u201ceu n\u00e3o sou coveiro\u201d<\/a>&nbsp;etc.<\/p>\n\n\n\n<p>At\u00e9 encontrar o cheque \u2014da compra de uma perua Fiat Elba\u2014 que ligou o ex-presidente Collor ao tesoureiro PC Farias, a CPI que derrubou o ex-presidente alagoano teve que ouvir motoristas, secret\u00e1rias, empres\u00e1rios e quebrar uma penca de sigilos banc\u00e1rios. Na CPI instalada nesta semana no Senado, basta ouvir uma das fam\u00edlias que perderam seus parentes por\u00a0<a rel=\"noreferrer noopener\" href=\"https:\/\/brasil.elpais.com\/brasil\/2021-01-24\/400-reais-para-respirar-mais-quatro-horas-em-manaus.html\" target=\"_blank\">falta de oxig\u00eanio em Manaus<\/a>\u00a0que teremos um roteiro completo do pandem\u00f4nio vivido sob a gest\u00e3o do ministro Pazuello. O mesmo general da ativa que desfilava no final de semana sem m\u00e1scara em um shopping da capital amazonense.<\/p>\n\n\n\n<p>Flagrado em delito, o ex-titular da equipe bolsonarista perguntou, ironicamente, onde compraria uma prote\u00e7\u00e3o contra o coronav\u00edrus. Os caras s\u00e3o abusados, abusad\u00edssimos.<\/p>\n\n\n\n<p>Dois dias antes, talvez movido por raz\u00f5es conscientes ou inconscientes de quem volta ao local do crime, o pr\u00f3prio Bolsonaro havia feito um desagravo a Pazuello e recebido um t\u00edtulo de cidad\u00e3o amazonense arranjado \u00e0s pressas na Assembleia Legislativa pelo deputado estadual Delegado P\u00e9ricles (sem partido). Vale tudo em busca de um \u00e1libi, como diria a dama do crime, a escritora&nbsp;<a href=\"https:\/\/brasil.elpais.com\/noticias\/agatha-christie\/\" target=\"_blank\" rel=\"noreferrer noopener\">Agatha Christie<\/a>.<\/p>\n\n\n\n<p>Os vivos e os mortos assombram um Governo que zombou da \u201cgripezinha\u201d e se omitiu nos momentos em que mais precis\u00e1vamos de a\u00e7\u00f5es firmes pela vida.<\/p>\n\n\n\n<p>Depois das valas comuns abertas em Manaus, alguns cemit\u00e9rios \u2014<a rel=\"noreferrer noopener\" href=\"https:\/\/brasil.elpais.com\/brasil\/2021-03-31\/miguel-nicolelis-estamos-a-poucas-semanas-de-um-ponto-de-nao-retorno-na-crise-da-covid-19.html\" target=\"_blank\">como previu o cientista Miguel Nicolelis<\/a>, colunista deste jornal\u2014 est\u00e3o exumando restos mortais para que as v\u00edtimas da covid-19 tenham vagas. Caso de Camaragibe, na regi\u00e3o metropolitana do Recife. Na Vila Formosa, Zona Leste de S\u00e3o Paulo, a prefeitura acaba de abrir pelo menos 300 novas covas para evitar o o colapso funer\u00e1rio.<\/p>\n\n\n\n<p>O problema n\u00e3o \u00e9 somente falta de leitos em alguns hospitais. \u00c9 tamb\u00e9m onde enterrar os que partiram desta para outra. Xingar de idiota uma mulher que faz uma pergunta jornal\u00edstica sobre uma foto (com pose expl\u00edcita de fanfarr\u00e3o) n\u00e3o responde nada. Nem aos mortos. Nem aos vivos.<\/p>\n\n\n\n<p><em><strong>Xico S\u00e1<\/strong><\/em><em>, escritor e jornalista, \u00e9 autor de&nbsp;<\/em>Big Jato<em>(Companhia das Letras), entre outros livros.<\/em><\/p>\n\n\n\n<p><\/p>\n","protected":false},"excerpt":{"rendered":"<p>Quase 400.000 mortos depois, incont\u00e1veis frases de deboche e omiss\u00f5es, o Governo Bolsonaro \u00e9 obrigado a responder sobre a pandemia.<\/p>\n","protected":false},"author":1,"featured_media":0,"comment_status":"closed","ping_status":"open","sticky":false,"template":"","format":"standard","meta":{"_exactmetrics_skip_tracking":false,"_exactmetrics_sitenote_active":false,"_exactmetrics_sitenote_note":"","_exactmetrics_sitenote_category":0,"jetpack_post_was_ever_published":false,"_jetpack_newsletter_access":"","_jetpack_dont_email_post_to_subs":false,"_jetpack_newsletter_tier_id":0,"_jetpack_memberships_contains_paywalled_content":false,"_jetpack_memberships_contains_paid_content":false,"footnotes":"","jetpack_publicize_message":"","jetpack_publicize_feature_enabled":true,"jetpack_social_post_already_shared":true,"jetpack_social_options":{"image_generator_settings":{"template":"highway","enabled":false},"version":2}},"categories":[1],"tags":[],"class_list":["post-31739","post","type-post","status-publish","format-standard","hentry","category-notas"],"jetpack_publicize_connections":[],"jetpack_sharing_enabled":true,"jetpack_featured_media_url":"","jetpack_shortlink":"https:\/\/wp.me\/p7wKYW-8fV","jetpack-related-posts":[],"_links":{"self":[{"href":"http:\/\/blogdalucianaoliveira.com.br\/blog\/wp-json\/wp\/v2\/posts\/31739","targetHints":{"allow":["GET"]}}],"collection":[{"href":"http:\/\/blogdalucianaoliveira.com.br\/blog\/wp-json\/wp\/v2\/posts"}],"about":[{"href":"http:\/\/blogdalucianaoliveira.com.br\/blog\/wp-json\/wp\/v2\/types\/post"}],"author":[{"embeddable":true,"href":"http:\/\/blogdalucianaoliveira.com.br\/blog\/wp-json\/wp\/v2\/users\/1"}],"replies":[{"embeddable":true,"href":"http:\/\/blogdalucianaoliveira.com.br\/blog\/wp-json\/wp\/v2\/comments?post=31739"}],"version-history":[{"count":1,"href":"http:\/\/blogdalucianaoliveira.com.br\/blog\/wp-json\/wp\/v2\/posts\/31739\/revisions"}],"predecessor-version":[{"id":31741,"href":"http:\/\/blogdalucianaoliveira.com.br\/blog\/wp-json\/wp\/v2\/posts\/31739\/revisions\/31741"}],"wp:attachment":[{"href":"http:\/\/blogdalucianaoliveira.com.br\/blog\/wp-json\/wp\/v2\/media?parent=31739"}],"wp:term":[{"taxonomy":"category","embeddable":true,"href":"http:\/\/blogdalucianaoliveira.com.br\/blog\/wp-json\/wp\/v2\/categories?post=31739"},{"taxonomy":"post_tag","embeddable":true,"href":"http:\/\/blogdalucianaoliveira.com.br\/blog\/wp-json\/wp\/v2\/tags?post=31739"}],"curies":[{"name":"wp","href":"https:\/\/api.w.org\/{rel}","templated":true}]}}