{"id":31745,"date":"2021-04-29T13:15:11","date_gmt":"2021-04-29T17:15:11","guid":{"rendered":"http:\/\/blogdalucianaoliveira.com.br\/blog\/?p=31745"},"modified":"2021-04-29T13:15:14","modified_gmt":"2021-04-29T17:15:14","slug":"manifesto-contra-reducoes-de-unidades-de-conservacao-em-ro-e-lancado-na-italia","status":"publish","type":"post","link":"http:\/\/blogdalucianaoliveira.com.br\/blog\/2021\/04\/29\/manifesto-contra-reducoes-de-unidades-de-conservacao-em-ro-e-lancado-na-italia\/","title":{"rendered":"Manifesto contra redu\u00e7\u00f5es de unidades de conserva\u00e7\u00e3o em RO \u00e9 lan\u00e7ado na It\u00e1lia"},"content":{"rendered":"\n<figure class=\"wp-block-image size-large\"><img data-recalc-dims=\"1\" loading=\"lazy\" decoding=\"async\" width=\"600\" height=\"440\" data-attachment-id=\"31746\" data-permalink=\"http:\/\/blogdalucianaoliveira.com.br\/blog\/2021\/04\/29\/manifesto-contra-reducoes-de-unidades-de-conservacao-em-ro-e-lancado-na-italia\/6c0f0ab8-0112-4525-8e15-c183c700396d\/\" data-orig-file=\"https:\/\/i0.wp.com\/blogdalucianaoliveira.com.br\/blog\/wp-content\/uploads\/2021\/04\/6C0F0AB8-0112-4525-8E15-C183C700396D.jpeg?fit=708%2C519\" data-orig-size=\"708,519\" data-comments-opened=\"0\" data-image-meta=\"{&quot;aperture&quot;:&quot;0&quot;,&quot;credit&quot;:&quot;&quot;,&quot;camera&quot;:&quot;&quot;,&quot;caption&quot;:&quot;&quot;,&quot;created_timestamp&quot;:&quot;0&quot;,&quot;copyright&quot;:&quot;&quot;,&quot;focal_length&quot;:&quot;0&quot;,&quot;iso&quot;:&quot;0&quot;,&quot;shutter_speed&quot;:&quot;0&quot;,&quot;title&quot;:&quot;&quot;,&quot;orientation&quot;:&quot;1&quot;}\" data-image-title=\"6C0F0AB8-0112-4525-8E15-C183C700396D\" data-image-description=\"\" data-image-caption=\"\" data-medium-file=\"https:\/\/i0.wp.com\/blogdalucianaoliveira.com.br\/blog\/wp-content\/uploads\/2021\/04\/6C0F0AB8-0112-4525-8E15-C183C700396D.jpeg?fit=300%2C220\" data-large-file=\"https:\/\/i0.wp.com\/blogdalucianaoliveira.com.br\/blog\/wp-content\/uploads\/2021\/04\/6C0F0AB8-0112-4525-8E15-C183C700396D.jpeg?fit=600%2C440\" src=\"https:\/\/i0.wp.com\/blogdalucianaoliveira.com.br\/blog\/wp-content\/uploads\/2021\/04\/6C0F0AB8-0112-4525-8E15-C183C700396D.jpeg?resize=600%2C440\" alt=\"\" class=\"wp-image-31746\" srcset=\"https:\/\/i0.wp.com\/blogdalucianaoliveira.com.br\/blog\/wp-content\/uploads\/2021\/04\/6C0F0AB8-0112-4525-8E15-C183C700396D.jpeg?w=708 708w, https:\/\/i0.wp.com\/blogdalucianaoliveira.com.br\/blog\/wp-content\/uploads\/2021\/04\/6C0F0AB8-0112-4525-8E15-C183C700396D.jpeg?resize=300%2C220 300w, https:\/\/i0.wp.com\/blogdalucianaoliveira.com.br\/blog\/wp-content\/uploads\/2021\/04\/6C0F0AB8-0112-4525-8E15-C183C700396D.jpeg?resize=409%2C300 409w\" sizes=\"auto, (max-width: 600px) 100vw, 600px\" \/><\/figure>\n\n\n\n<p>O Manifesto que foi publicado na It\u00e1lia pelo Comit\u00ea Lula Livre e distribu\u00eddo em toda a Europa foi produzido por v\u00e1rias entidades e organiza\u00e7\u00f5es n\u00e3o governamentais que atuam em defesa do meio ambiente. <\/p>\n\n\n\n<!--more-->\n\n\n\n<p><strong>Anistia para ocupa\u00e7\u00f5es ilegais na Amaz\u00f4nia.  N\u00e3o!<\/strong><\/p>\n\n\n\n<p>\u201cSanatoria alle occupazioni illegali in Amazzonia. No!In Rondonia, stato dell&#8217;Amazzonia brasiliana, il Consiglio Regionale ha approvato una sanatoria che concede ai fazenderos i titoli di propriet\u00e0 delle terre occupate illegalmente nella riserva naturale Jaci-Paran\u00e0. Si tratta di uno scempio che riduce le dimensioni della riserva di 193 mila ettari pari al 90% dell&#8217;area originale. Secondo il testo approvato, restano solo 22 milla ettari di area protetta. Il Parco naturale Guajara-Mirim perde, in questa operazione, 55 mila ettari, inclusa la sede amministrativa del parco. La decisione colpisce la popolazione locale, composta da popoli indigeni e campesini che svolgono attivit\u00e0 sostenibili, allo scopo di fare spazio agli allevamenti. In particolare, si segnala i danni per le popolazini Uru-eu-wau-wau, Karipuna, Igarap\u00e9 Lage, Igarap\u00e9 Ribeir\u00e3o, Karitiana, nonch\u00e9 per i popoli che vivono in isolamento volontario. <br>La nota che denuncia l&#8217;accaduto ha ricevuto una ventina di adesioni, tra cui dell&#8217;Instituto Socioambiental &#8211; Isa e del WWF-Brasil.<br>Aiutaci a fermare questo scempio, firma anche tu!\u201d, diz o documento para coleta de assinaturas. <br><\/p>\n\n\n\n<p>Assine aqui:<a href=\"https:\/\/docs.google.com\/forms\/d\/e\/1FAIpQLScD5nNflEsggnWa8O2pE8SHOJcr4AMKxpp2fMBrDTVRe0IuBA\/viewform\">https:\/\/docs.google.com\/forms\/d\/e\/1FAIpQLScD5nNflEsggnWa8O2pE8SHOJcr4AMKxpp2fMBrDTVRe0IuBA\/viewform<\/a><\/p>\n\n\n\n<p><\/p>\n","protected":false},"excerpt":{"rendered":"<p>O Manifesto que foi publicado na It\u00e1lia pelo Comit\u00ea Lula Livre e distribu\u00eddo em toda a Europa foi produzido por v\u00e1rias entidades e organiza\u00e7\u00f5es n\u00e3o governamentais que atuam em defesa do meio ambiente.<\/p>\n","protected":false},"author":1,"featured_media":0,"comment_status":"closed","ping_status":"open","sticky":false,"template":"","format":"standard","meta":{"_exactmetrics_skip_tracking":false,"_exactmetrics_sitenote_active":false,"_exactmetrics_sitenote_note":"","_exactmetrics_sitenote_category":0,"jetpack_post_was_ever_published":false,"_jetpack_newsletter_access":"","_jetpack_dont_email_post_to_subs":false,"_jetpack_newsletter_tier_id":0,"_jetpack_memberships_contains_paywalled_content":false,"_jetpack_memberships_contains_paid_content":false,"footnotes":"","jetpack_publicize_message":"","jetpack_publicize_feature_enabled":true,"jetpack_social_post_already_shared":true,"jetpack_social_options":{"image_generator_settings":{"template":"highway","enabled":false},"version":2}},"categories":[1],"tags":[],"class_list":["post-31745","post","type-post","status-publish","format-standard","hentry","category-notas"],"jetpack_publicize_connections":[],"jetpack_sharing_enabled":true,"jetpack_featured_media_url":"","jetpack_shortlink":"https:\/\/wp.me\/p7wKYW-8g1","jetpack-related-posts":[],"_links":{"self":[{"href":"http:\/\/blogdalucianaoliveira.com.br\/blog\/wp-json\/wp\/v2\/posts\/31745","targetHints":{"allow":["GET"]}}],"collection":[{"href":"http:\/\/blogdalucianaoliveira.com.br\/blog\/wp-json\/wp\/v2\/posts"}],"about":[{"href":"http:\/\/blogdalucianaoliveira.com.br\/blog\/wp-json\/wp\/v2\/types\/post"}],"author":[{"embeddable":true,"href":"http:\/\/blogdalucianaoliveira.com.br\/blog\/wp-json\/wp\/v2\/users\/1"}],"replies":[{"embeddable":true,"href":"http:\/\/blogdalucianaoliveira.com.br\/blog\/wp-json\/wp\/v2\/comments?post=31745"}],"version-history":[{"count":1,"href":"http:\/\/blogdalucianaoliveira.com.br\/blog\/wp-json\/wp\/v2\/posts\/31745\/revisions"}],"predecessor-version":[{"id":31747,"href":"http:\/\/blogdalucianaoliveira.com.br\/blog\/wp-json\/wp\/v2\/posts\/31745\/revisions\/31747"}],"wp:attachment":[{"href":"http:\/\/blogdalucianaoliveira.com.br\/blog\/wp-json\/wp\/v2\/media?parent=31745"}],"wp:term":[{"taxonomy":"category","embeddable":true,"href":"http:\/\/blogdalucianaoliveira.com.br\/blog\/wp-json\/wp\/v2\/categories?post=31745"},{"taxonomy":"post_tag","embeddable":true,"href":"http:\/\/blogdalucianaoliveira.com.br\/blog\/wp-json\/wp\/v2\/tags?post=31745"}],"curies":[{"name":"wp","href":"https:\/\/api.w.org\/{rel}","templated":true}]}}