{"id":31751,"date":"2021-04-30T11:14:42","date_gmt":"2021-04-30T15:14:42","guid":{"rendered":"http:\/\/blogdalucianaoliveira.com.br\/blog\/?p=31751"},"modified":"2021-04-30T11:14:47","modified_gmt":"2021-04-30T15:14:47","slug":"hidroxicloroquina-dobra-risco-de-reacao-adversa-grave-a-medicamentos-usados-contra-covid","status":"publish","type":"post","link":"http:\/\/blogdalucianaoliveira.com.br\/blog\/2021\/04\/30\/hidroxicloroquina-dobra-risco-de-reacao-adversa-grave-a-medicamentos-usados-contra-covid\/","title":{"rendered":"HIDROXICLOROQUINA DOBRA RISCO DE REA\u00c7\u00c3O ADVERSA GRAVE A MEDICAMENTOS USADOS CONTRA COVID"},"content":{"rendered":"\n<figure class=\"wp-block-image\"><img data-recalc-dims=\"1\" decoding=\"async\" src=\"https:\/\/i0.wp.com\/piaui.folha.uol.com.br\/wp-content\/uploads\/2021\/04\/igualdadesrisco_minipost5_interna.jpg?w=600&#038;ssl=1\" alt=\"\"\/><\/figure>\n\n\n\n<p> <strong>AMANDA GORZIZA, PEDRO SIEMSEN, FERNANDA NUNES E RENATA BUONO<\/strong>, Na Revista Piau\u00ed<br> <\/p>\n\n\n\n<!--more-->\n\n\n\n<p>Entre brasileiros que tiveram rea\u00e7\u00f5es adversas, graves ou n\u00e3o, a rem\u00e9dios usados contra Covid-19, os que usaram hidroxicloroquina tiveram duas vezes mais riscos de apresentar rea\u00e7\u00f5es graves. A hidroxicloroquina n\u00e3o tem efic\u00e1cia comprovada contra a doen\u00e7a, mas foi recomendada pelo Minist\u00e9rio da Sa\u00fade, pelo presidente Jair Bolsonaro e seus apoiadores no tratamento contra a Covid-19.<\/p>\n\n\n\n<p>De acordo com a Ag\u00eancia Nacional de Vigil\u00e2ncia Sanit\u00e1ria (Anvisa), houve um aumento significativo nas notifica\u00e7\u00f5es de rea\u00e7\u00f5es adversas \u00e0 cloroquina. Em 2020, foram registrados 916 casos, e, em 2019, 139. Isso representa um aumento de mais de seis vezes.<\/p>\n\n\n\n<p><strong>Fonte:<\/strong>&nbsp;<a href=\"https:\/\/www.scielo.br\/scielo.php?script=sci_arttext&amp;pid=S0102-311X2021000105013&amp;tlng=pt\">Artigo de Melo e outros (Cadernos de Sa\u00fade P\u00fablica)<\/a><br><\/p>\n\n\n\n<p><br><\/p>\n","protected":false},"excerpt":{"rendered":"<p>AMANDA GORZIZA, PEDRO SIEMSEN, FERNANDA NUNES E RENATA BUONO, Na Revista Piau\u00ed<\/p>\n","protected":false},"author":1,"featured_media":0,"comment_status":"closed","ping_status":"open","sticky":false,"template":"","format":"standard","meta":{"_exactmetrics_skip_tracking":false,"_exactmetrics_sitenote_active":false,"_exactmetrics_sitenote_note":"","_exactmetrics_sitenote_category":0,"jetpack_post_was_ever_published":false,"_jetpack_newsletter_access":"","_jetpack_dont_email_post_to_subs":false,"_jetpack_newsletter_tier_id":0,"_jetpack_memberships_contains_paywalled_content":false,"_jetpack_memberships_contains_paid_content":false,"footnotes":"","jetpack_publicize_message":"","jetpack_publicize_feature_enabled":true,"jetpack_social_post_already_shared":true,"jetpack_social_options":{"image_generator_settings":{"template":"highway","enabled":false},"version":2}},"categories":[1],"tags":[],"class_list":["post-31751","post","type-post","status-publish","format-standard","hentry","category-notas"],"jetpack_publicize_connections":[],"jetpack_sharing_enabled":true,"jetpack_featured_media_url":"","jetpack_shortlink":"https:\/\/wp.me\/p7wKYW-8g7","jetpack-related-posts":[],"_links":{"self":[{"href":"http:\/\/blogdalucianaoliveira.com.br\/blog\/wp-json\/wp\/v2\/posts\/31751","targetHints":{"allow":["GET"]}}],"collection":[{"href":"http:\/\/blogdalucianaoliveira.com.br\/blog\/wp-json\/wp\/v2\/posts"}],"about":[{"href":"http:\/\/blogdalucianaoliveira.com.br\/blog\/wp-json\/wp\/v2\/types\/post"}],"author":[{"embeddable":true,"href":"http:\/\/blogdalucianaoliveira.com.br\/blog\/wp-json\/wp\/v2\/users\/1"}],"replies":[{"embeddable":true,"href":"http:\/\/blogdalucianaoliveira.com.br\/blog\/wp-json\/wp\/v2\/comments?post=31751"}],"version-history":[{"count":1,"href":"http:\/\/blogdalucianaoliveira.com.br\/blog\/wp-json\/wp\/v2\/posts\/31751\/revisions"}],"predecessor-version":[{"id":31752,"href":"http:\/\/blogdalucianaoliveira.com.br\/blog\/wp-json\/wp\/v2\/posts\/31751\/revisions\/31752"}],"wp:attachment":[{"href":"http:\/\/blogdalucianaoliveira.com.br\/blog\/wp-json\/wp\/v2\/media?parent=31751"}],"wp:term":[{"taxonomy":"category","embeddable":true,"href":"http:\/\/blogdalucianaoliveira.com.br\/blog\/wp-json\/wp\/v2\/categories?post=31751"},{"taxonomy":"post_tag","embeddable":true,"href":"http:\/\/blogdalucianaoliveira.com.br\/blog\/wp-json\/wp\/v2\/tags?post=31751"}],"curies":[{"name":"wp","href":"https:\/\/api.w.org\/{rel}","templated":true}]}}