{"id":31754,"date":"2021-04-30T11:38:13","date_gmt":"2021-04-30T15:38:13","guid":{"rendered":"http:\/\/blogdalucianaoliveira.com.br\/blog\/?p=31754"},"modified":"2021-04-30T11:38:17","modified_gmt":"2021-04-30T15:38:17","slug":"sindicatos-vao-reunir-ciro-marina-lula-fhc-e-boulos-para-ato-do-1o-de-maio","status":"publish","type":"post","link":"http:\/\/blogdalucianaoliveira.com.br\/blog\/2021\/04\/30\/sindicatos-vao-reunir-ciro-marina-lula-fhc-e-boulos-para-ato-do-1o-de-maio\/","title":{"rendered":"Sindicatos v\u00e3o reunir Ciro, Marina, Lula, FHC e Boulos para ato do 1\u00ba de maio"},"content":{"rendered":"\n<figure class=\"wp-block-image\"><img data-recalc-dims=\"1\" decoding=\"async\" src=\"https:\/\/i0.wp.com\/cdn.brasildefato.com.br\/media\/d345d1497b08bee00674e2dd568b1f82.jpg?w=600&#038;ssl=1\" alt=\"Ato tamb\u00e9m ter\u00e1 a presen\u00e7a do presidente da C\u00e2mara dos Deputados, do presidente do Senador e dos governadores de S\u00e3o Paulo e Maranh\u00e3o\"\/><\/figure>\n\n\n\n<h4 class=\"wp-block-heading\">Evento que prop\u00f5e o enfrentamento unificado \u00e0 crise ser\u00e1 virtual pela segunda vez; confira onde assistir a transmiss\u00e3o<\/h4>\n\n\n\n<!--more-->\n\n\n\n<p>Nara Lacerda &#8211; Brasil de Fato <\/p>\n\n\n\n<p>O ato das centrais sindicais para o Dia Internacional do Trabalhador vai reunir, este ano,&nbsp;os ex-presidentes da Rep\u00fablica Luiz In\u00e1cio Lula da Silva (PT), Dilma Rousseff (PT)&nbsp;e Fernando Henrique Cardoso (PSDB) e os ex-candidatos Marina Silva (Rede Sustentabilidade), Manuela d&#8217;\u00c1vila (PCdoB), Guilherme Boulos (Psol) e Ciro Gomes (PDT).<\/p>\n\n\n\n<p>Com o tema &#8220;1\u00b0 de Maio pela Vida \u2013 Democracia, Emprego e Vacina para Todos&#8221;, o evento abra\u00e7a&nbsp;a pluralidade de convidados como forma de enfrentamento unificado \u00e0 crise da pandemia. O&nbsp;presidente da Central dos Sindicatos Brasileiros, Antonio Neto, afirma que o objetivo&nbsp;\u00e9 dar uma resposta&nbsp;\u00e0 ina\u00e7\u00e3o do governo federal<\/p>\n\n\n\n<p>\u201cAs centrais sindicais est\u00e3o unidas na luta pela vacina\u00e7\u00e3o, emprego, democracia e o aux\u00edlio emergencial de R$ 600. Nosso lema \u00e9 vacina do bra\u00e7o e comida no prato. A pluralidade que vamos reunir no ato \u00e9 o caminho para vencermos o atraso e a trag\u00e9dia do desgoverno Bolsonaro. Unidade pela vida. Unidade pelo Brasil!\u201d, diz ele.<\/p>\n\n\n\n<p>Miguel Torres,&nbsp;presidente da For\u00e7a Sindical, reafirma a relev\u00e2ncia&nbsp;do ato unit\u00e1rio frente ao colapso sanit\u00e1rio, \u201cEstamos na luta por um aux\u00edlio emergencial de R$ 600, vacina para todos e a retomada da economia\u201d.<\/p>\n\n\n\n<p>O ato tamb\u00e9m ter\u00e1 a presen\u00e7a do presidente da C\u00e2mara dos Deputados, Arthur Lira (Progressistas), do presidente do Senado, Rodrigo Pacheco (DEM), do deputado Rodrigo Maia (DEM) e dos governadores do Maranh\u00e3o, Fl\u00e1vio Dino (PCdoB) e de S\u00e3o Paulo,&nbsp;Jo\u00e3o D\u00f3ria (PSDB).&nbsp;<\/p>\n\n\n\n<p>Parlamentares, lideran\u00e7as dos movimentos populares e de partidos, representantes religiosos e&nbsp;entidades sindicais internacionais tamb\u00e9m estar\u00e3o presentes(SP). O ato re\u00fane&nbsp;CUT, For\u00e7a Sindical, UGT, CTB, CSB, NCST, CGTB, Intersindical e P\u00fablica.<\/p>\n\n\n\n<p>Onde assistir<\/p>\n\n\n\n<p>A programa\u00e7\u00e3o come\u00e7a \u00e0s 14h, no s\u00e1bado (1) e ser\u00e1 conduzida pela cantora, compositora e apresentadora Ellen Ol\u00e9ria. Lucy Alves,&nbsp;atriz, cantora e multi-instrumentista paraibana,&nbsp; far\u00e1 o encerramento do evento. Tamb\u00e9m haver\u00e1 participa\u00e7\u00f5es de Elza Soares, Chico C\u00e9sar, Tereza Cristina, Delacruz, Johnny Hooker, Marcelo Jeneci, Odair Jos\u00e9, A\u00edla, Bia Ferreira e Doralyce, F\u00e1bio Assun\u00e7\u00e3o e&nbsp;Osmar Prado.<\/p>\n\n\n\n<p>\u00c9 poss\u00edvel acompanhar pela TVT &#8211; TV dos Trabalhadores, e pelos canais no Youtube e redes sociais do movimento sindical.&nbsp;<\/p>\n\n\n\n<p>Edi\u00e7\u00e3o: Poliana Dallabrida<\/p>\n","protected":false},"excerpt":{"rendered":"<p>Evento que prop\u00f5e o enfrentamento unificado \u00e0 crise ser\u00e1 virtual pela segunda vez; confira onde assistir a transmiss\u00e3o<\/p>\n","protected":false},"author":1,"featured_media":0,"comment_status":"closed","ping_status":"open","sticky":false,"template":"","format":"standard","meta":{"_exactmetrics_skip_tracking":false,"_exactmetrics_sitenote_active":false,"_exactmetrics_sitenote_note":"","_exactmetrics_sitenote_category":0,"jetpack_post_was_ever_published":false,"_jetpack_newsletter_access":"","_jetpack_dont_email_post_to_subs":false,"_jetpack_newsletter_tier_id":0,"_jetpack_memberships_contains_paywalled_content":false,"_jetpack_memberships_contains_paid_content":false,"footnotes":"","jetpack_publicize_message":"","jetpack_publicize_feature_enabled":true,"jetpack_social_post_already_shared":true,"jetpack_social_options":{"image_generator_settings":{"template":"highway","enabled":false},"version":2}},"categories":[1],"tags":[],"class_list":["post-31754","post","type-post","status-publish","format-standard","hentry","category-notas"],"jetpack_publicize_connections":[],"jetpack_sharing_enabled":true,"jetpack_featured_media_url":"","jetpack_shortlink":"https:\/\/wp.me\/p7wKYW-8ga","jetpack-related-posts":[],"_links":{"self":[{"href":"http:\/\/blogdalucianaoliveira.com.br\/blog\/wp-json\/wp\/v2\/posts\/31754","targetHints":{"allow":["GET"]}}],"collection":[{"href":"http:\/\/blogdalucianaoliveira.com.br\/blog\/wp-json\/wp\/v2\/posts"}],"about":[{"href":"http:\/\/blogdalucianaoliveira.com.br\/blog\/wp-json\/wp\/v2\/types\/post"}],"author":[{"embeddable":true,"href":"http:\/\/blogdalucianaoliveira.com.br\/blog\/wp-json\/wp\/v2\/users\/1"}],"replies":[{"embeddable":true,"href":"http:\/\/blogdalucianaoliveira.com.br\/blog\/wp-json\/wp\/v2\/comments?post=31754"}],"version-history":[{"count":1,"href":"http:\/\/blogdalucianaoliveira.com.br\/blog\/wp-json\/wp\/v2\/posts\/31754\/revisions"}],"predecessor-version":[{"id":31755,"href":"http:\/\/blogdalucianaoliveira.com.br\/blog\/wp-json\/wp\/v2\/posts\/31754\/revisions\/31755"}],"wp:attachment":[{"href":"http:\/\/blogdalucianaoliveira.com.br\/blog\/wp-json\/wp\/v2\/media?parent=31754"}],"wp:term":[{"taxonomy":"category","embeddable":true,"href":"http:\/\/blogdalucianaoliveira.com.br\/blog\/wp-json\/wp\/v2\/categories?post=31754"},{"taxonomy":"post_tag","embeddable":true,"href":"http:\/\/blogdalucianaoliveira.com.br\/blog\/wp-json\/wp\/v2\/tags?post=31754"}],"curies":[{"name":"wp","href":"https:\/\/api.w.org\/{rel}","templated":true}]}}