{"id":31758,"date":"2021-04-30T13:56:02","date_gmt":"2021-04-30T17:56:02","guid":{"rendered":"http:\/\/blogdalucianaoliveira.com.br\/blog\/?p=31758"},"modified":"2021-04-30T13:56:08","modified_gmt":"2021-04-30T17:56:08","slug":"comissao-de-direitos-humanos-da-camara-pede-apuracao-imediata-de-denuncia-de-tortura-contra-pilha-na-prisao","status":"publish","type":"post","link":"http:\/\/blogdalucianaoliveira.com.br\/blog\/2021\/04\/30\/comissao-de-direitos-humanos-da-camara-pede-apuracao-imediata-de-denuncia-de-tortura-contra-pilha-na-prisao\/","title":{"rendered":"Comiss\u00e3o de Direitos Humanos da C\u00e2mara pede apura\u00e7\u00e3o imediata de den\u00fancia de tortura contra Pilha na pris\u00e3o"},"content":{"rendered":"\n<figure class=\"wp-block-image size-large\"><img data-recalc-dims=\"1\" loading=\"lazy\" decoding=\"async\" width=\"600\" height=\"452\" data-attachment-id=\"31759\" data-permalink=\"http:\/\/blogdalucianaoliveira.com.br\/blog\/2021\/04\/30\/comissao-de-direitos-humanos-da-camara-pede-apuracao-imediata-de-denuncia-de-tortura-contra-pilha-na-prisao\/d6e159a7-524d-488f-bfbb-514e1926daf6\/\" data-orig-file=\"https:\/\/i0.wp.com\/blogdalucianaoliveira.com.br\/blog\/wp-content\/uploads\/2021\/04\/D6E159A7-524D-488F-BFBB-514E1926DAF6.jpeg?fit=616%2C464\" data-orig-size=\"616,464\" data-comments-opened=\"0\" data-image-meta=\"{&quot;aperture&quot;:&quot;0&quot;,&quot;credit&quot;:&quot;&quot;,&quot;camera&quot;:&quot;&quot;,&quot;caption&quot;:&quot;&quot;,&quot;created_timestamp&quot;:&quot;0&quot;,&quot;copyright&quot;:&quot;&quot;,&quot;focal_length&quot;:&quot;0&quot;,&quot;iso&quot;:&quot;0&quot;,&quot;shutter_speed&quot;:&quot;0&quot;,&quot;title&quot;:&quot;&quot;,&quot;orientation&quot;:&quot;1&quot;}\" data-image-title=\"D6E159A7-524D-488F-BFBB-514E1926DAF6\" data-image-description=\"\" data-image-caption=\"\" data-medium-file=\"https:\/\/i0.wp.com\/blogdalucianaoliveira.com.br\/blog\/wp-content\/uploads\/2021\/04\/D6E159A7-524D-488F-BFBB-514E1926DAF6.jpeg?fit=300%2C226\" data-large-file=\"https:\/\/i0.wp.com\/blogdalucianaoliveira.com.br\/blog\/wp-content\/uploads\/2021\/04\/D6E159A7-524D-488F-BFBB-514E1926DAF6.jpeg?fit=600%2C452\" src=\"https:\/\/i0.wp.com\/blogdalucianaoliveira.com.br\/blog\/wp-content\/uploads\/2021\/04\/D6E159A7-524D-488F-BFBB-514E1926DAF6.jpeg?resize=600%2C452\" alt=\"\" class=\"wp-image-31759\" srcset=\"https:\/\/i0.wp.com\/blogdalucianaoliveira.com.br\/blog\/wp-content\/uploads\/2021\/04\/D6E159A7-524D-488F-BFBB-514E1926DAF6.jpeg?w=616 616w, https:\/\/i0.wp.com\/blogdalucianaoliveira.com.br\/blog\/wp-content\/uploads\/2021\/04\/D6E159A7-524D-488F-BFBB-514E1926DAF6.jpeg?resize=300%2C226 300w, https:\/\/i0.wp.com\/blogdalucianaoliveira.com.br\/blog\/wp-content\/uploads\/2021\/04\/D6E159A7-524D-488F-BFBB-514E1926DAF6.jpeg?resize=398%2C300 398w\" sizes=\"auto, (max-width: 600px) 100vw, 600px\" \/><\/figure>\n\n\n\n<p>Reportagem da F\u00f3rum revelou que militante foi espancado por agentes penais com chutes, pontap\u00e9s e murros.<\/p>\n\n\n\n<!--more-->\n\n\n\n<p>Por\u00a0<a rel=\"noreferrer noopener\" href=\"https:\/\/revistaforum.com.br\/author\/luisafragao\/\" target=\"_blank\">Luisa Frag\u00e3o<\/a><\/p>\n\n\n\n<p>A Presid\u00eancia da Comiss\u00e3o de Direitos Humanos e Minorias da C\u00e2mara dos Deputados (CDHM) solicitou, nesta sexta-feira (30), que o Minist\u00e9rio P\u00fablico do Distrito Federal instaure uma investiga\u00e7\u00e3o imediata da den\u00fancia de tortura contra Rodrigo Pilha no Centro de Deten\u00e7\u00e3o Provis\u00f3ria II de Bras\u00edlia.<\/p>\n\n\n\n<p>A\u00a0<strong>F\u00f3rum<\/strong>\u00a0revelou nesta quinta-feira (29) que o militante, preso no dia 18 de mar\u00e7o com base na Lei de Seguran\u00e7a Nacional, ap\u00f3s participar de manifesta\u00e7\u00e3o pol\u00edtica contra o presidente Jair Bolsonaro,\u00a0<a rel=\"noreferrer noopener\" href=\"https:\/\/revistaforum.com.br\/noticias\/exclusivo-pilha-foi-espancado-e-torturado-na-prisao\/\" target=\"_blank\">foi agredido por policiais penais com chutes, pontap\u00e9s e murros<\/a>\u00a0dentro da pris\u00e3o.<\/p>\n\n\n\n<p>A CDHM informou que solicitou a imediata apura\u00e7\u00e3o da den\u00fancia \u201ccom as consequentes responsabiliza\u00e7\u00f5es administrativas, c\u00edveis e criminais, prestando as informa\u00e7\u00f5es pertinentes para que esta Presid\u00eancia siga acompanhado o assunto\u201d, conforme consta no trecho do documento assinado pelos deputados Carlos Veras (PT-PE), presidente da CDHM, e \u00c9rika Kokay (PT-DF).<\/p>\n\n\n\n<p>A deputada deve se reunir nesta sexta com a ju\u00edza Leila Cury, da Vara de Execu\u00e7\u00f5es Penais, para tratar do assunto.<\/p>\n","protected":false},"excerpt":{"rendered":"<p>Reportagem da F\u00f3rum revelou que militante foi espancado por agentes penais com chutes, pontap\u00e9s e murros.<\/p>\n","protected":false},"author":1,"featured_media":0,"comment_status":"closed","ping_status":"open","sticky":false,"template":"","format":"standard","meta":{"_exactmetrics_skip_tracking":false,"_exactmetrics_sitenote_active":false,"_exactmetrics_sitenote_note":"","_exactmetrics_sitenote_category":0,"jetpack_post_was_ever_published":false,"_jetpack_newsletter_access":"","_jetpack_dont_email_post_to_subs":false,"_jetpack_newsletter_tier_id":0,"_jetpack_memberships_contains_paywalled_content":false,"_jetpack_memberships_contains_paid_content":false,"footnotes":"","jetpack_publicize_message":"","jetpack_publicize_feature_enabled":true,"jetpack_social_post_already_shared":true,"jetpack_social_options":{"image_generator_settings":{"template":"highway","enabled":false},"version":2}},"categories":[1],"tags":[],"class_list":["post-31758","post","type-post","status-publish","format-standard","hentry","category-notas"],"jetpack_publicize_connections":[],"jetpack_sharing_enabled":true,"jetpack_featured_media_url":"","jetpack_shortlink":"https:\/\/wp.me\/p7wKYW-8ge","jetpack-related-posts":[],"_links":{"self":[{"href":"http:\/\/blogdalucianaoliveira.com.br\/blog\/wp-json\/wp\/v2\/posts\/31758","targetHints":{"allow":["GET"]}}],"collection":[{"href":"http:\/\/blogdalucianaoliveira.com.br\/blog\/wp-json\/wp\/v2\/posts"}],"about":[{"href":"http:\/\/blogdalucianaoliveira.com.br\/blog\/wp-json\/wp\/v2\/types\/post"}],"author":[{"embeddable":true,"href":"http:\/\/blogdalucianaoliveira.com.br\/blog\/wp-json\/wp\/v2\/users\/1"}],"replies":[{"embeddable":true,"href":"http:\/\/blogdalucianaoliveira.com.br\/blog\/wp-json\/wp\/v2\/comments?post=31758"}],"version-history":[{"count":1,"href":"http:\/\/blogdalucianaoliveira.com.br\/blog\/wp-json\/wp\/v2\/posts\/31758\/revisions"}],"predecessor-version":[{"id":31760,"href":"http:\/\/blogdalucianaoliveira.com.br\/blog\/wp-json\/wp\/v2\/posts\/31758\/revisions\/31760"}],"wp:attachment":[{"href":"http:\/\/blogdalucianaoliveira.com.br\/blog\/wp-json\/wp\/v2\/media?parent=31758"}],"wp:term":[{"taxonomy":"category","embeddable":true,"href":"http:\/\/blogdalucianaoliveira.com.br\/blog\/wp-json\/wp\/v2\/categories?post=31758"},{"taxonomy":"post_tag","embeddable":true,"href":"http:\/\/blogdalucianaoliveira.com.br\/blog\/wp-json\/wp\/v2\/tags?post=31758"}],"curies":[{"name":"wp","href":"https:\/\/api.w.org\/{rel}","templated":true}]}}