{"id":31761,"date":"2021-04-30T16:33:25","date_gmt":"2021-04-30T20:33:25","guid":{"rendered":"http:\/\/blogdalucianaoliveira.com.br\/blog\/?p=31761"},"modified":"2021-04-30T16:33:29","modified_gmt":"2021-04-30T20:33:29","slug":"nabhan-garcia-defende-legalizacao-de-grilagem-em-latifundios","status":"publish","type":"post","link":"http:\/\/blogdalucianaoliveira.com.br\/blog\/2021\/04\/30\/nabhan-garcia-defende-legalizacao-de-grilagem-em-latifundios\/","title":{"rendered":"Nabhan Garcia defende legaliza\u00e7\u00e3o de grilagem em latif\u00fandios"},"content":{"rendered":"\n<figure class=\"wp-block-image size-large\"><img data-recalc-dims=\"1\" loading=\"lazy\" decoding=\"async\" width=\"600\" height=\"400\" data-attachment-id=\"31762\" data-permalink=\"http:\/\/blogdalucianaoliveira.com.br\/blog\/2021\/04\/30\/nabhan-garcia-defende-legalizacao-de-grilagem-em-latifundios\/8050329b-9ecb-4ac2-9c2e-99e73e93ed61\/\" data-orig-file=\"https:\/\/i0.wp.com\/blogdalucianaoliveira.com.br\/blog\/wp-content\/uploads\/2021\/04\/8050329B-9ECB-4AC2-9C2E-99E73E93ED61.jpeg?fit=770%2C513\" data-orig-size=\"770,513\" data-comments-opened=\"0\" data-image-meta=\"{&quot;aperture&quot;:&quot;0&quot;,&quot;credit&quot;:&quot;Isac Nobrega&quot;,&quot;camera&quot;:&quot;&quot;,&quot;caption&quot;:&quot;O Secret\\u00e1rio Especial de Assuntos Fundi\\u00e1rios do MAPA, Nabhan Garcia, discursa, durante a cerim\\u00f4nia de Entregas do Governo Federal ao Rio Grande do Norte&quot;,&quot;created_timestamp&quot;:&quot;1598015122&quot;,&quot;copyright&quot;:&quot;Creative commons attribution&quot;,&quot;focal_length&quot;:&quot;0&quot;,&quot;iso&quot;:&quot;0&quot;,&quot;shutter_speed&quot;:&quot;0&quot;,&quot;title&quot;:&quot;&quot;,&quot;orientation&quot;:&quot;1&quot;}\" data-image-title=\"8050329B-9ECB-4AC2-9C2E-99E73E93ED61\" data-image-description=\"\" data-image-caption=\"&lt;p&gt;O Secret\u00e1rio Especial de Assuntos Fundi\u00e1rios do MAPA, Nabhan Garcia, discursa, durante a cerim\u00f4nia de Entregas do Governo Federal ao Rio Grande do Norte&lt;\/p&gt;\n\" data-medium-file=\"https:\/\/i0.wp.com\/blogdalucianaoliveira.com.br\/blog\/wp-content\/uploads\/2021\/04\/8050329B-9ECB-4AC2-9C2E-99E73E93ED61.jpeg?fit=300%2C200\" data-large-file=\"https:\/\/i0.wp.com\/blogdalucianaoliveira.com.br\/blog\/wp-content\/uploads\/2021\/04\/8050329B-9ECB-4AC2-9C2E-99E73E93ED61.jpeg?fit=600%2C400\" src=\"https:\/\/i0.wp.com\/blogdalucianaoliveira.com.br\/blog\/wp-content\/uploads\/2021\/04\/8050329B-9ECB-4AC2-9C2E-99E73E93ED61.jpeg?resize=600%2C400\" alt=\"\" class=\"wp-image-31762\" srcset=\"https:\/\/i0.wp.com\/blogdalucianaoliveira.com.br\/blog\/wp-content\/uploads\/2021\/04\/8050329B-9ECB-4AC2-9C2E-99E73E93ED61.jpeg?w=770 770w, https:\/\/i0.wp.com\/blogdalucianaoliveira.com.br\/blog\/wp-content\/uploads\/2021\/04\/8050329B-9ECB-4AC2-9C2E-99E73E93ED61.jpeg?resize=300%2C200 300w, https:\/\/i0.wp.com\/blogdalucianaoliveira.com.br\/blog\/wp-content\/uploads\/2021\/04\/8050329B-9ECB-4AC2-9C2E-99E73E93ED61.jpeg?resize=768%2C512 768w, https:\/\/i0.wp.com\/blogdalucianaoliveira.com.br\/blog\/wp-content\/uploads\/2021\/04\/8050329B-9ECB-4AC2-9C2E-99E73E93ED61.jpeg?resize=450%2C300 450w\" sizes=\"auto, (max-width: 600px) 100vw, 600px\" \/><\/figure>\n\n\n\n<p><strong>No De Olho Nos Ruralistas<\/strong>&#8211; <em>Secret\u00e1rio de Assuntos Fundi\u00e1rios \u00e9 genro de Alcides Parzianello, que comprou 67 mil hectares de terras ind\u00edgenas na regi\u00e3o de Tangar\u00e1 da Serra (MT); ele articulou medida respons\u00e1vel por excluir\u00a0237 territ\u00f3rios que ainda passam por processo de demarca\u00e7\u00e3o<\/em><\/p>\n\n\n\n<!--more-->\n\n\n\n<p>Por&nbsp;<strong>Mariana Franco Ramos<\/strong><\/p>\n\n\n\n<figure class=\"wp-block-image\"><a href=\"https:\/\/deolhonosruralistas.com.br\/de-olho-nos-mil-parceiros\/\"><img data-recalc-dims=\"1\" decoding=\"async\" src=\"https:\/\/i0.wp.com\/deolhonosruralistas.com.br\/wp-content\/uploads\/2017\/03\/DEOLHO2017-chamada-meio-texto.png?w=600&#038;ssl=1\" alt=\"\" class=\"wp-image-3364\"\/><\/a><\/figure>\n\n\n\n<p>O secret\u00e1rio de Assuntos Fundi\u00e1rios da Presid\u00eancia, Luiz Antonio Nabhan Garcia, afirmou que o Executivo aprova o Projeto de Lei 510\/2021, conhecido como PL da Grilagem, inclusive para latif\u00fandios, e defendeu que o texto seja discutido apenas entre parlamentares. Nabhan participou nesta quinta-feira (29) de&nbsp;<a href=\"https:\/\/www.youtube.com\/watch?v=rga7hX4sHDw\">audi\u00eancia p\u00fablica<\/a>&nbsp;da Comiss\u00e3o de Agricultura e Reforma Agr\u00e1ria (CRA) do Senado.<\/p>\n\n\n\n<p><em>\u2014&nbsp;Temos que nos beneficiar do que a tecnologia moderna pode nos oferecer. Em nome do governo federal, estamos parabenizando esse projeto de lei, que vai ao encontro da vontade de todos.<\/em><\/p>\n\n\n\n<p>Como forma de defender os grandes propriet\u00e1rios, ele disse que, por parte do governo, n\u00e3o h\u00e1 pretens\u00e3o de \u201cdiscriminar\u201d ningu\u00e9m. \u201cTemos que regularizar a todos: os pequenos, os m\u00e9dios e os grandes, infelizmente\u201d, argumentou. \u201cPela pr\u00f3pria Constitui\u00e7\u00e3o, muitos ficar\u00e3o de fora, porque o limite que se estabelece \u00e9 de 2.500 hectares\u201d.<\/p>\n\n\n\n<h3 class=\"wp-block-heading\">RURALISTA ARTICULOU MEDIDA QUE DIMINUI PROTE\u00c7\u00c3O A TERRAS IND\u00cdGENAS<\/h3>\n\n\n\n<figure class=\"wp-block-image\"><img data-recalc-dims=\"1\" height=\"201\" width=\"300\" decoding=\"async\" src=\"https:\/\/i0.wp.com\/deolhonosruralistas.com.br\/wp-content\/uploads\/2021\/04\/1_bolsonehbangarcia-8410216-300x201.png?resize=300%2C201&#038;ssl=1\" alt=\"\" class=\"wp-image-21322\"\/><figcaption>Secret\u00e1rio \u00e9 um dos homens de confian\u00e7a de Bolsonaro. (Foto: Reprodu\u00e7\u00e3o\/Facebook)<\/figcaption><\/figure>\n\n\n\n<p>Homem de confian\u00e7a de Jair Bolsonaro e autodeclarado inimigo da reforma agr\u00e1ria, o&nbsp;ex-presidente da Uni\u00e3o Democr\u00e1tica Ruralista (UDR) \u00e9 ligado a&nbsp;<a href=\"https:\/\/theintercept.com\/2019\/02\/19\/milicias-nabhan-garcia\/\">mil\u00edcias rurais<\/a>&nbsp;que levaram terror \u00e0 regi\u00e3o do Pontal do Paranapanema (SP) entre os anos 1990 e 2000. Ele teve participa\u00e7\u00e3o direta na&nbsp;Instru\u00e7\u00e3o Normativa n\u00ba 9\/2020, da Funda\u00e7\u00e3o Nacional do \u00cdndio (Funai), que promove uma reviravolta na pol\u00edtica indigenista.<\/p>\n\n\n\n<p>A medida altera o procedimento de an\u00e1lise e emiss\u00e3o da Declara\u00e7\u00e3o de Reconhecimento de Limites, documento utilizado para certificar que im\u00f3veis rurais n\u00e3o incidam sobre \u00e1reas com presen\u00e7a ind\u00edgena cadastradas no Sistema de Gest\u00e3o Fundi\u00e1ria (Sigef), plataforma gerida pelo Instituto Nacional de Coloniza\u00e7\u00e3o e Reforma Agr\u00e1ria (Incra).<\/p>\n\n\n\n<p>Ela \u00e9 respons\u00e1vel por excluir&nbsp;237 territ\u00f3rios que ainda passam por processo de demarca\u00e7\u00e3o, tornando poss\u00edvel sua ocupa\u00e7\u00e3o, venda e loteamento. A altera\u00e7\u00e3o foi tema de reportagem do De Olho nos Ruralistas: \u201c<a href=\"https:\/\/deolhonosruralistas.com.br\/2020\/04\/28\/medida-que-reduz-protecao-a-terras-indigenas-foi-articulada-por-nabhan-garcia\/\">Medida que reduz prote\u00e7\u00e3o a terras ind\u00edgenas foi articulada por Nabhan Garcia<\/a>\u201c.<\/p>\n\n\n\n<h3 class=\"wp-block-heading\">SOGRO ADQUIRIU \u00c1REA DO TAMANHO DO BAHREIN<\/h3>\n\n\n\n<p>O secret\u00e1rio \u00e9 ainda genro do fazendeiro Alcides Juraci Parzianello, falecido em 2014, que foi acusado de invas\u00e3o de propriedade, m\u00e1-f\u00e9 e calote. Nos anos 80, Parzianello comprou 67 mil hectares de terras ind\u00edgenas em Diamantino e Tangar\u00e1 da Serra (MT). A rela\u00e7\u00e3o tamb\u00e9m foi retratada em reportagem do observat\u00f3rio: \u201c<a href=\"https:\/\/deolhonosruralistas.com.br\/2018\/11\/28\/sogro-de-nabhan-garcia-comprou-67-mil-hectares-de-terras-indigenas-no-mato-grosso-nos-anos-80\/\">Sogro de Nabhan Garcia comprou 67 mil hectares de terras ind\u00edgenas no Mato Grosso nos anos 80<\/a>\u201c.<\/p>\n\n\n\n<p>A propriedade com o nome de uma freira carmelita foi o piv\u00f4 de uma saga jur\u00eddica que durou mais de trinta anos. O processo tramitou no Tribunal de Justi\u00e7a do Mato Grosso do Sul, onde mora a fam\u00edlia Parzianello, e foi iniciado pelos herdeiros de Waldemar Zwicker Filho, respons\u00e1vel pela venda das terras. Alcides morreu ao longo do processo e seu esp\u00f3lio passou a responder \u00e0 a\u00e7\u00e3o.<\/p>\n\n\n\n<p>Nabhan \u00e9 casado com a m\u00e9dica Maria Angela Parzianello Nabhan Garcia, s\u00f3cia dele em uma consultoria de Presidente Prudente (SP). Ela \u00e9 filha de Alcides Parzianello. Somente a \u00e1rea da fazenda incidente em terras ind\u00edgenas abrange um territ\u00f3rio do tamanho de Bahrein, ou de Singapura.<\/p>\n\n\n\n<h3 class=\"wp-block-heading\">SENADOR IRAJ\u00c1, AUTOR DA PROPOSTA, \u00c9 FILHO DE K\u00c1TIA ABREU<\/h3>\n\n\n\n<p>O projeto que ficou conhecido como PL da Grilagem \u00e9 de iniciativa do senador Iraj\u00e1 Abreu (PSD-TO), filho da senadora K\u00e1tia Abreu (Progressistas-TO), e trata, entre outros pontos, da prorroga\u00e7\u00e3o da data limite para que invas\u00f5es de terras p\u00fablicas ocorridas at\u00e9 2014 sejam regularizadas. A proposta permite que \u00e1reas de at\u00e9 2,5 mil hectares sejam repassadas para os ocupantes do terreno sem a necessidade de vistoria.<\/p>\n\n\n\n<p>Iraj\u00e1 foi o relator da Medida Provis\u00f3ria (MP) N\u00ba 910\/2019, conhecida como&nbsp;<a href=\"https:\/\/www.brasildefato.com.br\/2020\/05\/12\/mp-910-entrega-65-milhoes-de-hectares-publicos-para-uso-privado-denuncia-procuradora\">MP da Grilagem<\/a>, um dos s\u00edmbolos do avan\u00e7o de latifundi\u00e1rios sobre terras p\u00fablicas.&nbsp;A MP caducou, por n\u00e3o ter sido apreciada no prazo legal.&nbsp;Desde ent\u00e3o, os ruralistas passaram a apostar em projetos de lei que, com pequenas varia\u00e7\u00f5es, repetem as mesmas proposi\u00e7\u00f5es.<\/p>\n\n\n\n<figure class=\"wp-block-image\"><img data-recalc-dims=\"1\" height=\"188\" width=\"300\" decoding=\"async\" src=\"https:\/\/i0.wp.com\/deolhonosruralistas.com.br\/wp-content\/uploads\/2021\/04\/favaro-bolsonaro-300x188-300x188.jpeg?resize=300%2C188&#038;ssl=1\" alt=\"\" class=\"wp-image-21312\"\/><figcaption>F\u00e1varo recebe Bolsonaro em Sinop; ao fundo, Nabhan Garcia. (Foto: Assessoria)<\/figcaption><\/figure>\n\n\n\n<p>O relator do PL 510, por sua vez, \u00e9&nbsp;<a href=\"https:\/\/deolhonosruralistas.com.br\/2020\/11\/14\/votacao-no-mato-grosso-pode-dar-maioria-a-bancada-ruralista-no-senado\/?fbclid=IwAR1Zv4_m851L37nP8XMT7KMN-dvPDLneXTmxOqddOPvg5vZ716dyHv9DBiY\">Carlos F\u00e1varo<\/a>(PSD), ex-presidente da Associa\u00e7\u00e3o dos Produtores de Soja e Milho do Estado de Mato Grosso (Aprosoja) e vice-governador entre 2015 e 2018. Em 2018, ele foi denunciado pelo Minist\u00e9rio P\u00fablico do Mato Grosso (MP-MT) por ter agido para impedir a fiscaliza\u00e7\u00e3o do Parque Estadual Serra Ricardo Franco.<\/p>\n\n\n\n<p>\u00c0 \u00e9poca, F\u00e1varo negou as acusa\u00e7\u00f5es e alegou que outros inqu\u00e9ritos sobre o mesmo tema j\u00e1 tinham sido arquivados ap\u00f3s a assinatura de um Termo de Ajustamento de Conduta (<a href=\"https:\/\/www.olharjuridico.com.br\/noticias\/exibir.asp?id=38041&amp;noticia=favaro-diz-estranhar-acao-do-mp-e-nega-ter-impedido-fiscalizacoes-na-ricardo-franco\">TAC<\/a>) entre o estado de Mato Grosso e a Promotoria de Justi\u00e7a de Vila Bela da Sant\u00edssima Trindade.<\/p>\n\n\n\n<p>\u201cN\u00e3o medirei esfor\u00e7os para tirar do papel esse sonho antigo, que \u00e9 a nossa carta de alforria\u201d, escreveu o sojicultor, em sua conta no&nbsp;<a href=\"https:\/\/twitter.com\/Carloshbfavaro\/status\/1387161595483234305?fbclid=IwAR29WlMK3fINRYNViFpOnwSm4B3hfB2vKb0WPDBNSGYNsrDTiHYlJsWB9ZE\">Twitter<\/a>, sobre o PL da Grilagem. Na audi\u00eancia, ele rebateu o que chamou de cr\u00edticas antecipadas \u00e0 mat\u00e9ria: \u201cN\u00f3s n\u00e3o precisamos ter esse tipo de preconceito, n\u00f3s temos que vir para dentro do debate\u201d.<\/p>\n\n\n\n<h3 class=\"wp-block-heading\">PLATAFORMA MOSTRA QUE \u00c1REAS PRIVADAS S\u00c3O AS MAIS DESMATADAS<\/h3>\n\n\n\n<p>Durante o encontro, a&nbsp;pesquisadora Brenda Brito, do Instituto do Homem e Meio Ambiente da Amaz\u00f4nia (Imazon), explicou que a atual legisla\u00e7\u00e3o j\u00e1 atende a demanda pela titularidade da terra e, com o projeto, h\u00e1 o risco de estimular mais desmatamento.&nbsp;As informa\u00e7\u00f5es s\u00e3o da&nbsp;<a href=\"https:\/\/www12.senado.leg.br\/noticias\/materias\/2021\/04\/29\/debatedores-divergem-sobre-proposta-de-nova-legislacao-para-regularizacao-fundiaria\">Ag\u00eancia Senado<\/a>.<\/p>\n\n\n\n<figure class=\"wp-block-image\"><img data-recalc-dims=\"1\" height=\"199\" width=\"300\" decoding=\"async\" src=\"https:\/\/i0.wp.com\/deolhonosruralistas.com.br\/wp-content\/uploads\/2021\/04\/imagem_materia-300x199.jpg?resize=300%2C199&#038;ssl=1\" alt=\"\" class=\"wp-image-21316\"\/><figcaption>Audi\u00eancia p\u00fablica no Senado debateu pontos do PL da Grilagem. (Foto: Leopoldo Silva\/Ag\u00eancia Senado)<\/figcaption><\/figure>\n\n\n\n<p>Segundo o MapBiomas \u2014 plataforma on-line que mapeia o uso da terra no Brasil \u2014 as \u00e1reas mais desmatadas nos \u00faltimos 35 anos s\u00e3o justamente as privadas, enquanto as mais conservadas s\u00e3o as \u00e1reas p\u00fablicas protegidas. A pesquisadora salientou que o desmatamento que ocorre nas florestas p\u00fablicas est\u00e1 acontecendo justamente para for\u00e7ar a privatiza\u00e7\u00e3o dessas \u00e1reas.<\/p>\n\n\n\n<p><em>\u2014 \u00c9 um ciclo hist\u00f3rico que se repete aqui na Amaz\u00f4nia. Come\u00e7a com a ocupa\u00e7\u00e3o, com a invas\u00e3o de uma terra p\u00fablica; seguido de desmatamento para demonstrar o uso dessa \u00e1rea. Na sequ\u00eancia, o im\u00f3vel \u00e9 loteado, \u00e9 inscrito em cadastros, como o Cadastro Ambiental Rural. Quem ocupou pede um t\u00edtulo de terra para esse im\u00f3vel, muitas vezes acaba vendendo essa ocupa\u00e7\u00e3o para terceiros que acabam comprando muitas vezes de boa-f\u00e9, sem saber de que se trata de uma \u00e1rea ilegalmente ocupada.&nbsp;<\/em><\/p>\n\n\n\n<p>|&nbsp;<a href=\"https:\/\/twitter.com\/marifrancoramos\">Mariana Franco Ramos<\/a>&nbsp;\u00e9 rep\u00f3rter do De Olho nos Ruralistas. |<\/p>\n","protected":false},"excerpt":{"rendered":"<p>No De Olho Nos Ruralistas&#8211; Secret\u00e1rio de Assuntos Fundi\u00e1rios \u00e9 genro de Alcides Parzianello, que comprou 67 mil hectares de terras ind\u00edgenas na regi\u00e3o de Tangar\u00e1 da Serra (MT); ele articulou medida respons\u00e1vel por excluir\u00a0237 territ\u00f3rios que ainda passam por processo de demarca\u00e7\u00e3o<\/p>\n","protected":false},"author":1,"featured_media":0,"comment_status":"closed","ping_status":"open","sticky":false,"template":"","format":"standard","meta":{"_exactmetrics_skip_tracking":false,"_exactmetrics_sitenote_active":false,"_exactmetrics_sitenote_note":"","_exactmetrics_sitenote_category":0,"jetpack_post_was_ever_published":false,"_jetpack_newsletter_access":"","_jetpack_dont_email_post_to_subs":false,"_jetpack_newsletter_tier_id":0,"_jetpack_memberships_contains_paywalled_content":false,"_jetpack_memberships_contains_paid_content":false,"footnotes":"","jetpack_publicize_message":"","jetpack_publicize_feature_enabled":true,"jetpack_social_post_already_shared":true,"jetpack_social_options":{"image_generator_settings":{"template":"highway","enabled":false},"version":2}},"categories":[1],"tags":[],"class_list":["post-31761","post","type-post","status-publish","format-standard","hentry","category-notas"],"jetpack_publicize_connections":[],"jetpack_sharing_enabled":true,"jetpack_featured_media_url":"","jetpack_shortlink":"https:\/\/wp.me\/p7wKYW-8gh","jetpack-related-posts":[],"_links":{"self":[{"href":"http:\/\/blogdalucianaoliveira.com.br\/blog\/wp-json\/wp\/v2\/posts\/31761","targetHints":{"allow":["GET"]}}],"collection":[{"href":"http:\/\/blogdalucianaoliveira.com.br\/blog\/wp-json\/wp\/v2\/posts"}],"about":[{"href":"http:\/\/blogdalucianaoliveira.com.br\/blog\/wp-json\/wp\/v2\/types\/post"}],"author":[{"embeddable":true,"href":"http:\/\/blogdalucianaoliveira.com.br\/blog\/wp-json\/wp\/v2\/users\/1"}],"replies":[{"embeddable":true,"href":"http:\/\/blogdalucianaoliveira.com.br\/blog\/wp-json\/wp\/v2\/comments?post=31761"}],"version-history":[{"count":1,"href":"http:\/\/blogdalucianaoliveira.com.br\/blog\/wp-json\/wp\/v2\/posts\/31761\/revisions"}],"predecessor-version":[{"id":31763,"href":"http:\/\/blogdalucianaoliveira.com.br\/blog\/wp-json\/wp\/v2\/posts\/31761\/revisions\/31763"}],"wp:attachment":[{"href":"http:\/\/blogdalucianaoliveira.com.br\/blog\/wp-json\/wp\/v2\/media?parent=31761"}],"wp:term":[{"taxonomy":"category","embeddable":true,"href":"http:\/\/blogdalucianaoliveira.com.br\/blog\/wp-json\/wp\/v2\/categories?post=31761"},{"taxonomy":"post_tag","embeddable":true,"href":"http:\/\/blogdalucianaoliveira.com.br\/blog\/wp-json\/wp\/v2\/tags?post=31761"}],"curies":[{"name":"wp","href":"https:\/\/api.w.org\/{rel}","templated":true}]}}