{"id":31765,"date":"2021-05-01T12:35:12","date_gmt":"2021-05-01T16:35:12","guid":{"rendered":"http:\/\/blogdalucianaoliveira.com.br\/blog\/?p=31765"},"modified":"2021-05-01T12:35:17","modified_gmt":"2021-05-01T16:35:17","slug":"qual-a-situacao-da-classe-trabalhadora-neste-1o-de-maio","status":"publish","type":"post","link":"http:\/\/blogdalucianaoliveira.com.br\/blog\/2021\/05\/01\/qual-a-situacao-da-classe-trabalhadora-neste-1o-de-maio\/","title":{"rendered":"Qual a situa\u00e7\u00e3o da classe trabalhadora neste 1\u00ba de maio?"},"content":{"rendered":"\n<figure class=\"wp-block-image size-large\"><img data-recalc-dims=\"1\" loading=\"lazy\" decoding=\"async\" width=\"600\" height=\"450\" data-attachment-id=\"31766\" data-permalink=\"http:\/\/blogdalucianaoliveira.com.br\/blog\/2021\/05\/01\/qual-a-situacao-da-classe-trabalhadora-neste-1o-de-maio\/ebc469dc-3415-4106-851d-baac3d5595ed\/\" data-orig-file=\"https:\/\/i0.wp.com\/blogdalucianaoliveira.com.br\/blog\/wp-content\/uploads\/2021\/05\/EBC469DC-3415-4106-851D-BAAC3D5595ED.jpeg?fit=800%2C600\" data-orig-size=\"800,600\" data-comments-opened=\"0\" data-image-meta=\"{&quot;aperture&quot;:&quot;0&quot;,&quot;credit&quot;:&quot;&quot;,&quot;camera&quot;:&quot;&quot;,&quot;caption&quot;:&quot;&quot;,&quot;created_timestamp&quot;:&quot;0&quot;,&quot;copyright&quot;:&quot;&quot;,&quot;focal_length&quot;:&quot;0&quot;,&quot;iso&quot;:&quot;0&quot;,&quot;shutter_speed&quot;:&quot;0&quot;,&quot;title&quot;:&quot;&quot;,&quot;orientation&quot;:&quot;0&quot;}\" data-image-title=\"EBC469DC-3415-4106-851D-BAAC3D5595ED\" data-image-description=\"\" data-image-caption=\"\" data-medium-file=\"https:\/\/i0.wp.com\/blogdalucianaoliveira.com.br\/blog\/wp-content\/uploads\/2021\/05\/EBC469DC-3415-4106-851D-BAAC3D5595ED.jpeg?fit=300%2C225\" data-large-file=\"https:\/\/i0.wp.com\/blogdalucianaoliveira.com.br\/blog\/wp-content\/uploads\/2021\/05\/EBC469DC-3415-4106-851D-BAAC3D5595ED.jpeg?fit=600%2C450\" src=\"https:\/\/i0.wp.com\/blogdalucianaoliveira.com.br\/blog\/wp-content\/uploads\/2021\/05\/EBC469DC-3415-4106-851D-BAAC3D5595ED.jpeg?resize=600%2C450\" alt=\"\" class=\"wp-image-31766\" srcset=\"https:\/\/i0.wp.com\/blogdalucianaoliveira.com.br\/blog\/wp-content\/uploads\/2021\/05\/EBC469DC-3415-4106-851D-BAAC3D5595ED.jpeg?w=800 800w, https:\/\/i0.wp.com\/blogdalucianaoliveira.com.br\/blog\/wp-content\/uploads\/2021\/05\/EBC469DC-3415-4106-851D-BAAC3D5595ED.jpeg?resize=300%2C225 300w, https:\/\/i0.wp.com\/blogdalucianaoliveira.com.br\/blog\/wp-content\/uploads\/2021\/05\/EBC469DC-3415-4106-851D-BAAC3D5595ED.jpeg?resize=768%2C576 768w, https:\/\/i0.wp.com\/blogdalucianaoliveira.com.br\/blog\/wp-content\/uploads\/2021\/05\/EBC469DC-3415-4106-851D-BAAC3D5595ED.jpeg?resize=400%2C300 400w\" sizes=\"auto, (max-width: 600px) 100vw, 600px\" \/><\/figure>\n\n\n\n<h4 class=\"wp-block-heading\">Terceiriza\u00e7\u00e3o, uberiza\u00e7\u00e3o e desmonte das leis laborais conquistadas no s\u00e9culo 20 marcam o cen\u00e1rio atual<\/h4>\n\n\n\n<!--more-->\n\n\n\n<p>Michele de Mello<\/p>\n\n\n\n<p>Brasil de Fato | Caracas (Venezuela)<\/p>\n\n\n\n<p>Primeiro de maio,&nbsp;Dia Internacional do Trabalhador e da Trabalhadora mais do que um feriado, carrega um hist\u00f3rico de luta por direitos. Ao inv\u00e9s de celebrar, neste 2021, a classe trabalhadora tem ainda mais motivos para reivindicar. De acordo com a<a href=\"https:\/\/www.ilo.org\/wcmsp5\/groups\/public\/---dgreports\/---dcomm\/documents\/briefingnote\/wcms_767045.pdf\" target=\"_blank\" rel=\"noreferrer noopener\">&nbsp;Organiza\u00e7\u00e3o Internacional do Trabalho (OIT),<\/a>&nbsp;durante o \u00faltimo ano de pandemia, houve uma redu\u00e7\u00e3o de 8,8% nas horas trabalhadas, o que representa a perda de 255 milh\u00f5es de empregos de tempo integral ao redor de mundo, quatro vezes mais do que em 2019.<\/p>\n\n\n\n<p>Nos primeiros quatro meses do ano, a tend\u00eancia se manteve, com a diminui\u00e7\u00e3o de 3% das horas trabalhadas em todo o planeta, equivalente a 90 milh\u00f5es de empregos.<\/p>\n\n\n\n<figure><iframe loading=\"lazy\" allowfullscreen=\"\" height=\"315\" src=\"https:\/\/www.youtube.com\/embed\/sR5CNR1l1pU\" width=\"560\"><\/iframe><\/figure>\n\n\n\n<p>No Brasil a situa\u00e7\u00e3o n\u00e3o \u00e9 diferente, o pa\u00eds entra em 2021 com uma taxa de desemprego de 14,2%, quase 14 milh\u00f5es de desocupados, de acordo com Instituto Brasileiro de Geografia e Estat\u00edstica (IBGE). Para aqueles que ainda possuem alguma renda, a informalidade foi a sa\u00edda.<\/p>\n\n\n\n<p>Cerca de 34 milh\u00f5es de trabalhadores, quase 40% da popula\u00e7\u00e3o economicamente ativa do Brasil, est\u00e1 no setor informal. S\u00e3o as pessoas que fazem bico, diaristas, ambulantes, pessoas que trabalham como freelancer, entre outras.<\/p>\n\n\n\n<p>\u201cA gente chega nesse 1\u00ba de maio, a n\u00edvel mundial, com uma situa\u00e7\u00e3o de bastante debilidade&nbsp;da classe trabalhadora do ponto de vista estrutural. &nbsp;Algo que vem de um processo mais amplo de eros\u00e3o do trabalho assalariado\u201d, analisa o soci\u00f3logo e professor da Universidade de Bras\u00edlia (UnB), Ricardo Festi.<\/p>\n\n\n\n<p>Retrocessos<\/p>\n\n\n\n<p>Na \u00faltima ter\u00e7a-feira (27), o presidente Jair Bolsonaro editou uma nova&nbsp;<a href=\"https:\/\/static.poder360.com.br\/2021\/04\/MP-1045-Novo-Programa-Manutencao-Emprego-Renda-27-abr-2021.pdf\" target=\"_blank\" rel=\"noreferrer noopener\">Medida Provis\u00f3ria<\/a>autorizando a suspens\u00e3o dos contratos de trabalho por at\u00e9 quatro meses, o adiamento do pagamento do fundo de garantia (FGTS) e a diminui\u00e7\u00e3o dos sal\u00e1rios em at\u00e9 70%. Em 2020, com uma MP similar, 1,5 milh\u00e3o tiveram os sal\u00e1rios reduzidos e 9,8 milh\u00f5es os contratos suspensos.<\/p>\n\n\n\n<p>A soci\u00f3loga T\u00e1bata Berg identifica que a precariza\u00e7\u00e3o se expressou um trip\u00e9: terceiriza\u00e7\u00e3o,&nbsp;<a href=\"https:\/\/www.brasildefato.com.br\/2019\/07\/26\/confira-a-edicao-de-sao-paulo-do-programa-brasil-de-fato-260719\" target=\"_blank\" rel=\"noreferrer noopener\">uberiza\u00e7\u00e3o<\/a>&nbsp;e desmonte das leis trabalhistas.<br><br><strong>Veja tamb\u00e9m:&nbsp;<\/strong><a href=\"https:\/\/www.brasildefato.com.br\/2021\/04\/30\/primeiro-motorista-a-processar-a-uber-no-brasil-o-algoritmo-e-o-novo-capataz\" target=\"_blank\" rel=\"noreferrer noopener\">Primeiro motorista a processar a Uber no Brasil: \u201cO algoritmo \u00e9 o novo capataz\u201d<\/a><\/p>\n\n\n\n<p>\u201cA gente tem um desmonte progressivo da CLT, com propostas de reformas trabalhistas cada vez mais duras. Essa \u00e9 a realidade para os trabalhadores em todo o mundo, mas \u00e9 ainda mais perverso nesse contexto, com um contingente significativo de trabalhadores que nunca experimentaram direitos sociais e direitos trabalhistas\u201d, aponta a tamb\u00e9m pesquisadora da Universidade Estadual de Campinas (Unicamp).<\/p>\n\n\n\n<figure class=\"wp-block-image\"><img data-recalc-dims=\"1\" decoding=\"async\" src=\"https:\/\/i0.wp.com\/images01.brasildefato.com.br\/6bdbdf9c2ec20bf29f22482f9e492ab9.jpeg?w=600&#038;ssl=1\" alt=\"\"\/><\/figure>\n\n\n\n<p><br>Trabalho informal \u00e9 realidade para 39,6 milh\u00f5es de brasileiros em 2021, segundo IBGE \/ Governo Santos<\/p>\n\n\n\n<p>Desigualdade&nbsp;<\/p>\n\n\n\n<p>Se o panorama geral \u00e9 negativo, ao fazer um recorte de g\u00eanero e ra\u00e7a \u00e9 poss\u00edvel perceber que o cen\u00e1rio pode ser ainda pior. As mulheres negras s\u00e3o 60% da popula\u00e7\u00e3o desempregada, segundo o IBGE. Tamb\u00e9m s\u00e3o as que passam mais tempo buscando emprego, 24% de 3 a&nbsp;6 meses,&nbsp;e 18% passaram&nbsp;at\u00e9 um ano.<\/p>\n\n\n\n<p>Al\u00e9m disso, s\u00e3o as piores remuneradas, uma mulher negra ganha em m\u00e9dio R$10,95 por hora, enquanto as mulheres brancas ganham cerca de R$18,15 por hora trabalhada, j\u00e1 os homens brancos tiveram uma m\u00e9dia de R$20,79&nbsp;de remunera\u00e7\u00e3o, segundo levantamento de 2020 do&nbsp;<a href=\"https:\/\/www.dieese.org.br\/outraspublicacoes\/2021\/graficosMulheresBrasilRegioes2021.html\" target=\"_blank\" rel=\"noreferrer noopener\">Departamento Intersindical de Estat\u00edstica e Estudos Econ\u00f4micos (Dieese).<\/a><\/p>\n\n\n\n<p>Entre a juventude, quase um ter\u00e7o dos jovens brasileiros est\u00e3o desempregados e 78% possui baixos sal\u00e1rios ou&nbsp;contr\u00e1rios tempor\u00e1rios.<\/p>\n\n\n\n<p><strong>Leia tamb\u00e9m:&nbsp;<\/strong><a href=\"https:\/\/www.brasildefato.com.br\/2021\/03\/10\/aluguel-dividas-gasolina-motoristas-de-app-relatam-desespero-para-fechar-as-contas\" target=\"_blank\" rel=\"noreferrer noopener\">Aluguel, d\u00edvidas, gasolina: motoristas de app relatam desespero para fechar as contas<\/a><\/p>\n\n\n\n<p>A falta de renda gera uma rea\u00e7\u00e3o em cadeia, com o aumento da fome da pobreza. Segundo a&nbsp;<a href=\"https:\/\/www.cepal.org\/es\/comunicados\/pandemia-provoca-aumento-niveles-pobreza-sin-precedentes-ultimas-decadas-impacta\" target=\"_blank\" rel=\"noreferrer noopener\">Comiss\u00e3o Econ\u00f4mica para a Am\u00e9rica Latina e o Caribe (Cepal),<\/a>&nbsp;118 milh\u00f5es de mulheres latino-americanas passaram a viver em situa\u00e7\u00e3o de pobreza em 2020 \u2013 maior \u00edndice dos \u00faltimos 20 anos.<\/p>\n\n\n\n<p>O Brasil voltou a fazer parte do&nbsp;<a href=\"https:\/\/www.brasildefato.com.br\/2021\/04\/18\/na-pandemia-13-6-dos-brasileiros-acima-de-18-anos-ja-ficaram-um-dia-sem-refeicao\" target=\"_blank\" rel=\"noreferrer noopener\">mapa de fome<\/a>&nbsp;da ONU, quase 60% dos lares brasileiros realizam menos de tr\u00eas refei\u00e7\u00f5es ao dia, com 125,6 milh\u00f5es de pessoas em situa\u00e7\u00e3o de inseguran\u00e7a alimentar.<\/p>\n\n\n\n<figure class=\"wp-block-image\"><img data-recalc-dims=\"1\" decoding=\"async\" src=\"https:\/\/i0.wp.com\/images01.brasildefato.com.br\/e409d232c853914344d628b1fb116a61.jpeg?w=600&#038;ssl=1\" alt=\"\"\/><\/figure>\n\n\n\n<p><br>Categoria de entregadores de aplicativos se mobilizou em diversas capitais e cidades brasileiras durante Breque dos Apps em julho de 2020\/Jaqueline Deister<\/p>\n\n\n\n<p>Mobiliza\u00e7\u00e3o<\/p>\n\n\n\n<p>A devasta\u00e7\u00e3o gerada pela pandemia no mundo do trabalho exigiria ainda mais radicalidade dos sindicatos e outras formas de organiza\u00e7\u00e3o da classe nesse 1\u00ba de maio. No entanto, o descontrole dos cont\u00e1gios e a alta letalidade do v\u00edrus no Brasil, impedem a realiza\u00e7\u00e3o de grandes manifesta\u00e7\u00f5es de rua.<\/p>\n\n\n\n<p>Para esse ano, as&nbsp;<a href=\"https:\/\/www.brasildefato.com.br\/2021\/04\/18\/na-pandemia-13-6-dos-brasileiros-acima-de-18-anos-ja-ficaram-um-dia-sem-refeicao\" target=\"_blank\" rel=\"noreferrer noopener\">centrais sindicais<\/a>&nbsp;convocaram debates online com o lema \u201ca vida primeiro\u201d.<br><br><a href=\"https:\/\/www.brasildefato.com.br\/2021\/04\/28\/confira-sindicais-realizam-atividades-na-semana-da-trabalhadora-e-do-trabalhador\" target=\"_blank\" rel=\"noreferrer noopener\">::Centrais sindicais realizam atividades na Semana da Trabalhadora e do Trabalhador::<\/a><\/p>\n\n\n\n<p>Para ambos soci\u00f3logos, o panorama dram\u00e1tico se agrava com a crise econ\u00f4mica iniciada em 2018 e com ascens\u00e3o de governos de extrema direita.<\/p>\n\n\n\n<p>E desde ent\u00e3o os setores mais precarizados tem dado o ritmo das agendas de luta. No Brasil, em outros pa\u00edses da Am\u00e9rica Latina e na Europa, os entregadores por aplicativo realizaram mobiliza\u00e7\u00f5es massivas e, em alguns lugares, conquistaram melhores condi\u00e7\u00f5es de trabalho.<\/p>\n\n\n\n<figure class=\"wp-block-image\"><img data-recalc-dims=\"1\" decoding=\"async\" src=\"https:\/\/i0.wp.com\/images02.brasildefato.com.br\/5d10a08e10464c74dad54a770861431a.jpeg?w=600&#038;ssl=1\" alt=\"\"\/><\/figure>\n\n\n\n<p><br>Movimento dos Sem Teto realizou uma manifesta\u00e7\u00e3o em S\u00e3o Paulo, na \u00faltima sexta-feira (30), para denunciar as 400 mil mortes por covid-19 no Brasil \/ MTST<\/p>\n\n\n\n<p>\u201cA gente tem um contexto de avan\u00e7o da extrema direita, mas tamb\u00e9m tem muitos focos de luta, como os entregadores em todo o mundo t\u00eam se organizado e conseguido vit\u00f3rias importantes. As lutas dos trabalhadores e trabalhadoras nesse 1\u00ba de maio vai ser diferente do s\u00e9culo XX e j\u00e1 come\u00e7a a se desenhar esse perfil\u201d, aponta T\u00e1bata Berg.<\/p>\n\n\n\n<p>Para Ricardo Festin, \u00e9 importante retomar o trabalho de base e o di\u00e1logo entre o movimento sindical, social e estudantil para enfrentar o desmonte da concep\u00e7\u00e3o de trabalho consolidada nas d\u00e9cadas anteriores.<\/p>\n\n\n\n<p>\u201c\u00c9 necess\u00e1rio pensar um novo programa que d\u00ea conta nesse novo mundo do trabalho, que supere uma nostalgia fordista. Como vamos pensar direitos sociais, pol\u00edticos, que n\u00e3o retorne as formas de intensifica\u00e7\u00e3o e explora\u00e7\u00e3o da classe trabalhadora. Como vamos atender as maiorias que s\u00e3o minorizadas\u201d, conclui.<\/p>\n\n\n\n<p>Edi\u00e7\u00e3o: Marina Duarte de Souza<\/p>\n","protected":false},"excerpt":{"rendered":"<p>Terceiriza\u00e7\u00e3o, uberiza\u00e7\u00e3o e desmonte das leis laborais conquistadas no s\u00e9culo 20 marcam o cen\u00e1rio atual<\/p>\n","protected":false},"author":1,"featured_media":0,"comment_status":"closed","ping_status":"open","sticky":false,"template":"","format":"standard","meta":{"_exactmetrics_skip_tracking":false,"_exactmetrics_sitenote_active":false,"_exactmetrics_sitenote_note":"","_exactmetrics_sitenote_category":0,"jetpack_post_was_ever_published":false,"_jetpack_newsletter_access":"","_jetpack_dont_email_post_to_subs":false,"_jetpack_newsletter_tier_id":0,"_jetpack_memberships_contains_paywalled_content":false,"_jetpack_memberships_contains_paid_content":false,"footnotes":"","jetpack_publicize_message":"","jetpack_publicize_feature_enabled":true,"jetpack_social_post_already_shared":true,"jetpack_social_options":{"image_generator_settings":{"template":"highway","enabled":false},"version":2}},"categories":[1],"tags":[],"class_list":["post-31765","post","type-post","status-publish","format-standard","hentry","category-notas"],"jetpack_publicize_connections":[],"jetpack_sharing_enabled":true,"jetpack_featured_media_url":"","jetpack_shortlink":"https:\/\/wp.me\/p7wKYW-8gl","jetpack-related-posts":[],"_links":{"self":[{"href":"http:\/\/blogdalucianaoliveira.com.br\/blog\/wp-json\/wp\/v2\/posts\/31765","targetHints":{"allow":["GET"]}}],"collection":[{"href":"http:\/\/blogdalucianaoliveira.com.br\/blog\/wp-json\/wp\/v2\/posts"}],"about":[{"href":"http:\/\/blogdalucianaoliveira.com.br\/blog\/wp-json\/wp\/v2\/types\/post"}],"author":[{"embeddable":true,"href":"http:\/\/blogdalucianaoliveira.com.br\/blog\/wp-json\/wp\/v2\/users\/1"}],"replies":[{"embeddable":true,"href":"http:\/\/blogdalucianaoliveira.com.br\/blog\/wp-json\/wp\/v2\/comments?post=31765"}],"version-history":[{"count":1,"href":"http:\/\/blogdalucianaoliveira.com.br\/blog\/wp-json\/wp\/v2\/posts\/31765\/revisions"}],"predecessor-version":[{"id":31767,"href":"http:\/\/blogdalucianaoliveira.com.br\/blog\/wp-json\/wp\/v2\/posts\/31765\/revisions\/31767"}],"wp:attachment":[{"href":"http:\/\/blogdalucianaoliveira.com.br\/blog\/wp-json\/wp\/v2\/media?parent=31765"}],"wp:term":[{"taxonomy":"category","embeddable":true,"href":"http:\/\/blogdalucianaoliveira.com.br\/blog\/wp-json\/wp\/v2\/categories?post=31765"},{"taxonomy":"post_tag","embeddable":true,"href":"http:\/\/blogdalucianaoliveira.com.br\/blog\/wp-json\/wp\/v2\/tags?post=31765"}],"curies":[{"name":"wp","href":"https:\/\/api.w.org\/{rel}","templated":true}]}}