{"id":31768,"date":"2021-05-01T14:04:36","date_gmt":"2021-05-01T18:04:36","guid":{"rendered":"http:\/\/blogdalucianaoliveira.com.br\/blog\/?p=31768"},"modified":"2021-05-01T14:05:41","modified_gmt":"2021-05-01T18:05:41","slug":"mais-um-lider-indigena-e-alvo-da-policia-federal-a-pedido-da-funai","status":"publish","type":"post","link":"http:\/\/blogdalucianaoliveira.com.br\/blog\/2021\/05\/01\/mais-um-lider-indigena-e-alvo-da-policia-federal-a-pedido-da-funai\/","title":{"rendered":"Mais um l\u00edder ind\u00edgena \u00e9 alvo da Pol\u00edcia Federal a pedido da Funai"},"content":{"rendered":"\n<figure class=\"wp-block-image size-large\"><img data-recalc-dims=\"1\" loading=\"lazy\" decoding=\"async\" width=\"600\" height=\"546\" data-attachment-id=\"31769\" data-permalink=\"http:\/\/blogdalucianaoliveira.com.br\/blog\/2021\/05\/01\/mais-um-lider-indigena-e-alvo-da-policia-federal-a-pedido-da-funai\/df9c185b-73e1-4aa3-aa84-775f923be33e\/\" data-orig-file=\"https:\/\/i0.wp.com\/blogdalucianaoliveira.com.br\/blog\/wp-content\/uploads\/2021\/05\/DF9C185B-73E1-4AA3-AA84-775F923BE33E.jpeg?fit=828%2C753\" data-orig-size=\"828,753\" data-comments-opened=\"0\" data-image-meta=\"{&quot;aperture&quot;:&quot;0&quot;,&quot;credit&quot;:&quot;&quot;,&quot;camera&quot;:&quot;&quot;,&quot;caption&quot;:&quot;&quot;,&quot;created_timestamp&quot;:&quot;0&quot;,&quot;copyright&quot;:&quot;&quot;,&quot;focal_length&quot;:&quot;0&quot;,&quot;iso&quot;:&quot;0&quot;,&quot;shutter_speed&quot;:&quot;0&quot;,&quot;title&quot;:&quot;&quot;,&quot;orientation&quot;:&quot;1&quot;}\" data-image-title=\"DF9C185B-73E1-4AA3-AA84-775F923BE33E\" data-image-description=\"\" data-image-caption=\"\" data-medium-file=\"https:\/\/i0.wp.com\/blogdalucianaoliveira.com.br\/blog\/wp-content\/uploads\/2021\/05\/DF9C185B-73E1-4AA3-AA84-775F923BE33E.jpeg?fit=300%2C273\" data-large-file=\"https:\/\/i0.wp.com\/blogdalucianaoliveira.com.br\/blog\/wp-content\/uploads\/2021\/05\/DF9C185B-73E1-4AA3-AA84-775F923BE33E.jpeg?fit=600%2C546\" src=\"https:\/\/i0.wp.com\/blogdalucianaoliveira.com.br\/blog\/wp-content\/uploads\/2021\/05\/DF9C185B-73E1-4AA3-AA84-775F923BE33E.jpeg?resize=600%2C546\" alt=\"\" class=\"wp-image-31769\" srcset=\"https:\/\/i0.wp.com\/blogdalucianaoliveira.com.br\/blog\/wp-content\/uploads\/2021\/05\/DF9C185B-73E1-4AA3-AA84-775F923BE33E.jpeg?w=828 828w, https:\/\/i0.wp.com\/blogdalucianaoliveira.com.br\/blog\/wp-content\/uploads\/2021\/05\/DF9C185B-73E1-4AA3-AA84-775F923BE33E.jpeg?resize=300%2C273 300w, https:\/\/i0.wp.com\/blogdalucianaoliveira.com.br\/blog\/wp-content\/uploads\/2021\/05\/DF9C185B-73E1-4AA3-AA84-775F923BE33E.jpeg?resize=768%2C698 768w, https:\/\/i0.wp.com\/blogdalucianaoliveira.com.br\/blog\/wp-content\/uploads\/2021\/05\/DF9C185B-73E1-4AA3-AA84-775F923BE33E.jpeg?resize=330%2C300 330w\" sizes=\"auto, (max-width: 600px) 100vw, 600px\" \/><\/figure>\n\n\n\n<p><strong>Uol, por Rubens Valente<\/strong> &#8211; A pedido da Funai (Funda\u00e7\u00e3o Nacional de Bras\u00edlia) de Bras\u00edlia, a Pol\u00edcia Federal em Rond\u00f4nia abriu um inqu\u00e9rito e fez perguntas por telefone a l\u00edderes do povo ind\u00edgena Suru\u00ed de duas associa\u00e7\u00f5es relacionadas a um dos principais l\u00edderes ind\u00edgenas do pa\u00eds, Almir Narayamoga Suru\u00ed. Ele tamb\u00e9m foi procurado e indagado por telefone por um policial nesta sexta-feira (30).<\/p>\n\n\n\n<!--more-->\n\n\n\n<p>Em janeiro deste ano, Almir Suru\u00ed subscreveu, junto com o cacique kayap\u00f3 Raoni, um pedido de investiga\u00e7\u00e3o contra o presidente&nbsp;<a href=\"https:\/\/noticias.uol.com.br\/politica\/governo-bolsonaro\/\">Jair Bolsonaro<\/a>&nbsp;no TPI (Tribunal Penal Internacional) por aumento da destrui\u00e7\u00e3o na Amaz\u00f4nia e ataques aos direitos ind\u00edgenas.<\/p>\n\n\n\n<p>A Pol\u00edcia Federal informou \u00e0 coluna, em nota, que a investiga\u00e7\u00e3o em Rond\u00f4nia foi aberta a partir de uma representa\u00e7\u00e3o da Funai que pediu provid\u00eancias sobre suposta &#8220;difama\u00e7\u00e3o&#8221; contida numa campanha virtual aberta pelos Suru\u00ed em setembro do ano passado para arrecadar recursos a fim de ajudar os ind\u00edgenas a enfrentarem a estrat\u00e9gia de distanciamento social no combate \u00e0 pandemia do novo&nbsp;<a href=\"https:\/\/www.uol.com.br\/vivabem\/noticias\/redacao\/2020\/01\/25\/tire-suas-principais-duvidas-sobre-o-coronavirus-que-se-espalha-pelo-mundo.htm\">coronav\u00edrus<\/a>.<\/p>\n\n\n\n<p>Almir Suru\u00ed disse \u00e0 coluna que foi procurado por telefone nesta sexta-feira por um homem que se dizia delegado da PF de Ji-Paran\u00e1 (RO). Ele afirmou que a pol\u00edcia estava investigando, a pedido da Funai, a campanha denominada &#8220;Povos da floresta contra Covid-19&#8221;.<\/p>\n\n\n\n<p>&#8220;A gente sempre est\u00e1 falando que o governo n\u00e3o tem atendido de forma respeitosa a quest\u00e3o ind\u00edgena. N\u00e3o tem essa conduta quando fala da pol\u00edtica ind\u00edgena e da gest\u00e3o do territ\u00f3rio. Mas isso n\u00e3o \u00e9 difama\u00e7\u00e3o, isso \u00e9 o que o governo faz. Isso [inqu\u00e9rito] \u00e9 uma amea\u00e7a do governo, mas sei que vamos ter que enfrentar&#8221;, disse Almir.<\/p>\n\n\n\n<p>&#8220;Eles est\u00e3o dando medo para a gente recuar, mas acima de tudo isso \u00e9 uma desrespeito porque n\u00f3s estamos tentando fazer um direito do nosso povo. Eles querem que a gente pare de lutar. N\u00e3o \u00e9 isso que vai deixar a gente parar de lutar. A gente vai continuar a luta. Sei que isso \u00e9 perigoso. Aqui na regi\u00e3o do Estado onde estamos \u00e9 70% bolsonarista. Ent\u00e3o isso \u00e9 perigos\u00edssimo para n\u00f3s&#8221;, afirmou o l\u00edder Suru\u00ed.<\/p>\n\n\n\n<p>Cacique do povo Paiter Suru\u00ed, que ao longo do s\u00e9culo passado quase foi dizimado ap\u00f3s in\u00fameros surtos de doen\u00e7as, invas\u00f5es de territ\u00f3rio e roubo de madeira e ca\u00e7a ilegal, Almir Suru\u00ed \u00e9 um dos mais reconhecidos ind\u00edgenas do pa\u00eds. Em 2013, ele ganhou das Na\u00e7\u00f5es Unidas o t\u00edtulo de &#8220;Her\u00f3i da Floresta&#8221;, pelo trabalho de conserva\u00e7\u00e3o da Terra Ind\u00edgena Sete de Setembro, na divisa entre Rond\u00f4nia e Mato Grosso.<\/p>\n\n\n\n<p>Almir discursou em diversos encontros promovidos por organismos internacionais, como a ONU, e foi premiado em 2008 pela Sociedade Internacional de Direitos Humanos, mesma honraria antes concedida ao Dalai Lama.<\/p>\n\n\n\n<p>Al\u00e9m de Almir, a PF de Ji-Paran\u00e1 tamb\u00e9m telefonou e fez v\u00e1rias perguntas ao sobrinho do l\u00edder ind\u00edgena, Rubens Suru\u00ed, diretor licenciado da Associa\u00e7\u00e3o Metareil\u00e1. &#8220;Fuipego de surpresa. Ele se informou como agente policial e mandou mensagem primeiro, perguntando se eu era Rubens Suru\u00ed e que queria fazer algumas perguntas. Ele&nbsp;falou que, caso eu quisesse permanecer em sil\u00eancio, n\u00e3o precisava responder.&nbsp;Eu disse que &#8216;n\u00e3o tenho por que ficar calado e n\u00e3o estou correndo da pol\u00edcia. Pode perguntar&#8217;. Ele disse que &#8216;na&nbsp;verdade estou fazendo essas perguntas porque a Funai pediu que a Pol\u00edcia Federal fizesse essas perguntas para voc\u00eas porque a Funai alegou que voc\u00eas fizeram uma difama\u00e7\u00e3o contra a Funai'&#8221;, disse Rubens.<\/p>\n\n\n\n<p>O policial tamb\u00e9m indagou sobre a campanha &#8220;Povos da floresta contra Covid-19&#8221;. &#8220;Essa a\u00e7\u00e3o foi para o povo Paiter Suru\u00ed arrecadar algum recurso financeiro ou qualquer tipo de apoio para que os ind\u00edgenas permanecessem nas suas aldeias durante a pandemia, para que n\u00e3o viessem para a cidade se contaminar. Ent\u00e3o para evitar isso, n\u00f3s que est\u00e1vamos \u00e0 frente, resolvemos lan\u00e7ar essa campanha com outras pessoas n\u00e3o ind\u00edgenas que fizeram parte de forma volunt\u00e1ria&#8221;, disse Rubens.<\/p>\n\n\n\n<p>&#8220;Foi a Funai que provocou a pol\u00edcia para vir para cima da gente, foi isso que entendi. Essa campanha foi para poder comprar produtos de limpeza, cestas b\u00e1sicas&#8221;, afirmou o suru\u00ed.<\/p>\n\n\n\n<p>O advogado Ramires Andrade, que defende o povo Paiter Suru\u00ed, disse que a forma pela qual a PF entrou em contato e &#8220;interrogou&#8221; os l\u00edderes ind\u00edgenas \u00e9 &#8220;totalmente fora do padr\u00e3o&#8221;.<\/p>\n\n\n\n<p>&#8220;\u00c9 uma situa\u00e7\u00e3o sem precedentes, inusitada. A Policia Federal adotar uma medida t\u00e3o fr\u00e1gil de comunica\u00e7\u00e3o, via Whatsapp, isso realmente \u00e9 uma inova\u00e7\u00e3o. A Pol\u00edcia Federal tem atribui\u00e7\u00e3o de investigar o que quer que seja. Evidente que havendo ali interesse jur\u00eddico em investigar algum suposto il\u00edcito, \u00e9 natural que a Pol\u00edcia Federal, ou a Pol\u00edcia Civil, investiguem. Mas o que \u00e9 estranho \u00e9 estarem &#8216;interrogando&#8217; com esse suposto argumento e a\u00ed ingressarem no m\u00e9rito de campanha de arrecada\u00e7\u00e3o absolutamente privada, n\u00e3o houve um centavo de dinheiro p\u00fablico. O estranho \u00e9 investigarem uma campanha de socorro e usarem isso para dizer que, ao pedir socorro, os ind\u00edgenas estariam difamando o governo. Denota que n\u00e3o \u00e9 interesse de interesse jur\u00eddico, mas de interesse pol\u00edtico. Ou seja, para pressionar ind\u00edgenas, pressionar as lideran\u00e7as&#8221;, disse o defensor dos ind\u00edgenas.<\/p>\n\n\n\n<p>O advogado busca, desde sexta-feira, acesso \u00e0 investiga\u00e7\u00e3o. A PF de Ji-Paran\u00e1 lhe disse por telefone que ele poderia peticionar na segunda-feira (3).<\/p>\n\n\n\n<p>Nesta sexta-feira (30), veio a p\u00fablico a informa\u00e7\u00e3o de que, no dia 27, a l\u00edder Sonia Guajajara, da APIB (Articula\u00e7\u00e3o dos Povos Ind\u00edgenas do Brasil) tamb\u00e9m foi intimada pela PF em outro inqu\u00e9rito, que tramita em Bras\u00edlia, igualmente a pedido do presidente da Funai, o delegado da PF Marcelo Xavier.<\/p>\n\n\n\n<h2 class=\"wp-block-heading\">PF diz que Funai pediu para apurar suposto &#8220;crime de difama\u00e7\u00e3o&#8221;<\/h2>\n\n\n\n<p>Em nota, a comunica\u00e7\u00e3o social da Pol\u00edcia Federal de Rond\u00f4nia disse que o \u00f3rg\u00e3o foi acionado pela Funai. Procurada desde a noite desta sexta-feira, a presid\u00eancia da Funai em Bras\u00edlia n\u00e3o respondeu aos questionamentos da coluna. A seguir, a \u00edntegra da nota da PF de Rond\u00f4nia:<\/p>\n\n\n\n<p><em>&#8220;Trata-se inqu\u00e9rito instaurado em fun\u00e7\u00e3o de not\u00edcia crime enviada pela Funai.<\/em><\/p>\n\n\n\n<p><em>Os fatos narrados noticiam poss\u00edvel exist\u00eancia de crime de difama\u00e7\u00e3o em campanha na internet, supostamente, praticado em desfavor da Funai por integrantes do Instituto W\u00e3w\u00e3 Ixoth e Associa\u00e7\u00e3o Metareil\u00e1 do Povo Ind\u00edgena Suru\u00ed.<\/em><\/p>\n\n\n\n<p><em>A campanha de arrecada\u00e7\u00e3o de valores para compra de cestas b\u00e1sicas e itens de limpeza, denominada &#8216;Povos da floresta contra Covid-19&#8217;, divulgou dados, em tese, inver\u00eddicos com rela\u00e7\u00e3o ao enfrentamento da pandemia, levando a popula\u00e7\u00e3o a crer que os citados ind\u00edgenas est\u00e3o desassistidos e sem condi\u00e7\u00f5es m\u00ednimas de subsist\u00eancia frente \u00e0 pandemia.<\/em><\/p>\n\n\n\n<p><em>Inqu\u00e9rito Policial foi instaurado para apurar os fatos noticiados.<\/em><\/p>\n\n\n\n<p><em>Quanto ao detalhamento das dilig\u00eancias, por tratar-se de investiga\u00e7\u00e3o em andamento, nossa pol\u00edtica de comunica\u00e7\u00e3o n\u00e3o permite [detalhar].&#8221;<\/em><\/p>\n","protected":false},"excerpt":{"rendered":"<p>Uol, por Rubens Valente &#8211; A pedido da Funai (Funda\u00e7\u00e3o Nacional de Bras\u00edlia) de Bras\u00edlia, a Pol\u00edcia Federal em Rond\u00f4nia abriu um inqu\u00e9rito e fez perguntas por telefone a l\u00edderes do povo ind\u00edgena Suru\u00ed de duas associa\u00e7\u00f5es relacionadas a um dos principais l\u00edderes ind\u00edgenas do pa\u00eds, Almir Narayamoga Suru\u00ed. Ele tamb\u00e9m foi procurado e indagado&#8230;<a class=\"more-link\" href=\"http:\/\/blogdalucianaoliveira.com.br\/blog\/2021\/05\/01\/mais-um-lider-indigena-e-alvo-da-policia-federal-a-pedido-da-funai\/\">Continue a leitura <span class=\"meta-nav\">&raquo;<\/span><\/a><\/p>\n","protected":false},"author":1,"featured_media":0,"comment_status":"closed","ping_status":"open","sticky":false,"template":"","format":"standard","meta":{"_exactmetrics_skip_tracking":false,"_exactmetrics_sitenote_active":false,"_exactmetrics_sitenote_note":"","_exactmetrics_sitenote_category":0,"jetpack_post_was_ever_published":false,"_jetpack_newsletter_access":"","_jetpack_dont_email_post_to_subs":false,"_jetpack_newsletter_tier_id":0,"_jetpack_memberships_contains_paywalled_content":false,"_jetpack_memberships_contains_paid_content":false,"footnotes":"","jetpack_publicize_message":"","jetpack_publicize_feature_enabled":true,"jetpack_social_post_already_shared":true,"jetpack_social_options":{"image_generator_settings":{"template":"highway","enabled":false},"version":2}},"categories":[1],"tags":[],"class_list":["post-31768","post","type-post","status-publish","format-standard","hentry","category-notas"],"jetpack_publicize_connections":[],"jetpack_sharing_enabled":true,"jetpack_featured_media_url":"","jetpack_shortlink":"https:\/\/wp.me\/p7wKYW-8go","jetpack-related-posts":[],"_links":{"self":[{"href":"http:\/\/blogdalucianaoliveira.com.br\/blog\/wp-json\/wp\/v2\/posts\/31768","targetHints":{"allow":["GET"]}}],"collection":[{"href":"http:\/\/blogdalucianaoliveira.com.br\/blog\/wp-json\/wp\/v2\/posts"}],"about":[{"href":"http:\/\/blogdalucianaoliveira.com.br\/blog\/wp-json\/wp\/v2\/types\/post"}],"author":[{"embeddable":true,"href":"http:\/\/blogdalucianaoliveira.com.br\/blog\/wp-json\/wp\/v2\/users\/1"}],"replies":[{"embeddable":true,"href":"http:\/\/blogdalucianaoliveira.com.br\/blog\/wp-json\/wp\/v2\/comments?post=31768"}],"version-history":[{"count":2,"href":"http:\/\/blogdalucianaoliveira.com.br\/blog\/wp-json\/wp\/v2\/posts\/31768\/revisions"}],"predecessor-version":[{"id":31771,"href":"http:\/\/blogdalucianaoliveira.com.br\/blog\/wp-json\/wp\/v2\/posts\/31768\/revisions\/31771"}],"wp:attachment":[{"href":"http:\/\/blogdalucianaoliveira.com.br\/blog\/wp-json\/wp\/v2\/media?parent=31768"}],"wp:term":[{"taxonomy":"category","embeddable":true,"href":"http:\/\/blogdalucianaoliveira.com.br\/blog\/wp-json\/wp\/v2\/categories?post=31768"},{"taxonomy":"post_tag","embeddable":true,"href":"http:\/\/blogdalucianaoliveira.com.br\/blog\/wp-json\/wp\/v2\/tags?post=31768"}],"curies":[{"name":"wp","href":"https:\/\/api.w.org\/{rel}","templated":true}]}}