{"id":31772,"date":"2021-05-02T22:47:21","date_gmt":"2021-05-03T02:47:21","guid":{"rendered":"http:\/\/blogdalucianaoliveira.com.br\/blog\/?p=31772"},"modified":"2021-05-02T22:47:25","modified_gmt":"2021-05-03T02:47:25","slug":"com-salles-governo-assinou-em-um-ano-721-medidas-que-impactam-o-meio-ambiente","status":"publish","type":"post","link":"http:\/\/blogdalucianaoliveira.com.br\/blog\/2021\/05\/02\/com-salles-governo-assinou-em-um-ano-721-medidas-que-impactam-o-meio-ambiente\/","title":{"rendered":"Com Salles, governo assinou em um ano 721 medidas que impactam o meio ambiente"},"content":{"rendered":"\n<figure class=\"wp-block-image size-large\"><img loading=\"lazy\" decoding=\"async\" width=\"1199\" height=\"721\" data-attachment-id=\"31773\" data-permalink=\"http:\/\/blogdalucianaoliveira.com.br\/blog\/2021\/05\/02\/com-salles-governo-assinou-em-um-ano-721-medidas-que-impactam-o-meio-ambiente\/ad2cf4a5-7ae6-4b7a-bc30-ef27ee3a2630\/\" data-orig-file=\"https:\/\/i0.wp.com\/blogdalucianaoliveira.com.br\/blog\/wp-content\/uploads\/2021\/05\/AD2CF4A5-7AE6-4B7A-BC30-EF27EE3A2630.png?fit=1199%2C721\" data-orig-size=\"1199,721\" data-comments-opened=\"0\" data-image-meta=\"{&quot;aperture&quot;:&quot;0&quot;,&quot;credit&quot;:&quot;&quot;,&quot;camera&quot;:&quot;&quot;,&quot;caption&quot;:&quot;&quot;,&quot;created_timestamp&quot;:&quot;0&quot;,&quot;copyright&quot;:&quot;&quot;,&quot;focal_length&quot;:&quot;0&quot;,&quot;iso&quot;:&quot;0&quot;,&quot;shutter_speed&quot;:&quot;0&quot;,&quot;title&quot;:&quot;&quot;,&quot;orientation&quot;:&quot;0&quot;}\" data-image-title=\"AD2CF4A5-7AE6-4B7A-BC30-EF27EE3A2630\" data-image-description=\"\" data-image-caption=\"\" data-medium-file=\"https:\/\/i0.wp.com\/blogdalucianaoliveira.com.br\/blog\/wp-content\/uploads\/2021\/05\/AD2CF4A5-7AE6-4B7A-BC30-EF27EE3A2630.png?fit=300%2C180\" data-large-file=\"https:\/\/i0.wp.com\/blogdalucianaoliveira.com.br\/blog\/wp-content\/uploads\/2021\/05\/AD2CF4A5-7AE6-4B7A-BC30-EF27EE3A2630.png?fit=600%2C361\" src=\"https:\/\/i0.wp.com\/blogdalucianaoliveira.com.br\/blog\/wp-content\/uploads\/2021\/05\/AD2CF4A5-7AE6-4B7A-BC30-EF27EE3A2630.png?fit=600%2C361\" alt=\"\" class=\"wp-image-31773\" srcset=\"https:\/\/i0.wp.com\/blogdalucianaoliveira.com.br\/blog\/wp-content\/uploads\/2021\/05\/AD2CF4A5-7AE6-4B7A-BC30-EF27EE3A2630.png?w=1199 1199w, https:\/\/i0.wp.com\/blogdalucianaoliveira.com.br\/blog\/wp-content\/uploads\/2021\/05\/AD2CF4A5-7AE6-4B7A-BC30-EF27EE3A2630.png?resize=300%2C180 300w, https:\/\/i0.wp.com\/blogdalucianaoliveira.com.br\/blog\/wp-content\/uploads\/2021\/05\/AD2CF4A5-7AE6-4B7A-BC30-EF27EE3A2630.png?resize=1024%2C616 1024w, https:\/\/i0.wp.com\/blogdalucianaoliveira.com.br\/blog\/wp-content\/uploads\/2021\/05\/AD2CF4A5-7AE6-4B7A-BC30-EF27EE3A2630.png?resize=768%2C462 768w, https:\/\/i0.wp.com\/blogdalucianaoliveira.com.br\/blog\/wp-content\/uploads\/2021\/05\/AD2CF4A5-7AE6-4B7A-BC30-EF27EE3A2630.png?resize=499%2C300 499w\" sizes=\"auto, (max-width: 600px) 100vw, 600px\" \/><\/figure>\n\n\n\n<p>Um levantamento obtido com exclusividade por &#8216;CartaCapital&#8217; detalha os efeitos catastr\u00f3ficos da interfer\u00eancia do ministro.<\/p>\n\n\n\n<!--more-->\n\n\n\n<p><strong>Carta Capital <\/strong><\/p>\n\n\n\n<p><br>Das tantas frases chocantes pronunciadas naquela memor\u00e1vel reuni\u00e3o ministerial de 22 de abril do ano passado, uma conquistou um lugar definitivo no pante\u00e3o da vergonha nacional. No momento em que o Brasil se debatia com a crise da pandemia, o ministro do Meio Ambiente, Ricardo Salles, viu uma oportunidade. \u201c\u00c9 passar as reformas infralegais de desregulamenta\u00e7\u00e3o, simplifica\u00e7\u00e3o\u2026 Enquanto estamos nesse momento de tranquilidade porque s\u00f3 em fala em Covid e ir passando a boiada\u2026 Ir mudando todo o regramento.\u201d<\/p>\n\n\n\n<p>Muita \u00e1gua rolou debaixo dessa ponte neste um ano. Personagens daquele encontro sa\u00edram escorra\u00e7ados do governo, outros acabaram desmentidos pelos fatos ou n\u00e3o entregaram o que prometeram. O esc\u00e2ndalo das acusa\u00e7\u00f5es do ent\u00e3o ministro Sergio Moro de interfer\u00eancia de Jair Bolsonaro na Pol\u00edcia Federal, motivo da libera\u00e7\u00e3o da \u00edntegra da reuni\u00e3o pelo Supremo Tribunal Federal, restou abafado. S\u00f3 um vatic\u00ednio prosperou. \u201cPassar a boiada\u201d tornou-se uma marca registrada do governo, s\u00edmbolo de \u201ctudo que est\u00e1 a\u00ed\u201d. E uma das poucas amea\u00e7as cumpridas em Bras\u00edlia. Nos \u00faltimos 12 meses, Salles, o verdadeiro \u201csuperministro\u201d, passou de fato a boiada. Foram 721 medidas. No conjunto entram 76 reformas institucionais, 36 medidas de desestatiza\u00e7\u00e3o, 36 revis\u00f5es de regras, 34 de flexibiliza\u00e7\u00e3o, 22 de desregula\u00e7\u00e3o e 20 revoga\u00e7os, segundo o monitor Pol\u00edtica Por Inteiro. De acordo com o monitor, os n\u00fameros referem-se a normas editadas por diferentes \u00f3rg\u00e3os do governo federal e que s\u00e3o relevantes para a pol\u00edtica de clima e meio ambiente brasileira.<\/p>\n\n\n\n<p>O desmonte da fiscaliza\u00e7\u00e3o, do or\u00e7amento e das normas na \u00e1rea ambiental teve como consequ\u00eancia, entre outras, um aumento de 216% no desmatamento, que atingiu a marca recorde de 810 quil\u00f4metros quadrados, o avan\u00e7o do garimpo sobre terras ind\u00edgenas e 12% de aumento nos focos de inc\u00eandio. Uma devasta\u00e7\u00e3o incentivada por militares aboletados em cargos de confian\u00e7a no setor antes destinado a t\u00e9cnicos. Um levantamento obtido com com exclusividade por CartaCapital detalha os efeitos catastr\u00f3ficos da interfer\u00eancia de Salles. Elaborado pela Associa\u00e7\u00e3o Nacional dos Servidores da Carreira de Meio Ambiente (Ascema), o documento intitulado \u201cDossi\u00ea: Uma Trag\u00e9dia Anunciada\u201d, ser\u00e1 ser\u00e1 entregue nos pr\u00f3ximos dias aos presidentes dos demais poderes da Rep\u00fablica e a representantes da embaixada dos Estados Unidos, uma forma de expor \u00e0 sociedade brasileira e ao mundo os crimes ambientais do governo. \u201cA Amaz\u00f4nia est\u00e1 sob ataque orquestrado de mineradores, grileiros, exploradores de madeira e pecuaristas ilegais, muitas vezes coordenados ou apoiados por personalidades e organiza\u00e7\u00f5es pol\u00edticas municipais, estaduais e nacionais\u201d, ressalta o documento, cuja primeira vers\u00e3o foi enviada ao papa Francisco no fim do ano passado.<\/p>\n\n\n\n<figure class=\"wp-block-image size-large\"><img loading=\"lazy\" decoding=\"async\" width=\"768\" height=\"1473\" data-attachment-id=\"31774\" data-permalink=\"http:\/\/blogdalucianaoliveira.com.br\/blog\/2021\/05\/02\/com-salles-governo-assinou-em-um-ano-721-medidas-que-impactam-o-meio-ambiente\/d4ac1214-a196-4477-b73a-ebeb350ed934\/\" data-orig-file=\"https:\/\/i0.wp.com\/blogdalucianaoliveira.com.br\/blog\/wp-content\/uploads\/2021\/05\/D4AC1214-A196-4477-B73A-EBEB350ED934.jpeg?fit=768%2C1473\" data-orig-size=\"768,1473\" data-comments-opened=\"0\" data-image-meta=\"{&quot;aperture&quot;:&quot;0&quot;,&quot;credit&quot;:&quot;&quot;,&quot;camera&quot;:&quot;&quot;,&quot;caption&quot;:&quot;&quot;,&quot;created_timestamp&quot;:&quot;0&quot;,&quot;copyright&quot;:&quot;&quot;,&quot;focal_length&quot;:&quot;0&quot;,&quot;iso&quot;:&quot;0&quot;,&quot;shutter_speed&quot;:&quot;0&quot;,&quot;title&quot;:&quot;&quot;,&quot;orientation&quot;:&quot;0&quot;}\" data-image-title=\"D4AC1214-A196-4477-B73A-EBEB350ED934\" data-image-description=\"\" data-image-caption=\"\" data-medium-file=\"https:\/\/i0.wp.com\/blogdalucianaoliveira.com.br\/blog\/wp-content\/uploads\/2021\/05\/D4AC1214-A196-4477-B73A-EBEB350ED934.jpeg?fit=156%2C300\" data-large-file=\"https:\/\/i0.wp.com\/blogdalucianaoliveira.com.br\/blog\/wp-content\/uploads\/2021\/05\/D4AC1214-A196-4477-B73A-EBEB350ED934.jpeg?fit=534%2C1024\" src=\"https:\/\/i0.wp.com\/blogdalucianaoliveira.com.br\/blog\/wp-content\/uploads\/2021\/05\/D4AC1214-A196-4477-B73A-EBEB350ED934.jpeg?fit=534%2C1024\" alt=\"\" class=\"wp-image-31774\" srcset=\"https:\/\/i0.wp.com\/blogdalucianaoliveira.com.br\/blog\/wp-content\/uploads\/2021\/05\/D4AC1214-A196-4477-B73A-EBEB350ED934.jpeg?w=768 768w, https:\/\/i0.wp.com\/blogdalucianaoliveira.com.br\/blog\/wp-content\/uploads\/2021\/05\/D4AC1214-A196-4477-B73A-EBEB350ED934.jpeg?resize=156%2C300 156w, https:\/\/i0.wp.com\/blogdalucianaoliveira.com.br\/blog\/wp-content\/uploads\/2021\/05\/D4AC1214-A196-4477-B73A-EBEB350ED934.jpeg?resize=534%2C1024 534w\" sizes=\"auto, (max-width: 600px) 100vw, 600px\" \/><\/figure>\n\n\n\n<p>O dossi\u00ea enumera uma sequ\u00eancia de medidas contr\u00e1rias \u00e0s melhores pr\u00e1ticas ambientais, entre elas um despacho que anistiou desmatadores da Mata Atl\u00e2ntica. O parecer foi aprovado a pedido da Confedera\u00e7\u00e3o Nacional da Agricultura e Agropecu\u00e1ria do Brasil e de pecuaristas do Sul do Pa\u00eds, e re\u00fane grandes apoiadores e financiadores de Bolsonaro. Poucos dias antes desse despacho, o presidente do Ibama, Eduardo Bim, havia liberado a exporta\u00e7\u00e3o de madeira nativa, medida que contraria um laudo assinado por cinco t\u00e9cnicos de carreira do instituto. O presidente da Funai, por sua vez, publicou no ano passado a Instru\u00e7\u00e3o Normativa 9, para autorizar a certifica\u00e7\u00e3o de propriedades privadas em terras ind\u00edgenas n\u00e3o homologadas. A instru\u00e7\u00e3o permite at\u00e9 a compra e venda de terrenos nessas \u00e1reas. Atualmente, o Brasil tem 237 TIs em processo de homologa\u00e7\u00e3o. Outro boi a passar foi a Instru\u00e7\u00e3o Normativa que transfere a prerrogativa de licenciamento ambiental nas comunidades quilombolas ao Incra.<br><\/p>\n\n\n\n<p>Como se sabe, o instituto \u00e9 presidido por Nabhan Garcia, ex-dirigente da Uni\u00e3o Democr\u00e1tica Ruralista e maior defensor da aprova\u00e7\u00e3o do PL 2633, de legaliza\u00e7\u00e3o da grilagem.<\/p>\n\n\n\n<p>Os servidores denunciam ainda um processo de militariza\u00e7\u00e3o crescente dos \u00f3rg\u00e3o.<\/p>\n\n\n\n<p>Entre PMs e oficiais da For\u00e7as Armadas, h\u00e1 mais de uma centena instalada em cargos no Instituto Chico Mendes, o ICMBio, na Funai e no Ibama, entre outros.&nbsp;A Funai, mostra o levantamento, \u00e9 o \u00f3rg\u00e3o mais aparelhado pelos fardados. S\u00e3o 33 prepostos militares, contra 25 no Ibama e 23 no ICMBio. A sinecura contempla at\u00e9 PMs da Rota paulista, conhecida por sua viol\u00eancia no patrulhamento das ruas e n\u00e3o por pendores ambientalistas. A maioria dos indicados veio de S\u00e3o Paulo, estado onde Salles iniciou sua carreira pol\u00edtica no antigo PFL e onde foi condenado em primeira inst\u00e2ncia e depois absolvido pelo Tribunal de Justi\u00e7a por fraudar mapas ambientais em favor de interesses empresariais. <br><\/p>\n\n\n\n<p>O Brasil, ali\u00e1s, deve a ascens\u00e3o do ministro ao tucanato. Salles foi secret\u00e1rio de Meio Ambiente do governador Geraldo Alckmin. Seu absoluto descompromisso com a preserva\u00e7\u00e3o despertou a aten\u00e7\u00e3o de Bolsonaro, que o premiou com o cargo na Esplanada dos minist\u00e9rios. <\/p>\n\n\n\n<p>\u201cA substitui\u00e7\u00e3o de servidores de carreira por militares das For\u00e7as Armadas ou policiais militares (inexperientes, por\u00e9m obedientes), demonstram a intencionalidade do enfraquecimento da \u00e1rea ambiental na atual gest\u00e3o\u201d, registram os servidores no dossi\u00ea. \u201cOs militares ocupam, na maioria das vezes, vagas destinadas a&nbsp;ge\u00f3grafos, bi\u00f3logos, engenheiros ambientais e florestais\u201d, afirma Denis Rivas, presidente da Ascema. \u201cExiste uma estrat\u00e9gia em curso em todo o governo, mas \u00e9 central na pasta ambiental: enfraquecer os \u00f3rg\u00e3os de fiscaliza\u00e7\u00e3o e substituir especialistas e profissionais de carreira por militares. \u00c9 a mesma linha da catastr\u00f3fica opera\u00e7\u00e3o de Mour\u00e3o que termina agora dia 30. Foram gastos 410 milh\u00f5es de reais para colocar militares na Amaz\u00f4nia e o resultado foi o aumento do desmatamento.\u201d<\/p>\n\n\n\n<p>Enquanto sobram militares, faltam t\u00e9cnicos e especialistas. O ICMBio tem 1,5 mil vagas abertas e sem previs\u00e3o de concurso p\u00fablico. No Ibama, o d\u00e9ficit passa de 2,5 mil postos, o que confirma o sucateamento da fiscaliza\u00e7\u00e3o. \u201cCom o Ibama parcialmente fora de combate, o Ex\u00e9rcito a sair da Amaz\u00f4nia, o ministro Salles desautorizando a Pol\u00edcia Federal, o madeireiro ilegal olha para o lado e n\u00e3o v\u00ea empecilho para colocar seus investimentos criminosos para funcionar na regi\u00e3o. O governo montou uma situa\u00e7\u00e3o para diminuir a fiscaliza\u00e7\u00e3o e perseguir os fiscais. \u00c9 uma conjun\u00e7\u00e3o de fatores a favor do crime\u201d, denuncia o ambientalista M\u00e1rcio Astrini, diretor do Observat\u00f3rio do Clima. Para n\u00e3o deixar pedra sobre pedra, o minist\u00e9rio ter\u00e1 o menor or\u00e7amento em duas d\u00e9cadas, 2 bilh\u00f5es de reais. Um dia depois de prometer, na C\u00fapula do Clima, organizada pelo presidente dos EUA, Joe Biden, empenho nas quest\u00f5es ambientais \u2013 sem que, claro, ningu\u00e9m tenha acreditado \u2013, Bolsonaro cortou 240 milh\u00f5es de reais adicionais dos \u00f3rg\u00e3os de fiscaliza\u00e7\u00e3o.<\/p>\n\n\n\n<figure class=\"wp-block-image size-large\"><img data-recalc-dims=\"1\" loading=\"lazy\" decoding=\"async\" width=\"600\" height=\"411\" data-attachment-id=\"31775\" data-permalink=\"http:\/\/blogdalucianaoliveira.com.br\/blog\/2021\/05\/02\/com-salles-governo-assinou-em-um-ano-721-medidas-que-impactam-o-meio-ambiente\/960e3b4f-8487-408b-b01f-6db840526d7e\/\" data-orig-file=\"https:\/\/i0.wp.com\/blogdalucianaoliveira.com.br\/blog\/wp-content\/uploads\/2021\/05\/960E3B4F-8487-408B-B01F-6DB840526D7E.jpeg?fit=808%2C554\" data-orig-size=\"808,554\" data-comments-opened=\"0\" data-image-meta=\"{&quot;aperture&quot;:&quot;0&quot;,&quot;credit&quot;:&quot;&quot;,&quot;camera&quot;:&quot;&quot;,&quot;caption&quot;:&quot;&quot;,&quot;created_timestamp&quot;:&quot;1619534609&quot;,&quot;copyright&quot;:&quot;&quot;,&quot;focal_length&quot;:&quot;0&quot;,&quot;iso&quot;:&quot;0&quot;,&quot;shutter_speed&quot;:&quot;0&quot;,&quot;title&quot;:&quot;&quot;,&quot;orientation&quot;:&quot;0&quot;}\" data-image-title=\"960E3B4F-8487-408B-B01F-6DB840526D7E\" data-image-description=\"\" data-image-caption=\"\" data-medium-file=\"https:\/\/i0.wp.com\/blogdalucianaoliveira.com.br\/blog\/wp-content\/uploads\/2021\/05\/960E3B4F-8487-408B-B01F-6DB840526D7E.jpeg?fit=300%2C206\" data-large-file=\"https:\/\/i0.wp.com\/blogdalucianaoliveira.com.br\/blog\/wp-content\/uploads\/2021\/05\/960E3B4F-8487-408B-B01F-6DB840526D7E.jpeg?fit=600%2C411\" src=\"https:\/\/i0.wp.com\/blogdalucianaoliveira.com.br\/blog\/wp-content\/uploads\/2021\/05\/960E3B4F-8487-408B-B01F-6DB840526D7E.jpeg?resize=600%2C411\" alt=\"\" class=\"wp-image-31775\" srcset=\"https:\/\/i0.wp.com\/blogdalucianaoliveira.com.br\/blog\/wp-content\/uploads\/2021\/05\/960E3B4F-8487-408B-B01F-6DB840526D7E.jpeg?w=808 808w, https:\/\/i0.wp.com\/blogdalucianaoliveira.com.br\/blog\/wp-content\/uploads\/2021\/05\/960E3B4F-8487-408B-B01F-6DB840526D7E.jpeg?resize=300%2C206 300w, https:\/\/i0.wp.com\/blogdalucianaoliveira.com.br\/blog\/wp-content\/uploads\/2021\/05\/960E3B4F-8487-408B-B01F-6DB840526D7E.jpeg?resize=768%2C527 768w, https:\/\/i0.wp.com\/blogdalucianaoliveira.com.br\/blog\/wp-content\/uploads\/2021\/05\/960E3B4F-8487-408B-B01F-6DB840526D7E.jpeg?resize=438%2C300 438w\" sizes=\"auto, (max-width: 600px) 100vw, 600px\" \/><\/figure>\n\n\n\n<p>Os relatos de servidores descrevem a completa invers\u00e3o da l\u00f3gica na pol\u00edtica ambiental sob o comando de Salles. Protetores e fiscais do meio ambiente s\u00e3o perseguidos (quadro \u00e0 p\u00e1gina 16), ao passo que criminosos t\u00eam aval para atuar. No \u00e2mbito legal e administrativo, o ministro s\u00f3 pensa naquilo, afrouxar as regras do setor. Salles chegou ao ponto de barrar a\u00e7\u00f5es de combate a crimes ambientais. Ao menos duas opera\u00e7\u00f5es foram obstru\u00eddas ou paralisadas pessoalmente pelo ministro, na \u00e1rea em que seriam realizadas. Uma envolvia o garimpo ilegal na paraense Jacareacanga, outra foi abortada por uma canetada que desfez a maior apreens\u00e3o de madeira ilegal da hist\u00f3ria do Pa\u00eds. Por conta dessa decis\u00e3o, ele \u00e9 alvo de uma queixa-crime em tramita\u00e7\u00e3o no Supremo Tribunal Federal. No caso de Jacareacanga, um avi\u00e3o da For\u00e7a A\u00e9rea Brasileira destinado ao combate ao garimpo, a\u00e7\u00e3o coordenada pelo vice-presidente, Hamilton Mour\u00e3o, transportou garimpeiros ilegais at\u00e9 Bras\u00edlia para uma reuni\u00e3o com Salles. O inqu\u00e9rito corre em segredo de Justi\u00e7a no Minist\u00e9rio P\u00fablico do Par\u00e1.<\/p>\n\n\n\n<figure class=\"wp-block-image size-large\"><img loading=\"lazy\" decoding=\"async\" width=\"768\" height=\"1449\" data-attachment-id=\"31776\" data-permalink=\"http:\/\/blogdalucianaoliveira.com.br\/blog\/2021\/05\/02\/com-salles-governo-assinou-em-um-ano-721-medidas-que-impactam-o-meio-ambiente\/b2c8af76-c491-4aae-9753-afe93f0457c6\/\" data-orig-file=\"https:\/\/i0.wp.com\/blogdalucianaoliveira.com.br\/blog\/wp-content\/uploads\/2021\/05\/B2C8AF76-C491-4AAE-9753-AFE93F0457C6.jpeg?fit=768%2C1449\" data-orig-size=\"768,1449\" data-comments-opened=\"0\" data-image-meta=\"{&quot;aperture&quot;:&quot;0&quot;,&quot;credit&quot;:&quot;&quot;,&quot;camera&quot;:&quot;&quot;,&quot;caption&quot;:&quot;&quot;,&quot;created_timestamp&quot;:&quot;0&quot;,&quot;copyright&quot;:&quot;&quot;,&quot;focal_length&quot;:&quot;0&quot;,&quot;iso&quot;:&quot;0&quot;,&quot;shutter_speed&quot;:&quot;0&quot;,&quot;title&quot;:&quot;&quot;,&quot;orientation&quot;:&quot;0&quot;}\" data-image-title=\"B2C8AF76-C491-4AAE-9753-AFE93F0457C6\" data-image-description=\"\" data-image-caption=\"\" data-medium-file=\"https:\/\/i0.wp.com\/blogdalucianaoliveira.com.br\/blog\/wp-content\/uploads\/2021\/05\/B2C8AF76-C491-4AAE-9753-AFE93F0457C6.jpeg?fit=159%2C300\" data-large-file=\"https:\/\/i0.wp.com\/blogdalucianaoliveira.com.br\/blog\/wp-content\/uploads\/2021\/05\/B2C8AF76-C491-4AAE-9753-AFE93F0457C6.jpeg?fit=543%2C1024\" src=\"https:\/\/i0.wp.com\/blogdalucianaoliveira.com.br\/blog\/wp-content\/uploads\/2021\/05\/B2C8AF76-C491-4AAE-9753-AFE93F0457C6.jpeg?fit=543%2C1024\" alt=\"\" class=\"wp-image-31776\" srcset=\"https:\/\/i0.wp.com\/blogdalucianaoliveira.com.br\/blog\/wp-content\/uploads\/2021\/05\/B2C8AF76-C491-4AAE-9753-AFE93F0457C6.jpeg?w=768 768w, https:\/\/i0.wp.com\/blogdalucianaoliveira.com.br\/blog\/wp-content\/uploads\/2021\/05\/B2C8AF76-C491-4AAE-9753-AFE93F0457C6.jpeg?resize=159%2C300 159w, https:\/\/i0.wp.com\/blogdalucianaoliveira.com.br\/blog\/wp-content\/uploads\/2021\/05\/B2C8AF76-C491-4AAE-9753-AFE93F0457C6.jpeg?resize=543%2C1024 543w\" sizes=\"auto, (max-width: 600px) 100vw, 600px\" \/><\/figure>\n\n\n\n<p>A apreens\u00e3o da madeira ilegal ganhou, no entanto, os holofotes depois que o delegado Alexandre Saraiva foi exonerado da Superintend\u00eancia da Pol\u00edcia Federal no Amazonas, logo ap\u00f3s apresentar a queixa-crime contra Salles. A ministra C\u00e1rmen L\u00facia encaminhou a den\u00fancia \u00e0 Procuradoria-Geral da Rep\u00fablica e incluiu na pe\u00e7a um pedido do PDT para apurar a conduta do titular do Meio Ambiente. No Congresso, a oposi\u00e7\u00e3o recolhe assinaturas para instalar uma CPI a partir das informa\u00e7\u00f5es concedidas por Saraiva em uma audi\u00eancia realizada na Comiss\u00e3o de Assuntos Legislativos na segunda-feira 26 e outras den\u00fancias apresentadas desde 2019. Em nota, o Minist\u00e9rio do Meio Ambiente afirmou que \u201cos deputados deixaram claro na audi\u00eancia a falta de <\/p>\n\n\n\n<p>de imparcialidade e de fundamento das posi\u00e7\u00f5es do delegado, que segue em busca de holofotes\u201d.<\/p>\n\n\n\n<p>A queixa-crime inclui documentos fraudados por Salles para \u201clegalizar\u201d a apreens\u00e3o de 43,7 mil toras, carga equivalente a 200 mil metros c\u00fabicos e avaliada em 129 milh\u00f5es de reais. \u201cOcorre que (Salles) n\u00e3o ficou s\u00f3 no discurso. Ele foi at\u00e9 a \u00e1rea, fez uma pseudoper\u00edcia de 40 mil toras, olhou duas delas e disse que conferiu, que em princ\u00edpio estava tudo certinho, que as pessoas apresentaram escrituras. <br><\/p>\n\n\n\n<p>Uma semana depois voltou l\u00e1 e disse que as pessoas apresentariam a documenta\u00e7\u00e3o necess\u00e1ria\u201d, relatou Saraiva na audi\u00eancia. O ministro estabeleceu o prazo de uma semana para a per\u00edcia dos documentos. Conclu\u00eddo o trabalho, constataram-se fraudes que <\/p>\n\n\n\n<p>permitiram a grilagem de terras para a extra\u00e7\u00e3o de madeira, inclusive em \u00e1reas de prote\u00e7\u00e3o ambiental.<\/p>\n\n\n\n<p>Segundo a queixa, os documentos possuem v\u00edcios de origem, a come\u00e7ar pela aus\u00eancia de CPF dos \u201cdonos\u201d prim\u00e1rios das terras, como Nelson da Cunha e D\u00e9cio de Souza, que parecem n\u00e3o existir, mas teriam trocado 600 e 850 hectares de terras no Par\u00e1 com terceiros. Foram apresentados documentos de apenas dez supostos titulares de terras, embora a extra\u00e7\u00e3o tenha sido interceptada em 40 pontos diferentes. \u201cOs documentos adiante demonstram de forma clara o ardil para documentar a terra \u2018doada\u2019 pelo Estado sem licita\u00e7\u00e3o e sem obedecer aos requisitos legais\u201d, descreve a den\u00fancia apresentada ao STF.<\/p>\n\n\n\n<p>Salles, afirma o delegado, buscou colocar em d\u00favida a Opera\u00e7\u00e3o Handroanthus e legitimar o crime. As afirma\u00e7\u00f5es do ministro comprovariam sua atua\u00e7\u00e3o como \u201cadvogado de defesa\u201d da organiza\u00e7\u00e3o criminosa. Ele chegou a declarar que recebeu dos propriet\u00e1rios das terras os documentos e que o gesto \u201cn\u00e3o era atitude de criminosos\u201d. \u201cSe a a\u00e7\u00e3o da Pol\u00edcia Federal estava errada, por que ningu\u00e9m apareceu para reivindicar 70% da madeira apreendida?\u201d, pergunta o delegado. Uma das empresas flagradas pela opera\u00e7\u00e3o acumula uma d\u00edvida de 9 milh\u00f5es de reais em multas ambientais. Depois de uma nova visita ao local da apreens\u00e3o, em 7 de abril, Salles fez uma s\u00e9rie de postagens nas redes sociais e defendeu os madeireiros em entrevistas: \u201cH\u00e1 gente s\u00e9ria fazendo o trabalho direito. N\u00e3o \u00e9 correto demonizar todo o setor madeireiro. \u00c9 preciso identificar os criminosos e puni-los duramente, mas sem generalizar\u201d.<\/p>\n\n\n\n<p>O ministro \u00e9 acusado de dificultar a a\u00e7\u00e3o fiscalizadora do poder p\u00fablico, exercer advocacia administrativa e integrar uma organiza\u00e7\u00e3o criminosa. Outros denunciados s\u00e3o Eduardo Bim, presidente do Ibama, e o senador Telm\u00e1rio Mota, do PROS de Roraima. <br><\/p>\n\n\n\n<p>\u201cO Ibama, desde o in\u00edcio da opera\u00e7\u00e3o, manteve-se inerte, desinteressado em exercer seus poderes de pol\u00edcia ambiental, o que desperta a exist\u00eancia de interesses escusos, provavelmente a mando do ministro do Meio Ambiente\u201d, descreve a den\u00fancia. Mota <\/p>\n\n\n\n<p>teria usado sua influ\u00eancia pol\u00edtica para conter a fiscaliza\u00e7\u00e3o. O senador recorre ao mesmo argumento do \u201cvi\u00e9s ideol\u00f3gico\u201d para desqualificar o trabalho do delegado.<\/p>\n\n\n\n<p>Velho conhecido dos fiscais, Mota assina o projeto de lei que retira o direito dos fiscais do Ibama e do ICMBio de portar armas. Proposta semelhante foi apresentada em 2013 pelo ent\u00e3o deputado Jair Bolsonaro. O parlamentar tamb\u00e9m foi alvo de a\u00e7\u00e3o penal por maus-tratos de animais. \u00c9 um entusiasta das rinhas de galo e seus v\u00eddeos em eventos do tipo est\u00e3o dispon\u00edveis em canais na internet. N\u00e3o bastasse, o senador \u00e9 investigado por desviar verbas de combate \u00e0 Covid-19 em Roraima, em parceria com o colega licenciado Chico Rodrigues, do DEM, preso com ma\u00e7os de dinheiro na cueca. <br><\/p>\n\n\n\n<p>Em nota, a assessoria de Mota refuta a acusa\u00e7\u00e3o \u201cleviana e mentirosa vinda de uma pessoa com clara inten\u00e7\u00e3o de autopromo\u00e7\u00e3o\u201d, nega intimidade com o ministro, mas confirma a participa\u00e7\u00e3o em uma reuni\u00e3o com Salles, os senadores Mecias de Jesus, <\/p>\n\n\n\n<p>Zequinha Marinho e Jorginho Melo e a deputada Carla Zambelli. E diz ter acionado o Minist\u00e9rio P\u00fablico e a Corregedoria da Pol\u00edcia Federal contra Saraiva.<\/p>\n\n\n\n<p>Faltou combinar com os russos. Na manh\u00e3 da ter\u00e7a-feira 27, Salles, em entrevista \u00e0 R\u00e1dio CBN, confirmou ter atuado em favor das madeireiras a pedido dos senadores. \u201cDepois fomos procurados pelo senador Telm\u00e1rio Mota, porque os seus eleitores l\u00e1 no estado de Roraima tamb\u00e9m foram objeto de fiscaliza\u00e7\u00e3o. Fomos procurados pelo senador Zequinha Marinho e Mecias de Jesus, ou seja, eu estou lhe falando de quatro senadores. Para al\u00e9m disso, tr\u00eas deputados federais\u201d, declarou, sem revelar os nomes dos demais parlamentares. Segundo Saraiva, \u201co senhor ministro fez uma invers\u00e3o e tornou leg\u00edtimo o ato dos criminosos e n\u00e3o o do agente p\u00fablico\u201d.<\/p>\n\n\n\n<p>Defender criminosos resume o que Salles e o governo entendem por pol\u00edtica ambiental. O efeito imediato \u00e9 queimar os \u00faltimos gravetos de credibilidade internacional e expor o Pa\u00eds ao rid\u00edculo. <br>A longo prazo, significa tornar o Brasil um grande deserto, em todos os sentidos. <br><\/p>\n\n\n\n<p><br><\/p>\n\n\n\n<figure class=\"wp-block-image size-large\"><img data-recalc-dims=\"1\" loading=\"lazy\" decoding=\"async\" width=\"600\" height=\"513\" data-attachment-id=\"31777\" data-permalink=\"http:\/\/blogdalucianaoliveira.com.br\/blog\/2021\/05\/02\/com-salles-governo-assinou-em-um-ano-721-medidas-que-impactam-o-meio-ambiente\/c1eeb96f-d354-4b70-9418-e0cc3b1a00db\/\" data-orig-file=\"https:\/\/i0.wp.com\/blogdalucianaoliveira.com.br\/blog\/wp-content\/uploads\/2021\/05\/C1EEB96F-D354-4B70-9418-E0CC3B1A00DB.jpeg?fit=1000%2C855\" data-orig-size=\"1000,855\" data-comments-opened=\"0\" data-image-meta=\"{&quot;aperture&quot;:&quot;0&quot;,&quot;credit&quot;:&quot;&quot;,&quot;camera&quot;:&quot;&quot;,&quot;caption&quot;:&quot;&quot;,&quot;created_timestamp&quot;:&quot;0&quot;,&quot;copyright&quot;:&quot;&quot;,&quot;focal_length&quot;:&quot;0&quot;,&quot;iso&quot;:&quot;0&quot;,&quot;shutter_speed&quot;:&quot;0&quot;,&quot;title&quot;:&quot;&quot;,&quot;orientation&quot;:&quot;0&quot;}\" data-image-title=\"C1EEB96F-D354-4B70-9418-E0CC3B1A00DB\" data-image-description=\"\" data-image-caption=\"\" data-medium-file=\"https:\/\/i0.wp.com\/blogdalucianaoliveira.com.br\/blog\/wp-content\/uploads\/2021\/05\/C1EEB96F-D354-4B70-9418-E0CC3B1A00DB.jpeg?fit=300%2C257\" data-large-file=\"https:\/\/i0.wp.com\/blogdalucianaoliveira.com.br\/blog\/wp-content\/uploads\/2021\/05\/C1EEB96F-D354-4B70-9418-E0CC3B1A00DB.jpeg?fit=600%2C513\" src=\"https:\/\/i0.wp.com\/blogdalucianaoliveira.com.br\/blog\/wp-content\/uploads\/2021\/05\/C1EEB96F-D354-4B70-9418-E0CC3B1A00DB.jpeg?resize=600%2C513\" alt=\"\" class=\"wp-image-31777\" srcset=\"https:\/\/i0.wp.com\/blogdalucianaoliveira.com.br\/blog\/wp-content\/uploads\/2021\/05\/C1EEB96F-D354-4B70-9418-E0CC3B1A00DB.jpeg?w=1000 1000w, https:\/\/i0.wp.com\/blogdalucianaoliveira.com.br\/blog\/wp-content\/uploads\/2021\/05\/C1EEB96F-D354-4B70-9418-E0CC3B1A00DB.jpeg?resize=300%2C257 300w, https:\/\/i0.wp.com\/blogdalucianaoliveira.com.br\/blog\/wp-content\/uploads\/2021\/05\/C1EEB96F-D354-4B70-9418-E0CC3B1A00DB.jpeg?resize=768%2C657 768w, https:\/\/i0.wp.com\/blogdalucianaoliveira.com.br\/blog\/wp-content\/uploads\/2021\/05\/C1EEB96F-D354-4B70-9418-E0CC3B1A00DB.jpeg?resize=351%2C300 351w\" sizes=\"auto, (max-width: 600px) 100vw, 600px\" \/><\/figure>\n\n\n\n<p>Os fiscais do meio ambiente est\u00e3o acostumados com amea\u00e7as. O trabalho em campo \u00e9 um risco constante, por conta da viol\u00eancia dos criminosos nas fronteiras extremas do Pa\u00eds. Desde o fim da ditadura, os servidores p\u00fablicos n\u00e3o eram, por\u00e9m, intimidados de maneira t\u00e3o direta e agressiva pelos pr\u00f3prios superiores. Carta\u00adCapital reuniu den\u00fancias de funcion\u00e1rios impedidos de exercer seu trabalho. Para manter a seguran\u00e7a dos envolvidos, os nomes foram alterados ou suprimidos.<\/p>\n\n\n\n<p>Um deles, J\u00falio, afirma ter sido amea\u00e7ado por dois superiores do ICMBio, instituto criado para preservar a biodiversidade. Os coron\u00e9is Homero Cerqueira, ex-presidente, e C\u00e9sar Lorencini, o atual, pressionaram o servidor a se calar sobre os crimes de Salles. <br>\u201cMe chamaram em uma unidade no Rio de Janeiro e os dois estavam na sala para minha surpresa. Quando me apresentei, eles pediram para falarmos em particular e a\u00ed perguntaram: \u2018Voc\u00eas v\u00e3o mesmo denunciar o presidente \u00e0 ONU?\u2019 Eu afirmei que sim. <br>E a cartinha que voc\u00eas enviaram ao Maia? Esperam o que com isso? Relatei que o ministro nunca quis nos receber, ent\u00e3o n\u00e3o t\u00ednhamos a quem recorrer.\u201d Segundo J\u00falio, conclu\u00eddas as perguntas, Cerqueira e Lorencini informaram que \u201cSalles sabia que eles estariam atuando contra ele durante o teletrabalho\u201d e por isso o programa seria extinto.<\/p>\n\n\n\n<p>Outro caso envolve um fiscal que atuava em um parque no Piau\u00ed. Ap\u00f3s apreender armas de ca\u00e7adores ilegais, o servidor foi levado por dois militares at\u00e9 a capital e foi liberado. As armas acabaram devolvidas aos ca\u00e7adores.<\/p>\n\n\n\n<p>Um caso not\u00f3rio foi a exonera\u00e7\u00e3o de fiscais do Ibama despachada por Salles ap\u00f3s solicita\u00e7\u00e3o de Bolsonaro. O presidente n\u00e3o teria gostado de uma opera\u00e7\u00e3o contra grileiros na Amaz\u00f4nia.<\/p>\n\n\n\n<p>Um grupo de 12 procuradores pediu \u00e0 Justi\u00e7a Federal em Bras\u00edlia o afastamento imediato do ministro por interferir no Ibama para beneficiar desmatadores. Em nota, Salles acusou o Minist\u00e9rio P\u00fablico de atuar com vi\u00e9s ideol\u00f3gico. \u201cO encadeamento temporal dos eventos \u2013 que inclui as a\u00e7\u00f5es de comando e controle com destrui\u00e7\u00e3o de maquin\u00e1rio, sua publiciza\u00e7\u00e3o em rede nacional, a exonera\u00e7\u00e3o dos agentes p\u00fablicos encarregados do planejamento e execu\u00e7\u00e3o das a\u00e7\u00f5es E o inconformismo do presidente, confirmando posi\u00e7\u00e3o que ele havia externado anteriormente \u2013 comprova bem tal circunst\u00e2ncia\u201d, registraram os procuradores.<\/p>\n\n\n\n<p>Segundo os servidores, o \u00e1pice do desmonte da fiscaliza\u00e7\u00e3o aconteceu neste ano com a publica\u00e7\u00e3o da Instru\u00e7\u00e3o Normativa conjunta do Minist\u00e9rio do Meio Ambiente, do Ibama e do ICMBio, em 12 de abril. A medida levou \u00e0 paralisa\u00e7\u00e3o durante dias das atividades dos \u00f3rg\u00e3os. \u201cEntendemos que a instru\u00e7\u00e3o \u00e9 uma tentativa de esvaziar o trabalho e intimidar ainda mais os servidores.<br><\/p>\n\n\n\n<p>O fiscal que fizer seu trabalho corre o risco de responder a processos administrativos\u201d, explicou Denis Rivas, um dos 600 servidores que assinaram uma carta contra a medida.<\/p>\n\n\n\n<p>Ao mesmo tempo, propostas de combate ao garimpo ilegal e \u00e0 extra\u00e7\u00e3o de indicadas pelos t\u00e9cnicos foram engavetadas. Rivas cita um projeto do qual fez parte que propunha algo simples: usar uma base da Pol\u00edcia Militar para impedir o avan\u00e7o do garimpo no Pico da Neblina, sobreposto \u00e0 terra ind\u00edgena Yanom\u00e2mi e localizado nas fronteiras com Venezuela e Col\u00f4mbia. \u201cO plano de manejo est\u00e1 parado no minist\u00e9rio. Fica muito claro que existe uma coniv\u00eancia, pois propomos uma solu\u00e7\u00e3o simples de usar o posto da Funai para criar crit\u00e9rios de acesso \u00e0 regi\u00e3o.\u201d<\/p>\n\n\n\n<p><\/p>\n\n\n\n<p><\/p>\n\n\n\n<p><\/p>\n\n\n\n<p><\/p>\n\n\n\n<p><\/p>\n\n\n\n<p><\/p>\n\n\n\n<p><\/p>\n\n\n\n<p><\/p>\n\n\n\n<p><\/p>\n\n\n\n<p><\/p>\n\n\n\n<p><\/p>\n\n\n\n<p><\/p>\n\n\n\n<p><\/p>\n","protected":false},"excerpt":{"rendered":"<p>Um levantamento obtido com exclusividade por &#8216;CartaCapital&#8217; detalha os efeitos catastr\u00f3ficos da interfer\u00eancia do ministro.<\/p>\n","protected":false},"author":1,"featured_media":0,"comment_status":"closed","ping_status":"open","sticky":false,"template":"","format":"standard","meta":{"_exactmetrics_skip_tracking":false,"_exactmetrics_sitenote_active":false,"_exactmetrics_sitenote_note":"","_exactmetrics_sitenote_category":0,"jetpack_post_was_ever_published":false,"_jetpack_newsletter_access":"","_jetpack_dont_email_post_to_subs":false,"_jetpack_newsletter_tier_id":0,"_jetpack_memberships_contains_paywalled_content":false,"_jetpack_memberships_contains_paid_content":false,"footnotes":"","jetpack_publicize_message":"","jetpack_publicize_feature_enabled":true,"jetpack_social_post_already_shared":true,"jetpack_social_options":{"image_generator_settings":{"template":"highway","enabled":false},"version":2}},"categories":[1],"tags":[],"class_list":["post-31772","post","type-post","status-publish","format-standard","hentry","category-notas"],"jetpack_publicize_connections":[],"jetpack_sharing_enabled":true,"jetpack_featured_media_url":"","jetpack_shortlink":"https:\/\/wp.me\/p7wKYW-8gs","jetpack-related-posts":[],"_links":{"self":[{"href":"http:\/\/blogdalucianaoliveira.com.br\/blog\/wp-json\/wp\/v2\/posts\/31772","targetHints":{"allow":["GET"]}}],"collection":[{"href":"http:\/\/blogdalucianaoliveira.com.br\/blog\/wp-json\/wp\/v2\/posts"}],"about":[{"href":"http:\/\/blogdalucianaoliveira.com.br\/blog\/wp-json\/wp\/v2\/types\/post"}],"author":[{"embeddable":true,"href":"http:\/\/blogdalucianaoliveira.com.br\/blog\/wp-json\/wp\/v2\/users\/1"}],"replies":[{"embeddable":true,"href":"http:\/\/blogdalucianaoliveira.com.br\/blog\/wp-json\/wp\/v2\/comments?post=31772"}],"version-history":[{"count":1,"href":"http:\/\/blogdalucianaoliveira.com.br\/blog\/wp-json\/wp\/v2\/posts\/31772\/revisions"}],"predecessor-version":[{"id":31778,"href":"http:\/\/blogdalucianaoliveira.com.br\/blog\/wp-json\/wp\/v2\/posts\/31772\/revisions\/31778"}],"wp:attachment":[{"href":"http:\/\/blogdalucianaoliveira.com.br\/blog\/wp-json\/wp\/v2\/media?parent=31772"}],"wp:term":[{"taxonomy":"category","embeddable":true,"href":"http:\/\/blogdalucianaoliveira.com.br\/blog\/wp-json\/wp\/v2\/categories?post=31772"},{"taxonomy":"post_tag","embeddable":true,"href":"http:\/\/blogdalucianaoliveira.com.br\/blog\/wp-json\/wp\/v2\/tags?post=31772"}],"curies":[{"name":"wp","href":"https:\/\/api.w.org\/{rel}","templated":true}]}}