{"id":31779,"date":"2021-05-03T18:22:08","date_gmt":"2021-05-03T22:22:08","guid":{"rendered":"http:\/\/blogdalucianaoliveira.com.br\/blog\/?p=31779"},"modified":"2021-05-03T18:22:13","modified_gmt":"2021-05-03T22:22:13","slug":"do-cangaco-ao-seringal-nos-dias-07-08-e-09-de-maio-o-musical-que-conta-a-historia-do-forro-sera-transmitido-em-live-pelo-youtube","status":"publish","type":"post","link":"http:\/\/blogdalucianaoliveira.com.br\/blog\/2021\/05\/03\/do-cangaco-ao-seringal-nos-dias-07-08-e-09-de-maio-o-musical-que-conta-a-historia-do-forro-sera-transmitido-em-live-pelo-youtube\/","title":{"rendered":"Do Canga\u00e7o ao Seringal: Nos dias 07, 08 e 09 de maio o musical que conta a hist\u00f3ria do forr\u00f3 ser\u00e1 transmitido em Live pelo Youtube"},"content":{"rendered":"\n<figure class=\"wp-block-image size-large\"><img data-recalc-dims=\"1\" loading=\"lazy\" decoding=\"async\" width=\"600\" height=\"411\" data-attachment-id=\"31780\" data-permalink=\"http:\/\/blogdalucianaoliveira.com.br\/blog\/2021\/05\/03\/do-cangaco-ao-seringal-nos-dias-07-08-e-09-de-maio-o-musical-que-conta-a-historia-do-forro-sera-transmitido-em-live-pelo-youtube\/10044755-8b58-4de9-b0ec-35ae0340931c\/\" data-orig-file=\"https:\/\/i0.wp.com\/blogdalucianaoliveira.com.br\/blog\/wp-content\/uploads\/2021\/05\/10044755-8B58-4DE9-B0EC-35AE0340931C.jpeg?fit=876%2C600\" data-orig-size=\"876,600\" data-comments-opened=\"0\" data-image-meta=\"{&quot;aperture&quot;:&quot;0&quot;,&quot;credit&quot;:&quot;&quot;,&quot;camera&quot;:&quot;&quot;,&quot;caption&quot;:&quot;&quot;,&quot;created_timestamp&quot;:&quot;0&quot;,&quot;copyright&quot;:&quot;&quot;,&quot;focal_length&quot;:&quot;0&quot;,&quot;iso&quot;:&quot;0&quot;,&quot;shutter_speed&quot;:&quot;0&quot;,&quot;title&quot;:&quot;&quot;,&quot;orientation&quot;:&quot;0&quot;}\" data-image-title=\"10044755-8B58-4DE9-B0EC-35AE0340931C\" data-image-description=\"\" data-image-caption=\"\" data-medium-file=\"https:\/\/i0.wp.com\/blogdalucianaoliveira.com.br\/blog\/wp-content\/uploads\/2021\/05\/10044755-8B58-4DE9-B0EC-35AE0340931C.jpeg?fit=300%2C205\" data-large-file=\"https:\/\/i0.wp.com\/blogdalucianaoliveira.com.br\/blog\/wp-content\/uploads\/2021\/05\/10044755-8B58-4DE9-B0EC-35AE0340931C.jpeg?fit=600%2C411\" src=\"https:\/\/i0.wp.com\/blogdalucianaoliveira.com.br\/blog\/wp-content\/uploads\/2021\/05\/10044755-8B58-4DE9-B0EC-35AE0340931C.jpeg?resize=600%2C411\" alt=\"\" class=\"wp-image-31780\" srcset=\"https:\/\/i0.wp.com\/blogdalucianaoliveira.com.br\/blog\/wp-content\/uploads\/2021\/05\/10044755-8B58-4DE9-B0EC-35AE0340931C.jpeg?w=876 876w, https:\/\/i0.wp.com\/blogdalucianaoliveira.com.br\/blog\/wp-content\/uploads\/2021\/05\/10044755-8B58-4DE9-B0EC-35AE0340931C.jpeg?resize=300%2C205 300w, https:\/\/i0.wp.com\/blogdalucianaoliveira.com.br\/blog\/wp-content\/uploads\/2021\/05\/10044755-8B58-4DE9-B0EC-35AE0340931C.jpeg?resize=768%2C526 768w, https:\/\/i0.wp.com\/blogdalucianaoliveira.com.br\/blog\/wp-content\/uploads\/2021\/05\/10044755-8B58-4DE9-B0EC-35AE0340931C.jpeg?resize=438%2C300 438w\" sizes=\"auto, (max-width: 600px) 100vw, 600px\" \/><\/figure>\n\n\n\n<p>Nos pr\u00f3ximos dias 07,08 e 09 de maio \u00e9 vez do musical, Do Canga\u00e7o ao Seringal, transmitir em uma live atrav\u00e9s do seu canal do Youtube o show que conta a hist\u00f3ria do surgimento do forr\u00f3 e a vinda do ritmo para as terras amaz\u00f4nicas. A transmiss\u00e3o acontece a partir das 20h.<br><\/p>\n\n\n\n<!--more-->\n\n\n\n<p>Numa inten\u00e7\u00e3o, prim\u00e1ria, de fazer uma homenagem a banda Cobras do Forr\u00f3, pela hist\u00f3ria e pela trajet\u00f3ria do grupo que completa 43 anos de exist\u00eancia, surgiu o musical &#8220;Do Canga\u00e7o ao Seringal&#8221;. N\u00e3o d\u00e1 pra negar que um forr\u00f3zinho levanta qualquer um pra dan\u00e7ar, n\u00e3o \u00e9? E \u00e9 nesse esp\u00edrito que o musical chega.\u00a0<\/p>\n\n\n\n<p>Do Canga\u00e7o ao Seringal nasceu em fevereiro de 2018 e ganhou o cora\u00e7\u00e3o e o carinho de quem participou da primeira edi\u00e7\u00e3o no mesmo ano. O musical que envolve, al\u00e9m da m\u00fasica, artes c\u00eanicas e dan\u00e7a \u00e9 perfeito para quem quer saber mais da trajet\u00f3ria dos nordestinos que juntaram suas bor\u00f3cas, hist\u00f3rias e cultura vieram para os seringais amaz\u00f4nicos em busca de sobreviv\u00eancia e nova vida.<\/p>\n\n\n\n<p>O musical \u00e9 um projeto que nasceu das hist\u00f3rias contadas e cantadas nas rodas de conversas de fam\u00edlia. A idealizadora do projeto, Patr\u00edcia Morais, conta que desde de muito pequena ouvia falar dos campos de seringais e dentro disso sentia a conex\u00e3o do dialeto nordestino e amazonense e foi em busca de saber um pouco mais o porqu\u00ea dessa mistura. &#8220;No primeiro momento eu s\u00f3 queria fazer uma homenagem a banda Cobras do Forr\u00f3, que ali\u00e1s \u00e9 formada por meus tios e pai, mas com o passar do tempo vi que contar e cantar sobre isso estava al\u00e9m e desde ent\u00e3o Eu e meu companheiro, Samuel Pessoa, fizemos estudos para entender de onde vem parte do dialeto ribeirinho e parte da cren\u00e7a e junto disso a op\u00e7\u00e3o musical que \u00e9 o forr\u00f3. Depois de muito ler, vimos que isso \u00e9 resultado do movimento migrat\u00f3rio da Batalha da Borracha que aconteceu entre os anos de 1941 e 1943. \u00c9 lindo saber que minhas ra\u00edzes s\u00e3o ribeirinhas com um tempero especial do nordeste n\u00e3o \u00e9 para menos que minha fam\u00edlia toda \u00e9 formada por m\u00fasicos todos forrozeiros&#8221;, disse.<\/p>\n\n\n\n<p><strong>#LeiAldirBlanc<\/strong><\/p>\n\n\n\n<p>O musical, Do Canga\u00e7o ao Seringal, teve projeto cultural contemplado pelo 1\u00b0 Edi\u00e7\u00e3o P\u00e1caas Novos do edital de chamamento p\u00fablico para difus\u00e3o de festivais, mostras e feiras art\u00edsticas e culturais, edital N\u00b080\/2020\/ da Superintend\u00eancia da Juventude, Cultura, Esporte e Lazer (Sejucel).&nbsp;Fonte &#8211; 010 &#8211; Assessoria de comunica\u00e7\u00e3o: Leandro Morais<\/p>\n","protected":false},"excerpt":{"rendered":"<p>Nos pr\u00f3ximos dias 07,08 e 09 de maio \u00e9 vez do musical, Do Canga\u00e7o ao Seringal, transmitir em uma live atrav\u00e9s do seu canal do Youtube o show que conta a hist\u00f3ria do surgimento do forr\u00f3 e a vinda do ritmo para as terras amaz\u00f4nicas. A transmiss\u00e3o acontece a partir das 20h.<\/p>\n","protected":false},"author":1,"featured_media":0,"comment_status":"closed","ping_status":"open","sticky":false,"template":"","format":"standard","meta":{"_exactmetrics_skip_tracking":false,"_exactmetrics_sitenote_active":false,"_exactmetrics_sitenote_note":"","_exactmetrics_sitenote_category":0,"jetpack_post_was_ever_published":false,"_jetpack_newsletter_access":"","_jetpack_dont_email_post_to_subs":false,"_jetpack_newsletter_tier_id":0,"_jetpack_memberships_contains_paywalled_content":false,"_jetpack_memberships_contains_paid_content":false,"footnotes":"","jetpack_publicize_message":"","jetpack_publicize_feature_enabled":true,"jetpack_social_post_already_shared":true,"jetpack_social_options":{"image_generator_settings":{"template":"highway","enabled":false},"version":2}},"categories":[1],"tags":[],"class_list":["post-31779","post","type-post","status-publish","format-standard","hentry","category-notas"],"jetpack_publicize_connections":[],"jetpack_sharing_enabled":true,"jetpack_featured_media_url":"","jetpack_shortlink":"https:\/\/wp.me\/p7wKYW-8gz","jetpack-related-posts":[],"_links":{"self":[{"href":"http:\/\/blogdalucianaoliveira.com.br\/blog\/wp-json\/wp\/v2\/posts\/31779","targetHints":{"allow":["GET"]}}],"collection":[{"href":"http:\/\/blogdalucianaoliveira.com.br\/blog\/wp-json\/wp\/v2\/posts"}],"about":[{"href":"http:\/\/blogdalucianaoliveira.com.br\/blog\/wp-json\/wp\/v2\/types\/post"}],"author":[{"embeddable":true,"href":"http:\/\/blogdalucianaoliveira.com.br\/blog\/wp-json\/wp\/v2\/users\/1"}],"replies":[{"embeddable":true,"href":"http:\/\/blogdalucianaoliveira.com.br\/blog\/wp-json\/wp\/v2\/comments?post=31779"}],"version-history":[{"count":1,"href":"http:\/\/blogdalucianaoliveira.com.br\/blog\/wp-json\/wp\/v2\/posts\/31779\/revisions"}],"predecessor-version":[{"id":31781,"href":"http:\/\/blogdalucianaoliveira.com.br\/blog\/wp-json\/wp\/v2\/posts\/31779\/revisions\/31781"}],"wp:attachment":[{"href":"http:\/\/blogdalucianaoliveira.com.br\/blog\/wp-json\/wp\/v2\/media?parent=31779"}],"wp:term":[{"taxonomy":"category","embeddable":true,"href":"http:\/\/blogdalucianaoliveira.com.br\/blog\/wp-json\/wp\/v2\/categories?post=31779"},{"taxonomy":"post_tag","embeddable":true,"href":"http:\/\/blogdalucianaoliveira.com.br\/blog\/wp-json\/wp\/v2\/tags?post=31779"}],"curies":[{"name":"wp","href":"https:\/\/api.w.org\/{rel}","templated":true}]}}