{"id":31782,"date":"2021-05-03T19:12:55","date_gmt":"2021-05-03T23:12:55","guid":{"rendered":"http:\/\/blogdalucianaoliveira.com.br\/blog\/?p=31782"},"modified":"2021-05-03T19:13:01","modified_gmt":"2021-05-03T23:13:01","slug":"bolsonaro-insultou-grande-parte-do-mundo-diz-reportagem-do-washington-post","status":"publish","type":"post","link":"http:\/\/blogdalucianaoliveira.com.br\/blog\/2021\/05\/03\/bolsonaro-insultou-grande-parte-do-mundo-diz-reportagem-do-washington-post\/","title":{"rendered":"\u201cBolsonaro insultou grande parte do mundo\u201d, diz reportagem do Washington Post"},"content":{"rendered":"\n<figure class=\"wp-block-image size-large\"><img data-recalc-dims=\"1\" loading=\"lazy\" decoding=\"async\" width=\"600\" height=\"445\" data-attachment-id=\"31783\" data-permalink=\"http:\/\/blogdalucianaoliveira.com.br\/blog\/2021\/05\/03\/bolsonaro-insultou-grande-parte-do-mundo-diz-reportagem-do-washington-post\/jairbolsonaro-cupuladoclima-clima-palaciodoplanalto-22abr2021\/\" data-orig-file=\"https:\/\/i0.wp.com\/blogdalucianaoliveira.com.br\/blog\/wp-content\/uploads\/2021\/05\/85D7CB84-BDA4-4A0C-89A3-9AB409ACF000.jpeg?fit=868%2C644\" data-orig-size=\"868,644\" data-comments-opened=\"0\" data-image-meta=\"{&quot;aperture&quot;:&quot;0&quot;,&quot;credit&quot;:&quot;Sergio Lima&quot;,&quot;camera&quot;:&quot;&quot;,&quot;caption&quot;:&quot;Presidente Jair Bolsonaro participa da C\\u00fapula de L\\u00edderes sobre o Clima  por videoconfer\\u00eancia.  Marcos Corr\\u00eaa\\\/PR&quot;,&quot;created_timestamp&quot;:&quot;1599223835&quot;,&quot;copyright&quot;:&quot;Creative Commons&quot;,&quot;focal_length&quot;:&quot;0&quot;,&quot;iso&quot;:&quot;0&quot;,&quot;shutter_speed&quot;:&quot;0&quot;,&quot;title&quot;:&quot;JairBolsonaro-CupulaDoClima-Clima-PalacioDoPlanalto-22Abr2021&quot;,&quot;orientation&quot;:&quot;0&quot;}\" data-image-title=\"JairBolsonaro-CupulaDoClima-Clima-PalacioDoPlanalto-22Abr2021\" data-image-description=\"\" data-image-caption=\"&lt;p&gt;Presidente Jair Bolsonaro participa da C\u00fapula de L\u00edderes sobre o Clima  por videoconfer\u00eancia.  Marcos Corr\u00eaa\/PR&lt;\/p&gt;\n\" data-medium-file=\"https:\/\/i0.wp.com\/blogdalucianaoliveira.com.br\/blog\/wp-content\/uploads\/2021\/05\/85D7CB84-BDA4-4A0C-89A3-9AB409ACF000.jpeg?fit=300%2C223\" data-large-file=\"https:\/\/i0.wp.com\/blogdalucianaoliveira.com.br\/blog\/wp-content\/uploads\/2021\/05\/85D7CB84-BDA4-4A0C-89A3-9AB409ACF000.jpeg?fit=600%2C445\" src=\"https:\/\/i0.wp.com\/blogdalucianaoliveira.com.br\/blog\/wp-content\/uploads\/2021\/05\/85D7CB84-BDA4-4A0C-89A3-9AB409ACF000.jpeg?resize=600%2C445\" alt=\"\" class=\"wp-image-31783\" srcset=\"https:\/\/i0.wp.com\/blogdalucianaoliveira.com.br\/blog\/wp-content\/uploads\/2021\/05\/85D7CB84-BDA4-4A0C-89A3-9AB409ACF000.jpeg?w=868 868w, https:\/\/i0.wp.com\/blogdalucianaoliveira.com.br\/blog\/wp-content\/uploads\/2021\/05\/85D7CB84-BDA4-4A0C-89A3-9AB409ACF000.jpeg?resize=300%2C223 300w, https:\/\/i0.wp.com\/blogdalucianaoliveira.com.br\/blog\/wp-content\/uploads\/2021\/05\/85D7CB84-BDA4-4A0C-89A3-9AB409ACF000.jpeg?resize=768%2C570 768w, https:\/\/i0.wp.com\/blogdalucianaoliveira.com.br\/blog\/wp-content\/uploads\/2021\/05\/85D7CB84-BDA4-4A0C-89A3-9AB409ACF000.jpeg?resize=404%2C300 404w\" sizes=\"auto, (max-width: 600px) 100vw, 600px\" \/><figcaption>Presidente Jair Bolsonaro participa da C\u00fapula de L\u00edderes sobre o Clima  por videoconfer\u00eancia.  Marcos Corr\u00eaa\/PR<\/figcaption><\/figure>\n\n\n\n<p><strong>Poder 360 &#8211;<\/strong> O jornal norte-americano\u00a0<em>The Washington Post<\/em>\u00a0publicou uma\u00a0<a rel=\"noreferrer noopener\" href=\"https:\/\/www.washingtonpost.com\/world\/2021\/04\/30\/brazil-coronavirus-bolsonaro-india-vaccine\/\" target=\"_blank\">reportagem<\/a>, na 6\u00aa feira (30.abr.2021), afirmando que o presidente Jair Bolsonaro\u00a0<em>\u201cinsultou grande parte do mundo\u201d<\/em>\u00a0e que\u00a0<em>\u201cagora o\u00a0Brasil precisa da ajuda\u00a0internacional\u201d.<\/em><\/p>\n\n\n\n<!--more-->\n\n\n\n<p>A publica\u00e7\u00e3o\u00a0comparou a \u00cdndia com o Brasil:\u00a0<em>\u201cDois pa\u00edses em desenvolvimento, enormes em popula\u00e7\u00e3o e geografia, dominados por surtos devastadores de coronav\u00edrus\u201d.<\/em><\/p>\n\n\n\n<p>Segundo o jornal,&nbsp;<em>\u201cpara a \u00cdndia, que tem com taxas recordes de infec\u00e7\u00e3o, o mundo respondeu.&nbsp;Mas para o Brasil, que enterrou cerca de 140 mil v\u00edtimas pelo coronav\u00edrus nos \u00faltimos dois meses, a resposta internacional foi mais silenciosa\u201d.<\/em><\/p>\n\n\n\n<p><em>\u201cO contraste entre a forma como a comunidade internacional abordou as crises na \u00cdndia e no Brasil mostra como as crescentes lutas diplom\u00e1ticas de Bras\u00edlia complicaram a resposta do pa\u00eds ao coronav\u00edrus. A imagem internacional que passou d\u00e9cadas cultivando foi minada por um presidente cujo governo insultou grande parte do mundo no momento em que o Brasil mais precisava de sua ajuda\u201d<\/em>.<\/p>\n\n\n\n<p>A reportagem do&nbsp;<em>The Washington Post<\/em>entrevistou o cientista pol\u00edtico&nbsp;Mauricio Santoro, da Universidade do Estado do Rio de Janeiro, que disse:&nbsp;<em>\u201cO mundo inteiro est\u00e1 tentando ajudar a \u00cdndia, mas o Bolsonaro se tornou um problema t\u00e3o internacional que ningu\u00e9m o ajudar\u00e1 [\u2026] ningu\u00e9m est\u00e1 falando em ajudar muito o Brasil\u201d<\/em>.<\/p>\n","protected":false},"excerpt":{"rendered":"<p>Poder 360 &#8211; O jornal norte-americano\u00a0The Washington Post\u00a0publicou uma\u00a0reportagem, na 6\u00aa feira (30.abr.2021), afirmando que o presidente Jair Bolsonaro\u00a0\u201cinsultou grande parte do mundo\u201d\u00a0e que\u00a0\u201cagora o\u00a0Brasil precisa da ajuda\u00a0internacional\u201d.<\/p>\n","protected":false},"author":1,"featured_media":0,"comment_status":"closed","ping_status":"open","sticky":false,"template":"","format":"standard","meta":{"_exactmetrics_skip_tracking":false,"_exactmetrics_sitenote_active":false,"_exactmetrics_sitenote_note":"","_exactmetrics_sitenote_category":0,"jetpack_post_was_ever_published":false,"_jetpack_newsletter_access":"","_jetpack_dont_email_post_to_subs":false,"_jetpack_newsletter_tier_id":0,"_jetpack_memberships_contains_paywalled_content":false,"_jetpack_memberships_contains_paid_content":false,"footnotes":"","jetpack_publicize_message":"","jetpack_publicize_feature_enabled":true,"jetpack_social_post_already_shared":true,"jetpack_social_options":{"image_generator_settings":{"template":"highway","enabled":false},"version":2}},"categories":[1],"tags":[],"class_list":["post-31782","post","type-post","status-publish","format-standard","hentry","category-notas"],"jetpack_publicize_connections":[],"jetpack_sharing_enabled":true,"jetpack_featured_media_url":"","jetpack_shortlink":"https:\/\/wp.me\/p7wKYW-8gC","jetpack-related-posts":[],"_links":{"self":[{"href":"http:\/\/blogdalucianaoliveira.com.br\/blog\/wp-json\/wp\/v2\/posts\/31782","targetHints":{"allow":["GET"]}}],"collection":[{"href":"http:\/\/blogdalucianaoliveira.com.br\/blog\/wp-json\/wp\/v2\/posts"}],"about":[{"href":"http:\/\/blogdalucianaoliveira.com.br\/blog\/wp-json\/wp\/v2\/types\/post"}],"author":[{"embeddable":true,"href":"http:\/\/blogdalucianaoliveira.com.br\/blog\/wp-json\/wp\/v2\/users\/1"}],"replies":[{"embeddable":true,"href":"http:\/\/blogdalucianaoliveira.com.br\/blog\/wp-json\/wp\/v2\/comments?post=31782"}],"version-history":[{"count":1,"href":"http:\/\/blogdalucianaoliveira.com.br\/blog\/wp-json\/wp\/v2\/posts\/31782\/revisions"}],"predecessor-version":[{"id":31784,"href":"http:\/\/blogdalucianaoliveira.com.br\/blog\/wp-json\/wp\/v2\/posts\/31782\/revisions\/31784"}],"wp:attachment":[{"href":"http:\/\/blogdalucianaoliveira.com.br\/blog\/wp-json\/wp\/v2\/media?parent=31782"}],"wp:term":[{"taxonomy":"category","embeddable":true,"href":"http:\/\/blogdalucianaoliveira.com.br\/blog\/wp-json\/wp\/v2\/categories?post=31782"},{"taxonomy":"post_tag","embeddable":true,"href":"http:\/\/blogdalucianaoliveira.com.br\/blog\/wp-json\/wp\/v2\/tags?post=31782"}],"curies":[{"name":"wp","href":"https:\/\/api.w.org\/{rel}","templated":true}]}}