{"id":31786,"date":"2021-05-03T21:35:07","date_gmt":"2021-05-04T01:35:07","guid":{"rendered":"http:\/\/blogdalucianaoliveira.com.br\/blog\/?p=31786"},"modified":"2021-05-03T21:35:12","modified_gmt":"2021-05-04T01:35:12","slug":"pf-intima-lider-indigena-de-ro-por-criticar-acoes-do-governo-esse-inquerito-e-ameaca","status":"publish","type":"post","link":"http:\/\/blogdalucianaoliveira.com.br\/blog\/2021\/05\/03\/pf-intima-lider-indigena-de-ro-por-criticar-acoes-do-governo-esse-inquerito-e-ameaca\/","title":{"rendered":"PF intima l\u00edder ind\u00edgena de RO por criticar a\u00e7\u00f5es do governo: &#8216;esse inqu\u00e9rito \u00e9 amea\u00e7a&#8217;"},"content":{"rendered":"\n<figure class=\"wp-block-image size-large\"><img data-recalc-dims=\"1\" loading=\"lazy\" decoding=\"async\" width=\"600\" height=\"407\" data-attachment-id=\"31787\" data-permalink=\"http:\/\/blogdalucianaoliveira.com.br\/blog\/2021\/05\/03\/pf-intima-lider-indigena-de-ro-por-criticar-acoes-do-governo-esse-inquerito-e-ameaca\/bc94ce61-b742-44f3-b97f-d6354d5b4d2b\/\" data-orig-file=\"https:\/\/i0.wp.com\/blogdalucianaoliveira.com.br\/blog\/wp-content\/uploads\/2021\/05\/BC94CE61-B742-44F3-B97F-D6354D5B4D2B.jpeg?fit=897%2C609\" data-orig-size=\"897,609\" data-comments-opened=\"0\" data-image-meta=\"{&quot;aperture&quot;:&quot;0&quot;,&quot;credit&quot;:&quot;&quot;,&quot;camera&quot;:&quot;&quot;,&quot;caption&quot;:&quot;&quot;,&quot;created_timestamp&quot;:&quot;0&quot;,&quot;copyright&quot;:&quot;&quot;,&quot;focal_length&quot;:&quot;0&quot;,&quot;iso&quot;:&quot;0&quot;,&quot;shutter_speed&quot;:&quot;0&quot;,&quot;title&quot;:&quot;&quot;,&quot;orientation&quot;:&quot;0&quot;}\" data-image-title=\"BC94CE61-B742-44F3-B97F-D6354D5B4D2B\" data-image-description=\"\" data-image-caption=\"\" data-medium-file=\"https:\/\/i0.wp.com\/blogdalucianaoliveira.com.br\/blog\/wp-content\/uploads\/2021\/05\/BC94CE61-B742-44F3-B97F-D6354D5B4D2B.jpeg?fit=300%2C204\" data-large-file=\"https:\/\/i0.wp.com\/blogdalucianaoliveira.com.br\/blog\/wp-content\/uploads\/2021\/05\/BC94CE61-B742-44F3-B97F-D6354D5B4D2B.jpeg?fit=600%2C407\" src=\"https:\/\/i0.wp.com\/blogdalucianaoliveira.com.br\/blog\/wp-content\/uploads\/2021\/05\/BC94CE61-B742-44F3-B97F-D6354D5B4D2B.jpeg?resize=600%2C407\" alt=\"\" class=\"wp-image-31787\" srcset=\"https:\/\/i0.wp.com\/blogdalucianaoliveira.com.br\/blog\/wp-content\/uploads\/2021\/05\/BC94CE61-B742-44F3-B97F-D6354D5B4D2B.jpeg?w=897 897w, https:\/\/i0.wp.com\/blogdalucianaoliveira.com.br\/blog\/wp-content\/uploads\/2021\/05\/BC94CE61-B742-44F3-B97F-D6354D5B4D2B.jpeg?resize=300%2C204 300w, https:\/\/i0.wp.com\/blogdalucianaoliveira.com.br\/blog\/wp-content\/uploads\/2021\/05\/BC94CE61-B742-44F3-B97F-D6354D5B4D2B.jpeg?resize=768%2C521 768w, https:\/\/i0.wp.com\/blogdalucianaoliveira.com.br\/blog\/wp-content\/uploads\/2021\/05\/BC94CE61-B742-44F3-B97F-D6354D5B4D2B.jpeg?resize=442%2C300 442w\" sizes=\"auto, (max-width: 600px) 100vw, 600px\" \/><\/figure>\n\n\n\n<h4 class=\"wp-block-heading\">Em nota, a Apib afirmou que a intima\u00e7\u00e3o foi uma forma de &#8220;criminalizar o movimento ind\u00edgena&#8221;.<\/h4>\n\n\n\n<!--more-->\n\n\n\n<p>Por G1 RO<\/p>\n\n\n\n<p>A Pol\u00edcia Federal intimou o l\u00edder ind\u00edgena de Rond\u00f4nia, Almir Suru\u00ed, a prestar depoimento em um inqu\u00e9rito aberto em raz\u00e3o de divulga\u00e7\u00f5es na internet que, segundo a Funda\u00e7\u00e3o Nacional do \u00cdndio (Funai), propaga &#8220;mentiras&#8221; contra o governo.&nbsp;<\/p>\n\n\n\n<p>O inqu\u00e9rito investiga not\u00edcia crime de difama\u00e7\u00e3o, supostamente praticada contra a Funai, por integrantes da associa\u00e7\u00e3o Metareil\u00e1 do povo ind\u00edgena Suru\u00ed, representada por Almir.&nbsp;<\/p>\n\n\n\n<p>Por telefone a lideran\u00e7a confirmou que foi procurado pela Pol\u00edcia Federal na sexta-feira (30). Ele tamb\u00e9m disse que apenas vem falando que o governo atual&nbsp;n\u00e3o tem atendido de forma respeitosa a quest\u00e3o ind\u00edgena.&nbsp;<\/p>\n\n\n\n<blockquote class=\"wp-block-quote is-layout-flow wp-block-quote-is-layout-flow\"><p>&#8220;Isso n\u00e3o \u00e9 difama\u00e7\u00e3o, esse inqu\u00e9rito \u00e9 uma amea\u00e7a do governo, mas sei que vamos enfrentar&#8221;, diz Almir.&nbsp;<\/p><\/blockquote>\n\n\n\n<p><a href=\"https:\/\/g1.globo.com\/politica\/noticia\/2021\/04\/30\/pf-intima-lider-indigena-por-documentario-que-critica-acao-do-governo-na-pandemia.ghtml\">A PF tamb\u00e9m intimou a l\u00edder ind\u00edgena Sonia Guajajara<\/a>, da Articula\u00e7\u00e3o dos Povos Ind\u00edgenas do Brasil (Apib), a prestar depoimento.&nbsp;<\/p>\n\n\n\n<p>&#8220;A persegui\u00e7\u00e3o desse governo \u00e9 inaceit\u00e1vel e absurda! Eles n\u00e3o nos calar\u00e3o!&#8221;, escreveu Sonia Guajajara em uma rede social.&nbsp;<\/p>\n\n\n\n<p>Em nota, a Apib afirmou que a intima\u00e7\u00e3o foi uma forma de &#8220;criminalizar o movimento ind\u00edgena&#8221;.&nbsp;<\/p>\n\n\n\n<p>&#8220;O governo busca intimidar os povos ind\u00edgenas em uma n\u00edtida tentativa de cercear nossa liberdade de express\u00e3o, que \u00e9 a ferramenta mais importante para denunciar as viola\u00e7\u00f5es de direitos humanos. Atualmente, mais da metade dos povos ind\u00edgenas foram diretamente atingidos pela Covid-19, com mais de 53 mil casos confirmados e 1.059 mortos\u201c, diz a nota da entidade.<\/p>\n\n\n\n<figure class=\"wp-block-image\"><img data-recalc-dims=\"1\" decoding=\"async\" src=\"https:\/\/i0.wp.com\/s01.video.glbimg.com\/x240\/9479268.jpg?w=600&#038;ssl=1\" alt=\"PF intima l\u00edder ind\u00edgena S\u00f4nia Guajajara a prestar depoimento sobre cr\u00edticas ao governo\"\/><\/figure>\n\n\n\n<p>PF intima l\u00edder ind\u00edgena S\u00f4nia Guajajara a prestar depoimento sobre cr\u00edticas ao governo<\/p>\n","protected":false},"excerpt":{"rendered":"<p>Em nota, a Apib afirmou que a intima\u00e7\u00e3o foi uma forma de &#8220;criminalizar o movimento ind\u00edgena&#8221;.<\/p>\n","protected":false},"author":1,"featured_media":0,"comment_status":"closed","ping_status":"open","sticky":false,"template":"","format":"standard","meta":{"_exactmetrics_skip_tracking":false,"_exactmetrics_sitenote_active":false,"_exactmetrics_sitenote_note":"","_exactmetrics_sitenote_category":0,"jetpack_post_was_ever_published":false,"_jetpack_newsletter_access":"","_jetpack_dont_email_post_to_subs":false,"_jetpack_newsletter_tier_id":0,"_jetpack_memberships_contains_paywalled_content":false,"_jetpack_memberships_contains_paid_content":false,"footnotes":"","jetpack_publicize_message":"","jetpack_publicize_feature_enabled":true,"jetpack_social_post_already_shared":true,"jetpack_social_options":{"image_generator_settings":{"template":"highway","enabled":false},"version":2}},"categories":[1],"tags":[511,53,408,359],"class_list":["post-31786","post","type-post","status-publish","format-standard","hentry","category-notas","tag-almir-surui","tag-bolsonaro","tag-funai","tag-pf"],"jetpack_publicize_connections":[],"jetpack_sharing_enabled":true,"jetpack_featured_media_url":"","jetpack_shortlink":"https:\/\/wp.me\/p7wKYW-8gG","jetpack-related-posts":[],"_links":{"self":[{"href":"http:\/\/blogdalucianaoliveira.com.br\/blog\/wp-json\/wp\/v2\/posts\/31786","targetHints":{"allow":["GET"]}}],"collection":[{"href":"http:\/\/blogdalucianaoliveira.com.br\/blog\/wp-json\/wp\/v2\/posts"}],"about":[{"href":"http:\/\/blogdalucianaoliveira.com.br\/blog\/wp-json\/wp\/v2\/types\/post"}],"author":[{"embeddable":true,"href":"http:\/\/blogdalucianaoliveira.com.br\/blog\/wp-json\/wp\/v2\/users\/1"}],"replies":[{"embeddable":true,"href":"http:\/\/blogdalucianaoliveira.com.br\/blog\/wp-json\/wp\/v2\/comments?post=31786"}],"version-history":[{"count":1,"href":"http:\/\/blogdalucianaoliveira.com.br\/blog\/wp-json\/wp\/v2\/posts\/31786\/revisions"}],"predecessor-version":[{"id":31788,"href":"http:\/\/blogdalucianaoliveira.com.br\/blog\/wp-json\/wp\/v2\/posts\/31786\/revisions\/31788"}],"wp:attachment":[{"href":"http:\/\/blogdalucianaoliveira.com.br\/blog\/wp-json\/wp\/v2\/media?parent=31786"}],"wp:term":[{"taxonomy":"category","embeddable":true,"href":"http:\/\/blogdalucianaoliveira.com.br\/blog\/wp-json\/wp\/v2\/categories?post=31786"},{"taxonomy":"post_tag","embeddable":true,"href":"http:\/\/blogdalucianaoliveira.com.br\/blog\/wp-json\/wp\/v2\/tags?post=31786"}],"curies":[{"name":"wp","href":"https:\/\/api.w.org\/{rel}","templated":true}]}}