{"id":31789,"date":"2021-05-04T09:10:14","date_gmt":"2021-05-04T13:10:14","guid":{"rendered":"http:\/\/blogdalucianaoliveira.com.br\/blog\/?p=31789"},"modified":"2021-05-04T09:10:18","modified_gmt":"2021-05-04T13:10:18","slug":"empresa-de-rondonia-em-contrato-de-coleta-de-lixo-suspeito-em-florianopolis","status":"publish","type":"post","link":"http:\/\/blogdalucianaoliveira.com.br\/blog\/2021\/05\/04\/empresa-de-rondonia-em-contrato-de-coleta-de-lixo-suspeito-em-florianopolis\/","title":{"rendered":"Empresa de Rond\u00f4nia em contrato de coleta de lixo suspeito em Florian\u00f3polis"},"content":{"rendered":"\n<figure class=\"wp-block-image size-large\"><img data-recalc-dims=\"1\" loading=\"lazy\" decoding=\"async\" width=\"600\" height=\"400\" data-attachment-id=\"31790\" data-permalink=\"http:\/\/blogdalucianaoliveira.com.br\/blog\/2021\/05\/04\/empresa-de-rondonia-em-contrato-de-coleta-de-lixo-suspeito-em-florianopolis\/d6d6c85f-448c-45d4-8559-a63ead118abc\/\" data-orig-file=\"https:\/\/i0.wp.com\/blogdalucianaoliveira.com.br\/blog\/wp-content\/uploads\/2021\/05\/D6D6C85F-448C-45D4-8559-A63EAD118ABC.jpeg?fit=900%2C600\" data-orig-size=\"900,600\" data-comments-opened=\"0\" data-image-meta=\"{&quot;aperture&quot;:&quot;0&quot;,&quot;credit&quot;:&quot;&quot;,&quot;camera&quot;:&quot;&quot;,&quot;caption&quot;:&quot;&quot;,&quot;created_timestamp&quot;:&quot;0&quot;,&quot;copyright&quot;:&quot;&quot;,&quot;focal_length&quot;:&quot;0&quot;,&quot;iso&quot;:&quot;0&quot;,&quot;shutter_speed&quot;:&quot;0&quot;,&quot;title&quot;:&quot;&quot;,&quot;orientation&quot;:&quot;0&quot;}\" data-image-title=\"D6D6C85F-448C-45D4-8559-A63EAD118ABC\" data-image-description=\"\" data-image-caption=\"\" data-medium-file=\"https:\/\/i0.wp.com\/blogdalucianaoliveira.com.br\/blog\/wp-content\/uploads\/2021\/05\/D6D6C85F-448C-45D4-8559-A63EAD118ABC.jpeg?fit=300%2C200\" data-large-file=\"https:\/\/i0.wp.com\/blogdalucianaoliveira.com.br\/blog\/wp-content\/uploads\/2021\/05\/D6D6C85F-448C-45D4-8559-A63EAD118ABC.jpeg?fit=600%2C400\" src=\"https:\/\/i0.wp.com\/blogdalucianaoliveira.com.br\/blog\/wp-content\/uploads\/2021\/05\/D6D6C85F-448C-45D4-8559-A63EAD118ABC.jpeg?resize=600%2C400\" alt=\"\" class=\"wp-image-31790\" srcset=\"https:\/\/i0.wp.com\/blogdalucianaoliveira.com.br\/blog\/wp-content\/uploads\/2021\/05\/D6D6C85F-448C-45D4-8559-A63EAD118ABC.jpeg?w=900 900w, https:\/\/i0.wp.com\/blogdalucianaoliveira.com.br\/blog\/wp-content\/uploads\/2021\/05\/D6D6C85F-448C-45D4-8559-A63EAD118ABC.jpeg?resize=300%2C200 300w, https:\/\/i0.wp.com\/blogdalucianaoliveira.com.br\/blog\/wp-content\/uploads\/2021\/05\/D6D6C85F-448C-45D4-8559-A63EAD118ABC.jpeg?resize=768%2C512 768w, https:\/\/i0.wp.com\/blogdalucianaoliveira.com.br\/blog\/wp-content\/uploads\/2021\/05\/D6D6C85F-448C-45D4-8559-A63EAD118ABC.jpeg?resize=450%2C300 450w\" sizes=\"auto, (max-width: 600px) 100vw, 600px\" \/><\/figure>\n\n\n\n<p><strong>Folha da Cidade &#8211;<\/strong> Prefeitura de Florian\u00f3polis paga duas vezes por servi\u00e7os de coleta de lixo; contratada sem licita\u00e7\u00e3o usa pessoal e estrutura da Comcap.<\/p>\n\n\n\n<!--more-->\n\n\n\n<h2 class=\"wp-block-heading\"><strong>Privatiza\u00e7\u00e3o \u00e0s avessas&nbsp;<\/strong><\/h2>\n\n\n\n<blockquote class=\"wp-block-quote is-layout-flow wp-block-quote-is-layout-flow\"><p><em>++ Com argumentos de \u201cmenos privil\u00e9gios\u201d e \u201cmais economia\u201d, C\u00e2mara aprovou em janeiro deste ano terceiriza\u00e7\u00e3o no servi\u00e7o da capital catarinense; imediatamente munic\u00edpio contratou a Amazon Fort&nbsp;regime de urg\u00eancia<\/em><\/p><p><em>++ Empresa \u00e9 investigada em Rond\u00f4nia onde tamb\u00e9m assumiu contratos por dispensa de licita\u00e7\u00e3o; em dezembro, um m\u00eas antes da contrata\u00e7\u00e3o, Amazon Fort anunciou vagas para trabalhar em Florian\u00f3polis<\/em><\/p><\/blockquote>\n\n\n\n<figure><iframe src=\"https:\/\/www.youtube.com\/embed\/YSoKEth-Hsg?enablejsapi=1?feature=oembed\" allowfullscreen=\"\"><\/iframe><\/figure>\n\n\n\n<p><strong><em>Reportagem:&nbsp;<\/em><\/strong><em><strong>F\u00e1bio Bispo e Schirlei Alves<br>Imagens: Rubens Lopes<\/strong><\/em><\/p>\n\n\n\n<p>O dia prometia ser quente, quando encontramos o gari Rom\u00e1rio dos Santos, 45 anos, no p\u00e1tio da Comcap, \u00e0s 6h da manh\u00e3. H\u00e1 dez anos ele acorda as 4h15, toma caf\u00e9 com a esposa, e enfrenta 60 quil\u00f4metros no \u00f4nibus fretado que faz o trajeto Paulo Lopes\/Florian\u00f3polis. Mas Rom\u00e1rio prefere os dias quentes aos&nbsp; chuvosos \u2014 quando h\u00e1 mais risco de deslizar ladeira abaixo. O gari trabalha em uma das opera\u00e7\u00f5es mais custosas para a antiga Companhia de Melhoramentos da Capital, que foi transformada em Autarquia e agora corre riscos de ser completamente extinta.<\/p>\n\n\n\n<p>Logo Rom\u00e1rio est\u00e1 no alto do Morro da Costeira do Pirajuba\u00e9, onde os caminh\u00f5es tradicionais da coleta de res\u00edduos n\u00e3o chegam. A dificuldade geogr\u00e1fica n\u00e3o impede que os moradores do ponto mais alto sejam atendidos. Rom\u00e1rio sobe a p\u00e9, desenrola uma lona larga no ch\u00e3o, segura firme em uma das extremidades, e chega at\u00e9 a \u00faltima casinha no topo do morro, onde n\u00e3o \u00e9 poss\u00edvel alcan\u00e7ar com os olhos.<\/p>\n\n\n\n<p>Os sacos de lixo v\u00e3o para a lona, de casa em casa. Na sequ\u00eancia, s\u00e3o despejados na caminhonete que leva tudo para o caminh\u00e3o. Dali, seguem at\u00e9 a esta\u00e7\u00e3o de transbordo no Itacorubi, onde \u00e9 transferido para uma carreta maior que faz o transporte at\u00e9 o aterro sanit\u00e1rio de Bigua\u00e7u. No aterro, administrado pela francesa Veolia, recebe carretas carregadas de todos os munic\u00edpios da Grande Florian\u00f3polis:&nbsp;1,5 toneladas por dia. Pelo menos 50% desse volume \u00e9 recolhido em Florian\u00f3polis (Dados de 2019).<\/p>\n\n\n\n<p>A opera\u00e7\u00e3o da Comcap tem or\u00e7amento na casa dos R$ 200 milh\u00f5es por ano, e envolve 1.672 empregados, sendo que&nbsp; 90% trabalha no operacional, realizando coleta, transporte, varri\u00e7\u00e3o, transbordo entre outras atividades bra\u00e7ais.<\/p>\n\n\n\n<p>\u201cAntes de tudo, a Comcap \u00e9 uma empresa de log\u00edstica, com capacidade de passar em todas as casas da cidade, e que faz a gest\u00e3o de res\u00edduos de ponta a ponta. Tem um potencial enorme\u201d, contou o ex-presidente da Companhia, Marius Bagnatti, que ocupou cargos na empresa por 14 anos.<\/p>\n\n\n\n<p>\u00c9 inven\u00e7\u00e3o da Comcap a coleta nos morros com uso de uma lona. A empresa p\u00fablica tamb\u00e9m \u00e9 pioneira na coleta seletiva no pa\u00eds e ao longo de 45 anos realizou programas com agricultores familiares; implantou o servi\u00e7o porta a porta; e todos os anos \u00e9 a primeira a acordar sem ressaca do R\u00e9veillon para limpar as praias.&nbsp;<\/p>\n\n\n\n<p>Mas a realidade da Comcap mudou radicalmente em 26 janeiro deste ano de 2021, quando a rec\u00e9m eleita C\u00e2mara de Vereadores aprovou em sess\u00e3o extraordin\u00e1ria a<a href=\"https:\/\/leismunicipais.com.br\/a\/sc\/f\/florianopolis\/lei-complementar\/2021\/70\/706\/lei-complementar-n-706-2021-estabelece-direitos-iguais-a-todos-os-servidores-e-empregados-da-administracao-publica-municipal-direta-indireta-autarquica-e-fundacional-atualiza-a-estrutura-organizacional-altera-as-leis-complementares-n-5002014-574-2016-606-2017-189-2005-618-2017-310-2007-034-1999-063-2003-e-as-leis-1-494-1977-4-645-1995-8-130-2010-e-da-outras-providencias\" target=\"_blank\" rel=\"noreferrer noopener\">&nbsp;lei complementar 706<\/a>, de autoria do prefeito Gean Loureiro (DEM), e que autorizou uma s\u00e9rie de altera\u00e7\u00f5es no regime da autarquia e nos acordos trabalhistas dos funcion\u00e1rios.<\/p>\n\n\n\n<p>A sequ\u00eancia dos acontecimentos que vamos narrar aqui indicam que a Amazon Fort, empresa de Rond\u00f4nia que h\u00e1 quatro meses realiza a coleta de res\u00edduos em Florian\u00f3polis sem licita\u00e7\u00e3o,&nbsp;tinha inten\u00e7\u00e3o de se instalar na cidade bem antes de ser contratada de forma emergencial durante a greve da Comcap, em janeiro. Al\u00e9m disso, a Amazon tem utilizado funcion\u00e1rios e estrutura da Comcap para realizar servi\u00e7os que j\u00e1 s\u00e3o pagos no contrato.&nbsp;&nbsp;<\/p>\n\n\n\n<p>O prefeito Gean Loureiro nos disse que a manuten\u00e7\u00e3o da empresa no servi\u00e7o se justifica pela economia aos cofres p\u00fablicos. \u201c\u00c9 o que est\u00e1 acontecendo no Continente, onde a prefeitura est\u00e1 gastando 60% a menos no valor da coleta\u201d, afirmou \u00e0 Folha da Cidade.<\/p>\n\n\n\n<p>Em&nbsp;<a href=\"https:\/\/ndmais.com.br\/politica-sc\/gean-loureiro-preve-uma-economia-de-r-20-milhoes-com-corte-de-privilegios-na-comcap\/\">entrevistas<\/a>, o prefeito defendeu que a terceiriza\u00e7\u00e3o seria \u201cmais eficiente e mais barata\u201d. Mas a empresa contratada opera com dificuldades, com caminh\u00f5es sem elevador para recolher contentores e utiliza equipamentos e funcion\u00e1rios da Comcap, pagos com verba p\u00fablica, para realizar o transbordo na central localizada no bairro Itacorubi.<\/p>\n\n\n\n<figure class=\"wp-block-image\"><img data-recalc-dims=\"1\" decoding=\"async\" data-attachment-id=\"3630\" data-permalink=\"http:\/\/blogdalucianaoliveira.com.br\/blog\/2016\/09\/01\/se-temer-e-contra-ser-chamado-de-golpista-mais-de-54-milhoes-sao-a-favor\/image-805\/\" data-orig-file=\"https:\/\/i0.wp.com\/blogdalucianaoliveira.com.br\/blog\/wp-content\/uploads\/2016\/09\/image-13.jpeg?fit=423%2C534\" data-orig-size=\"423,534\" data-comments-opened=\"0\" data-image-meta=\"{&quot;aperture&quot;:&quot;0&quot;,&quot;credit&quot;:&quot;&quot;,&quot;camera&quot;:&quot;&quot;,&quot;caption&quot;:&quot;&quot;,&quot;created_timestamp&quot;:&quot;0&quot;,&quot;copyright&quot;:&quot;&quot;,&quot;focal_length&quot;:&quot;0&quot;,&quot;iso&quot;:&quot;0&quot;,&quot;shutter_speed&quot;:&quot;0&quot;,&quot;title&quot;:&quot;&quot;,&quot;orientation&quot;:&quot;1&quot;}\" data-image-title=\"image\" data-image-description=\"\" data-image-caption=\"\" data-medium-file=\"https:\/\/i0.wp.com\/blogdalucianaoliveira.com.br\/blog\/wp-content\/uploads\/2016\/09\/image-13.jpeg?fit=238%2C300\" data-large-file=\"https:\/\/i0.wp.com\/blogdalucianaoliveira.com.br\/blog\/wp-content\/uploads\/2016\/09\/image-13.jpeg?fit=423%2C534\" src=\"https:\/\/i0.wp.com\/folhacidade.com.br\/wp-content\/uploads\/2021\/05\/contrato-.jpg?w=600&#038;ssl=1\" alt=\"\" class=\"wp-image-3630\"\/><figcaption>Contrato entre PMF e Amazon Fort prev\u00ea que empresa use equipe pr\u00f3pria para \u201copera\u00e7\u00e3o de descarregamento\u201d.&nbsp;<\/figcaption><\/figure>\n\n\n\n<p>Na<a href=\"https:\/\/drive.google.com\/file\/d\/10ZzYL4u550xIEiCYi0EcN7n4aIOo9sda\/view?usp=sharing\" target=\"_blank\" rel=\"noreferrer noopener\">&nbsp;noite de 25<\/a>&nbsp;de mar\u00e7o, flagramos&nbsp;<a href=\"https:\/\/drive.google.com\/file\/d\/1DV4KJJN9JbGIwtXGWWva8OzWOVdXS06y\/view?usp=sharing\" target=\"_blank\" rel=\"noreferrer noopener\">servidores da Comcap<\/a>&nbsp;fazendo o transbordo&nbsp;<a href=\"https:\/\/drive.google.com\/file\/d\/1fS3D01qWJcMm88QnGzguhK9jgP7if597\/view?usp=sharing\" target=\"_blank\" rel=\"noreferrer noopener\">do lixo<\/a>&nbsp;dos caminh\u00f5es da&nbsp;<a href=\"https:\/\/drive.google.com\/file\/d\/1knqujrQ2E62jTk6x06Y-Jd8IEe6tCFaJ\/view?usp=sharing\">Amazon Fort<\/a>, no bairro Itacorubi, descumprindo o que est\u00e1 previsto em&nbsp;<a href=\"https:\/\/drive.google.com\/file\/d\/1nroBWG0j6Dm_m87ncGadT41cGT9yJTQr\/view?usp=sharing\">contrato<\/a>&nbsp;e usando m\u00e3o de obra que j\u00e1 \u00e9 paga pelo munic\u00edpio, onerando duplamente os cofres p\u00fablicos.<\/p>\n\n\n\n<p>O contrato com a Amazon prev\u00ea que o transbordo deveria ser realizado na esta\u00e7\u00e3o da francesa Proactiva Meio Ambiente\/Veolia, em Palho\u00e7a, \u201cou em outro local a ser definido pela contratante\u201d, e que toda opera\u00e7\u00e3o \u201cde descarregamento dos res\u00edduos dever\u00e1 ser realizada pela pr\u00f3pria equipe de coleta\u201d.<\/p>\n\n\n\n<p>A Amazon \u00e9 remunerada pela quantidade de res\u00edduo que recolhe, R$ 175 por tonelada, podendo recolher at\u00e9 53,1 mil toneladas, podendo o contrato render at\u00e9 R$ 9,2 milh\u00f5es por m\u00eas para a empresa.<\/p>\n\n\n\n<p>Gean ignorou o apontamento de descumprimento do contrato e disse que \u201co transbordo do lixo \u00e9 um servi\u00e7o que n\u00e3o foi objeto da contrata\u00e7\u00e3o com a Amazon Fort\u201d, emendando que o servi\u00e7o \u201ctem responsabilidade compartilhada a SMMA (antiga ComcapComcao) e a empresa Proactiva, respons\u00e1vel pelo destino final do lixo, conforme contrato vigente\u201d, nas palavras do prefeito.<\/p>\n\n\n\n<h2 class=\"wp-block-heading\"><strong>Trabalhadores dissolvidos na administra\u00e7\u00e3o<\/strong><\/h2>\n\n\n\n<p>Sobre as altera\u00e7\u00f5es nos benef\u00edcios dos trabalhadores, o prefeito afirmou que igualou os direitos aos demais servidores do munic\u00edpio. A nova lei, praticamente extinguiu a Comcap da administra\u00e7\u00e3o municipal, dividiu as atribui\u00e7\u00f5es e atividades operacionais entre as secretarias de Infraestrutura e Meio Ambiente, que agora assumem como contratantes dos servi\u00e7os.<\/p>\n\n\n\n<p>Os outros departamentos foram absorvidos pelas demais pastas: o Jur\u00eddico foi incorporado pela Procuradoria; RH ficar\u00e1 com a administra\u00e7\u00e3o central e o Financeiro vai para a Fazenda.&nbsp;<\/p>\n\n\n\n<p>Motoristas de caminh\u00e3o agora atendem demandas da Secretaria de Infraestrutura; advogados da Comcap foram para a Procuradoria da prefeitura e os engenheiros para a pasta do Meio Ambiente.&nbsp;<\/p>\n\n\n\n<p>Denominado \u201cDireitos Iguais\u201d, o&nbsp;<a href=\"https:\/\/drive.google.com\/file\/d\/1rtXW3pysFC9KqetTH-MGAy3Gtbgrsl17\/view?usp=sharing\" target=\"_blank\" rel=\"noreferrer noopener\">projeto de lei&nbsp;<\/a>mirou, nas palavras de Loureiro, combater \u201csuper privil\u00e9gios\u201d nos sal\u00e1rios dos funcion\u00e1rios da Comcap. Gean prometeu que a economia chegaria a&nbsp;<a href=\"https:\/\/www.nsctotal.com.br\/colunistas\/renato-igor\/aprovacao-de-projeto-representa-economia-de-r20-milhoes-por-ano-na-comcap\" target=\"_blank\" rel=\"noreferrer noopener\">R$ 20 milh\u00f5es por ano<\/a>.&nbsp;<\/p>\n\n\n\n<p>Dados do Portal da Transpar\u00eancia mostram que em outubro de 2020 \u2014m\u00eas que tem pouca incid\u00eancia de f\u00e9rias, 13\u00ba e outros benef\u00edcios\u2014, a m\u00e9dia dos sal\u00e1rios pagos aos mais de 1,5 mil trabalhadores da Comcap foi de R$ 2,8 mil. Os garis de coleta, por exemplo, receberam em m\u00e9dia R$ 2,5 mil e os motoristas R$ 3,3 mil. Em mar\u00e7o deste ano, j\u00e1 ap\u00f3s a lei entrar em vigor, a m\u00e9dia salarial ficou em R$ 2,6 mil, uma redu\u00e7\u00e3o de menos de 10%.&nbsp;<\/p>\n\n\n\n<p>Se comparado o custo com o sal\u00e1rio bruto dos trabalhadores entre outubro de 2020 e mar\u00e7o de 2021, a diferen\u00e7a mensal \u00e9 de R$ 380 mil, o que daria algo em torno de R$ 4,5 milh\u00f5es anual. As \u00fanicas mudan\u00e7as na folha da Comcap foi a sa\u00edda dos diretores, que foram incorporados \u00e0s folhas das secretarias.<\/p>\n\n\n\n<p>O sorriso de Rom\u00e1rio \u00e9 substitu\u00eddo pela preocupa\u00e7\u00e3o quando falamos sobre o corte nos rendimentos. Os descontos aprovados na C\u00e2mara j\u00e1 estavam por vir no pagamento do m\u00eas seguinte. O gari, que em outubro de 2020 recebeu R$ 2.222,55, temia corte nos benef\u00edcios, que prometia reduzir os ganhos da categoria em at\u00e9 30%.&nbsp;<\/p>\n\n\n\n<p>A nova lei reduziu valores de produtividade (2%); gratifica\u00e7\u00e3o de f\u00e9rias, que pode chegar a uma perda de 15% do valor recebido; hora-extra, que passou de 100% em dias normais e 150% em feriados para 50% e 100%, respectivamente; entre outros. A nova lei diminuiu inclusive o m\u00ednimo de garis por equipe, de tr\u00eas para dois.&nbsp;<\/p>\n\n\n\n<p>O impacto imediato sentido pelos trabalhadores foi o corte do vale refei\u00e7\u00e3o. Antes da pandemia, eles recebiam 30 aux\u00edlios-refei\u00e7\u00e3o equivalentes a R$ 31,00 cada \u2014 que tamb\u00e9m poderiam ser usados em compras no mercado, e almo\u00e7o quentinho no refeit\u00f3rio da Comcap. Com a chegada da pandemia, por\u00e9m, o refeit\u00f3rio foi desativado. Como compensa\u00e7\u00e3o, Rom\u00e1rio e os colegas recebiam o dobro do benef\u00edcio. S\u00f3 que, depois da aprova\u00e7\u00e3o da lei, a atividade no restaurante n\u00e3o foi retomada e o valor extra foi cortado. Al\u00e9m disso, o aux\u00edlio foi reduzido para R$ 28,50 por dia trabalhado e n\u00e3o mais para todos os dias do m\u00eas.&nbsp;<\/p>\n\n\n\n<p>\u201cPara muitas fam\u00edlias o valor do tiket equivale de 20% a 30% do sal\u00e1rio, em alguns casos at\u00e9 mais, dependendo da atividade. E o buffet quente era feito por nutricionista com alimenta\u00e7\u00e3o balanceada por meio de uma empresa contratada. Isso n\u00e3o entrou no acordo coletivo por acaso, existe todo uma hist\u00f3ria e pesquisa que identificou a necessidade pelo esfor\u00e7o f\u00edsico deles, pelos acidentes de trabalho e muita gente doente com alimenta\u00e7\u00e3o inadequada\u201d, ponderou o advogado do Sindicato dos Trabalhadores no Servi\u00e7o P\u00fablico Municipal de Florian\u00f3polis (Sintrasem), Johnson Homem.<\/p>\n\n\n\n<h2 class=\"wp-block-heading\" id=\"semlicita\u00e7\u00e3o\"><strong>Caminho encurtado sem licita\u00e7\u00e3o<\/strong><\/h2>\n\n\n\n<p>No mesmo dia que enviou \u00e0 C\u00e2mara o projeto de lei para altera\u00e7\u00e3o na estrutura da Comcap, o munic\u00edpio anunciou a&nbsp;<a href=\"https:\/\/drive.google.com\/file\/d\/1sHzuPDtAmFiqw5TkBRLXAbSVYKq7p3km\/view?usp=sharing\" target=\"_blank\" rel=\"noreferrer noopener\">contrata\u00e7\u00e3o emergencial<\/a>&nbsp;da Amazon Fort, do Grupo Amazon, de Rond\u00f4nia, para realizar a coleta na cidade por dispensa de licita\u00e7\u00e3o. Um dia antes, os trabalhadores paralisaram as atividades em protesto contra as mudan\u00e7as anunciadas por Loureiro.&nbsp;<\/p>\n\n\n\n<p>A paralisa\u00e7\u00e3o dos servidores foi o argumento para justificar a contrata\u00e7\u00e3o emergencial sem licita\u00e7\u00e3o. Mas a Amazon Fort j\u00e1 tinha planos de expandir servi\u00e7os na capital catarinense muito antes e praticamente colocou em pr\u00e1tica as mudan\u00e7as que os vereadores sequer tinham aprovado.<\/p>\n\n\n\n<p>Em 29 de dezembro,&nbsp; 33 dias antes da greve dos servidores,&nbsp;<a href=\"https:\/\/drive.google.com\/file\/d\/1dAKjiOM8Dvx5cSsvzD8VJ-tEHJhs_03t\/view?usp=sharing\" target=\"_blank\" rel=\"noreferrer noopener\">a empresa&nbsp; anunciou a contrata\u00e7\u00e3o de funcion\u00e1rios<\/a>&nbsp;para trabalhar em Florian\u00f3polis: fiscal de frota, motorista de caminh\u00e3o coletor e coletor de res\u00edduos urbanos. N\u00f3s confirmamos que o n\u00famero de telefone divulgado no an\u00fancio e o endere\u00e7o de e-mail s\u00e3o da empresa.<\/p>\n\n\n\n<figure><iframe src=\"https:\/\/www.youtube.com\/embed\/zm9XmAAj2UY?enablejsapi=1?feature=oembed\" allowfullscreen=\"\"><\/iframe><\/figure>\n\n\n\n<p>Um dia antes da contrata\u00e7\u00e3o emergencial, que ocorreu em 19 de janeiro, o Grupo Amazon registrou&nbsp;<a href=\"https:\/\/drive.google.com\/file\/d\/1imditGz2TgIF2eUMXAC3i24HVuYeQIQP\/view?usp=sharing\" target=\"_blank\" rel=\"noreferrer noopener\">um novo CNPJ<\/a>, em S\u00e3o Jos\u00e9, na Grande Florian\u00f3polis. Na Receita Federal, a nova empresa do grupo declara como atividade principal \u201cEstacionamento de ve\u00edculos\u201d, e como ramo secund\u00e1rio \u201cSalas de acesso \u00e0 internet\u201d.<\/p>\n\n\n\n<p>Al\u00e9m da Amazon, outra empresa foi contratada a toque de caixa para cobrir os trabalhadores da Comcap durante a paralisa\u00e7\u00e3o em janeiro. A Argailha iniciou os trabalhos no dia 22 daquele m\u00eas, nos mesmos moldes, por dispensa de licita\u00e7\u00e3o, e ficou respons\u00e1vel pela opera\u00e7\u00e3o do transbordo no Norte da Ilha, servindo de retaguarda para que a Amazon pudesse realizar a coleta.<\/p>\n\n\n\n<p>Lusmaya N\u00fabia Silva Costa, que se apresentou como uma das propriet\u00e1rias da Argailha, nos confirmou que o ex-presidente da Comcap, Lucas Arruda, a procurou em janeiro de 2021 para o servi\u00e7o de transbordo. E em uma negocia\u00e7\u00e3o r\u00e1pida ela apresentou a papelada e iniciou o trabalho, ao custo de R$ 15,5 mil por dia.<\/p>\n\n\n\n<p>Lucas Arruda tamb\u00e9m confirmou ter procurado a empresa e disse que j\u00e1 havia um mapeamento desde dezembro \u2014quando teria ocorrido outra greve da Comcap. \u201cN\u00f3s t\u00ednhamos esse mapeamento de empresas pr\u00e9-cadastradas e j\u00e1 sab\u00edamos quem poderia ajudar\u201d, declarou \u00e0 Folha.<\/p>\n\n\n\n<p>O ex-presidente da Comcap n\u00e3o confirmou se foram pedidos outros or\u00e7amentos. Atualmente, Arruda \u00e9 superintendente de Saneamento B\u00e1sico na Secretaria do Meio Ambiente.<\/p>\n\n\n\n<p>Lusmaya disse que nunca fez cadastro para prestar servi\u00e7o ao munic\u00edpio e que na \u00e9poca n\u00e3o tinha interesse em trabalhar para \u00f3rg\u00e3os p\u00fablicos: \u201cN\u00f3s s\u00f3 aceitamos porque a situa\u00e7\u00e3o ficou cr\u00edtica com a greve e as chuvas\u201d.&nbsp;<\/p>\n\n\n\n<p>Foi s\u00f3 em&nbsp;24 de janeiro, um domingo, que a Prefeitura de Florian\u00f3polis publicou&nbsp;<a href=\"https:\/\/drive.google.com\/file\/d\/1zOSE3-YJck3bDKVwvtKj958XHkoMf2sF\/view?usp=sharing\">chamamento p\u00fablico&nbsp;<\/a>para empresa especializada na presta\u00e7\u00e3o de servi\u00e7os de coleta de res\u00edduos s\u00f3lidos. O prazo de inscri\u00e7\u00e3o era at\u00e9 as 18h do dia seguinte. O valor, segundo a chamada, seria o mesmo j\u00e1 estabelecido na contrata\u00e7\u00e3o emergencial do dia 19&nbsp;(R$ 175,00 a tonelada), com quantidade estimada em 17,7 mil toneladas, o que corresponde a pouco mais de R$ 3 milh\u00f5es.&nbsp;<\/p>\n\n\n\n<p>No mesmo 24 de janeiro, a Funda\u00e7\u00e3o Municipal do Meio Ambiente de Florian\u00f3polis (Floram) assinou&nbsp;<a href=\"https:\/\/drive.google.com\/file\/d\/1mxaLpDRgJVzjdCeb13H0EIi21ucvnOMT\/view?usp=sharing\">of\u00edcio de n\u00famero 049\/2021<\/a>&nbsp;<a href=\"https:\/\/drive.google.com\/file\/d\/1v41x9JToCe1h_OKglFz2zalg19lSzglH\/view?usp=sharing\">dispensando licenciamento ambiental<\/a>&nbsp;em car\u00e1ter de emerg\u00eancia para que o espa\u00e7o entre a passarela Nego Quirido e o mar fosse usado como transbordo (transfer\u00eancia do lixo dos caminh\u00f5es pequenos para as grandes carretas que v\u00e3o para o aterro).&nbsp;<\/p>\n\n\n\n<p>Na opera\u00e7\u00e3o do transbordo, m\u00e1quinas e&nbsp;<a href=\"https:\/\/drive.google.com\/file\/d\/1K_B3rFnbWpx-0WzbKi8lx6oxw3lsdSZ3\/view?usp=sharing\">funcion\u00e1rios<\/a>&nbsp;da Prefeitura tamb\u00e9m realizaram os servi\u00e7os com as empresas contratadas.&nbsp;<\/p>\n\n\n\n<p>Uma investiga\u00e7\u00e3o da Pol\u00edcia Civil j\u00e1 apura ind\u00edcios de crime ambiental com a operacionaliza\u00e7\u00e3o de transbordo de lixo \u00e0s margens da ba\u00eda sul em janeiro deste ano. O inqu\u00e9rito est\u00e1 aberto na Deic (Diretoria Estadual de Investiga\u00e7\u00f5es Criminais).<\/p>\n\n\n\n<figure class=\"wp-block-image\"><img data-recalc-dims=\"1\" height=\"300\" width=\"600\" decoding=\"async\" src=\"https:\/\/i0.wp.com\/folhacidade.com.br\/wp-content\/uploads\/2021\/05\/transbordo-900x450.jpeg?resize=600%2C300&#038;ssl=1\" alt=\"\" class=\"wp-image-3638\"\/><figcaption>Investiga\u00e7\u00e3o da Deic apura crime ambiental durante opera\u00e7\u00e3o de transbordo \u00e0s margens da Ba\u00eda Sul, no centro de Florian\u00f3polis Divulga\u00e7\u00e3o\/Folha da Cidade<\/figcaption><\/figure>\n\n\n\n<h2 class=\"wp-block-heading\"><strong>Privatiza\u00e7\u00e3o \u00e9 desejo antigo<\/strong><\/h2>\n\n\n\n<p>A&nbsp;<a href=\"https:\/\/www.cdlflorianopolis.org.br\/noticia\/nota-oficial-ate-quando-7386#.YIXQfOhKjIU\">privatiza\u00e7\u00e3o&nbsp;<\/a>da Comcap \u00e9&nbsp;<a href=\"https:\/\/www.cdlflorianopolis.org.br\/noticia\/nota-oficial-ate-quando-7386#.YIXQfOhKjIU\">desejo antigo<\/a>&nbsp;de setores econ\u00f4micos da capital, que cobram o fim da depend\u00eancia do or\u00e7amento p\u00fablico. A coleta, representava em torno de 40% dos custos da empresa, \u00e9 o servi\u00e7o que atualmente \u00e9 cobrado na Taxa de Res\u00edduos S\u00f3lidos. Os demais custos, com varri\u00e7\u00e3o de ruas, ro\u00e7agem, servi\u00e7os prestados em eventos, planejamento, e pol\u00edticas p\u00fablicas s\u00e3o pagos pelo or\u00e7amento geral do munic\u00edpio. O transporte e o aterramento sanit\u00e1rio custam mais de R$ 25 milh\u00f5es por ano.&nbsp;<\/p>\n\n\n\n<p>A Comcap movimenta 212 mil toneladas de res\u00edduos s\u00f3lidos, o que corresponde \u00e0 m\u00e9dia de quase 18 mil toneladas por m\u00eas ou 700 toneladas\/dia, segundo dados da pr\u00f3pria empresa de 2019. A gest\u00e3o do lixo, ou dos res\u00edduos, est\u00e1 diretamente ligada \u00e0 quest\u00f5es sanit\u00e1rias e de sa\u00fade p\u00fablica de uma cidade, e se tornou um neg\u00f3cio que tem atra\u00eddo interesses empresariais de olho no lucro que o lixo pode gerar.&nbsp;<\/p>\n\n\n\n<p>\u201cAfinal de contas, se formos comparar com uma mina, o lixo nunca acaba, ele s\u00f3 aumenta\u201d, afirma o advogado Paulo Prego, que atuou por 33 anos na Comcap e acabou incorporado \u00e0 Procuradoria do Munic\u00edpio.<\/p>\n\n\n\n<p>A engenheira sanit\u00e1ria Thaianna Cardoso diz que Florian\u00f3polis alcan\u00e7ou vanguarda na gest\u00e3o de res\u00edduos gra\u00e7as aos esfor\u00e7os, n\u00e3o s\u00f3 bra\u00e7al, mas de \u201cdedica\u00e7\u00e3o ambiental e de gest\u00e3o\u201d da Comcap. \u201cOnde tem taxa estabelecida tem interesse econ\u00f4mico. H\u00e1 uma seguran\u00e7a daquela opera\u00e7\u00e3o, que atrai empresas que buscam contratos de 20 anos, 30 anos\u201d, afirma.<\/p>\n\n\n\n<p>No entanto, ela demonstra ceticismo sobre as afirma\u00e7\u00f5es de que a terceiriza\u00e7\u00e3o ou privatiza\u00e7\u00e3o tornaria os servi\u00e7os mais baratos: \u201cFlorian\u00f3polis tem uma geografia muito particular, temos coleta em morros, de barco, n\u00e3o acredito que essas empresas assumiriam esses servi\u00e7os pelo mesmo pre\u00e7o que em outras \u00e1reas da cidade\u201d.&nbsp;<\/p>\n\n\n\n<p>Prego diz que ao focar nos chamados \u201cprivil\u00e9gios\u201d dos servidores, a lei aprovada em janeiro pela C\u00e2mara de Florian\u00f3polis tirou aten\u00e7\u00e3o da altera\u00e7\u00e3o mais profunda, que foi na estrutura e nos contratos da Comcap.<\/p>\n\n\n\n<p>\u201cO mote da campanha era \u2018direitos iguais\u2019, alegando que as mudan\u00e7as estavam cortando \u2018privil\u00e9gio dos trabalhadores\u2019, isso ocorreu, de fato, mas a mudan\u00e7a mais profunda foi estrutural. Na pr\u00e1tica terceirizaram a empresa de melhor compet\u00eancia de todos os \u00f3rg\u00e3os do munic\u00edpio\u201d, afirmou.&nbsp;<\/p>\n\n\n\n<p>Marius Bagnatti lembra que a gest\u00e3o de res\u00edduos \u00e9 uma quest\u00e3o complexa, mas n\u00e3o v\u00ea com maus olhos que os t\u00e9cnicos da Comcap estejam na pasta do Meio Ambiente. Ele acredita que de l\u00e1 continuar\u00e3o executando as \u201cboas pol\u00edticas de res\u00edduos\u201d na cidade. \u201cPelo menos \u00e9 o que esperamos, que isso possa ter continuidade\u201d. Confessa que a Comcap \u201cprecisava de mudan\u00e7a\u201d, mas n\u00e3o quis se manifestar ao ser questionado se concorda com a forma como elas ocorreram em janeiro deste ano.&nbsp;<\/p>\n\n\n\n<p>N\u00f3s procuramos a CDL de Florian\u00f3polis para comentar o assunto, mas eles preferiram n\u00e3o se manifestar.&nbsp;<\/p>\n\n\n\n<h2 class=\"wp-block-heading\"><strong>Contrato emergencial com cara de permanente<\/strong><\/h2>\n\n\n\n<p>Com o projeto de lei aprovado, a prefeitura ainda conseguiu inviabilizar a greve dos servidores por via judicial, que acabaram tendo que voltar ao trabalho com uma nova realidade econ\u00f4mica. Mesmo com o retorno dos servidores da Comcap, a Amazon Fort foi mantida, ficando respons\u00e1vel pela coleta na regi\u00e3o continental, onde as ruas s\u00e3o planas e largas e os roteiros s\u00e3o mais curtos, uma vez que 20% da popula\u00e7\u00e3o vive numa por\u00e7\u00e3o de 2,7% da \u00e1rea.<\/p>\n\n\n\n<p>No \u00faltimo 19 de abril, a Prefeitura de Florian\u00f3polis firmou o primeiro aditivo ao contrato da Amazon, no valor global de 7,6 milh\u00f5es, estendendo os termos da contrata\u00e7\u00e3o sem licita\u00e7\u00e3o.<\/p>\n\n\n\n<figure class=\"wp-block-image\"><img data-recalc-dims=\"1\" height=\"400\" width=\"600\" decoding=\"async\" data-attachment-id=\"3626\" data-permalink=\"http:\/\/blogdalucianaoliveira.com.br\/blog\/2016\/09\/01\/se-temer-e-contra-ser-chamado-de-golpista-mais-de-54-milhoes-sao-a-favor\/image-803\/\" data-orig-file=\"https:\/\/i0.wp.com\/blogdalucianaoliveira.com.br\/blog\/wp-content\/uploads\/2016\/09\/image-11.jpeg?fit=%2C\" data-orig-size=\"\" data-comments-opened=\"0\" data-image-meta=\"[]\" data-image-title=\"image\" data-image-description=\"\" data-image-caption=\"\" data-medium-file=\"https:\/\/i0.wp.com\/blogdalucianaoliveira.com.br\/blog\/wp-content\/uploads\/2016\/09\/image-11.jpeg?fit=300%2C300\" data-large-file=\"https:\/\/i0.wp.com\/blogdalucianaoliveira.com.br\/blog\/wp-content\/uploads\/2016\/09\/image-11.jpeg?fit=1024%2C1024\" src=\"https:\/\/i0.wp.com\/folhacidade.com.br\/wp-content\/uploads\/2021\/05\/folha_da_cidade_comcap_rubens_lopes_0010-900x600.jpg?resize=600%2C400&#038;ssl=1\" alt=\"\" class=\"wp-image-3626\"\/><figcaption>Mais cara e trabalhosa, coleta nos morros segue sendo realizada pela Comcap, contratada ficou \u00e1rea da cidade onde os custos de coleta s\u00e3o menores. Fotos Rubens Lopes\/Folha da Cidade<\/figcaption><\/figure>\n\n\n\n<p>A velocidade com a qual a Amazon Fort assumiu parte dos servi\u00e7os da Comcap \u2014 aplicando praticamente de imediato as mudan\u00e7as legais que s\u00f3 viriam se confirmar na vota\u00e7\u00e3o do dia 26 de janeiro\u2014 levantou suspeitas no Sindicato dos Trabalhadores no Servi\u00e7o P\u00fablico Municipal de Florian\u00f3polis (Sintrasem) sobre os reais interesses por tr\u00e1s das novas mudan\u00e7as.<\/p>\n\n\n\n<p>Desde o in\u00edcio da opera\u00e7\u00e3o da empresa, o Sindicato tem recebido den\u00fancias de supostas irregularidades na presta\u00e7\u00e3o do servi\u00e7o, como falta de EPIs para funcion\u00e1rios, manejo irregular dos res\u00edduos e&nbsp;<a href=\"https:\/\/drive.google.com\/file\/d\/1pWj29ldaTReDnhgLzECMRJA4w2iap4TQ\/view?usp=sharing\">despejo de chorume na rede pluvial<\/a>. Imagens feitas por celular mostram funcion\u00e1rios sem equipamentos de seguran\u00e7a,&nbsp;<a href=\"https:\/\/drive.google.com\/drive\/folders\/1r_Z019RjCgnmLzbwGaL3UvbwD71MNSRy\">cal\u00e7ando chinelos<\/a>&nbsp;e at\u00e9 com p\u00e9 enfaixado.&nbsp;<\/p>\n\n\n\n<p>Um dos flagrantes mais pol\u00eamicos que inclusive foi alvo de den\u00fancia ao Minist\u00e9rio P\u00fablico por parte do vereador Marcos Jos\u00e9 de Abreu (PSOL), o&nbsp;<a href=\"https:\/\/drive.google.com\/drive\/folders\/1r_Z019RjCgnmLzbwGaL3UvbwD71MNSRy\">Marquito do PSOL<\/a>, foi o transbordo de lixo feito atr\u00e1s da passarela Nego Quirido, bem pr\u00f3ximo ao mar, que se transformou numa esp\u00e9cie de&nbsp;<a href=\"https:\/\/drive.google.com\/drive\/folders\/1r_Z019RjCgnmLzbwGaL3UvbwD71MNSRy\">\u201clix\u00e3o a c\u00e9u aberto\u201d<\/a>. Nas imagens feitas por Marquito, \u00e9 poss\u00edvel ver o manejo do lixo \u00e0 beira do mar.<\/p>\n\n\n\n<p>Dois caminh\u00f5es e uma retroescavadeira da prefeitura tamb\u00e9m foram flagrados fazendo o transbordo no local sob a supervis\u00e3o de um funcion\u00e1rio da Floram, aparentemente realizando trabalho pelo qual a terceirizada foi paga.<\/p>\n\n\n\n<p>Os trabalhadores tamb\u00e9m disseram, em&nbsp;<a href=\"https:\/\/drive.google.com\/drive\/folders\/1r_Z019RjCgnmLzbwGaL3UvbwD71MNSRy\">v\u00eddeo<\/a>, que recebiam R$ 100,00 por dia, e que estavam trabalhando uma m\u00e9dia de 12 horas di\u00e1rias. Ambos afirmam que, at\u00e9 aquele momento, n\u00e3o tinham carteira de trabalho assinada.&nbsp;<\/p>\n\n\n\n<p>Em&nbsp;<a href=\"https:\/\/drive.google.com\/drive\/folders\/1r_Z019RjCgnmLzbwGaL3UvbwD71MNSRy\">outra grava\u00e7\u00e3o<\/a>, cujo autor \u00e9 desconhecido, \u00e9 poss\u00edvel visualizar um dos caminh\u00f5es de lixo com a ca\u00e7amba bem pr\u00f3ximos ao mar. Sem o m\u00ednimo de cuidado ambiental, as suspeitas s\u00e3o que o chorume dos caminh\u00f5es coletores possa ter sido descarregado nas \u00e1guas da ba\u00eda.<\/p>\n\n\n\n<h2 class=\"wp-block-heading\"><strong>Amazon Fort \u00e9 investigada no MP e Tribunal de Contas de RO<\/strong><\/h2>\n\n\n\n<p>O grupo Amazon, ao que tudo indica, se trata de uma empresa familiar, comandada por Carlos Gilberto Xavier, que j\u00e1 teve como s\u00f3cio os filhos e a esposa, Marselha Rita Serrate.&nbsp;As empresas do grupo j\u00e1 foram multadas por descarte irregular de lixo hospitalar, e por<a href=\"https:\/\/www.diariodaamazonia.com.br\/amazon-fort-e-vetada-de-assinar-contrato-com-o-estado-por-fraudar-pesagem-de-lixo\/?fbclid=IwAR0HfQPGMgGc1vDVRq4ILlzLbFAQFddv7wkaUB7cF88TFOBMEoVOSlrScLU\">&nbsp;fraudar pesagens<\/a>.&nbsp;A Amazon Fort tamb\u00e9m \u00e9 alvo de inqu\u00e9ritos do Minist\u00e9rio P\u00fablico de Rond\u00f4nia.&nbsp;<\/p>\n\n\n\n<p>Em tr\u00eas inqu\u00e9ritos no MP, a empresa \u00e9 investigada por irregularidades nas presta\u00e7\u00f5es do servi\u00e7o de coleta e manejo de res\u00edduos s\u00f3lidos.&nbsp;<\/p>\n\n\n\n<p>Em 2020, igualmente por dispensa de licita\u00e7\u00e3o, a empresa assumiu o servi\u00e7o de coleta de res\u00edduos infectantes (lixo hospitalar) no Estado de Rond\u00f4nia. A contrata\u00e7\u00e3o sem licita\u00e7\u00e3o foi representada no Tribunal de Contas&nbsp;e no Minist\u00e9rio P\u00fablico, que a h\u00e1 mais de um ano e meio solicita documentos sobre a contrata\u00e7\u00e3o ao \u00f3rg\u00e3o estadual. Na Corte de contas o caso acabou encerrado sem puni\u00e7\u00e3o da Amazon, segundo os conselheiros, porque a contrata\u00e7\u00e3o direta ocorreu antes da conclus\u00e3o do preg\u00e3o para licitar o servi\u00e7o.<\/p>\n\n\n\n<p>Em Cacoal, tamb\u00e9m em Rond\u00f4nia, a empresa foi representada no TCE por \u201caus\u00eancia de transpar\u00eancia e demonstra\u00e7\u00e3o de crit\u00e9rio na condu\u00e7\u00e3o do processo para a sele\u00e7\u00e3o de empresas para a contrata\u00e7\u00e3o emergencial, com ind\u00edcios de conluio, fraude e direcionamento\u201d, entre outros, como \u201cfalta de capacidade t\u00e9cnica profissional\u201d. Representa\u00e7\u00f5es semelhantes, por contratos sem licita\u00e7\u00e3o, foram registradas tamb\u00e9m por contratos firmados com as prefeituras de Ariquemes, Rolim Moura e pelo Cons\u00f3rcio Intermunicipal da Regi\u00e3o Centro Leste do Estado de Rond\u00f4nia.<\/p>\n\n\n\n<p>A prefeitura de Jaru, na regi\u00e3o de Porto Velho, capital de Rond\u00f4nia, anunciou a suspens\u00e3o do contrato com a Amazon Fort ap\u00f3s<a href=\"http:\/\/jaru.ro.gov.br\/apos-indicios-de-irregularidade-na-coleta-do-lixo-prefeitura-de-jaru-abre-procedimento-administrativo-para-investigar-amazon-forte-e-oferece-denuncia-ao-mp-e-tribunal-de-contas\/\">&nbsp;constatar irregularidades<\/a>&nbsp;na presta\u00e7\u00e3o dos servi\u00e7os.&nbsp;O Minist\u00e9rio P\u00fablico em Jaru tamb\u00e9m abriu inqu\u00e9rito para apurar \u201cposs\u00edvel irregularidade na execu\u00e7\u00e3o da coleta de res\u00edduos s\u00f3lidos urbanos em Jaru, causadora de dano ao er\u00e1rio e viola\u00e7\u00e3o aos princ\u00edpios\u201d.<\/p>\n\n\n\n<p><a href=\"https:\/\/drive.google.com\/file\/d\/1_1avI33UVZ4RuPAa74oo64R651wD5mvm\/view?usp=sharing\">Balan\u00e7os da empresa<\/a>, de 2019, mostram que a fam\u00edlia Serrate Faria, donos das empresas do grupo Amazon, e outras empresas do grupo receberam milh\u00f5es da contabilidade da Amazon a t\u00edtulo de empr\u00e9stimos e adiantamentos.<\/p>\n\n\n\n<figure class=\"wp-block-image size-large\"><img data-recalc-dims=\"1\" loading=\"lazy\" decoding=\"async\" width=\"600\" height=\"338\" data-attachment-id=\"31792\" data-permalink=\"http:\/\/blogdalucianaoliveira.com.br\/blog\/2021\/05\/04\/empresa-de-rondonia-em-contrato-de-coleta-de-lixo-suspeito-em-florianopolis\/image-1167\/\" data-orig-file=\"https:\/\/i0.wp.com\/blogdalucianaoliveira.com.br\/blog\/wp-content\/uploads\/2021\/05\/image.jpeg?fit=640%2C360\" data-orig-size=\"640,360\" data-comments-opened=\"0\" data-image-meta=\"{&quot;aperture&quot;:&quot;0&quot;,&quot;credit&quot;:&quot;&quot;,&quot;camera&quot;:&quot;&quot;,&quot;caption&quot;:&quot;&quot;,&quot;created_timestamp&quot;:&quot;0&quot;,&quot;copyright&quot;:&quot;&quot;,&quot;focal_length&quot;:&quot;0&quot;,&quot;iso&quot;:&quot;0&quot;,&quot;shutter_speed&quot;:&quot;0&quot;,&quot;title&quot;:&quot;&quot;,&quot;orientation&quot;:&quot;0&quot;}\" data-image-title=\"image\" data-image-description=\"\" data-image-caption=\"\" data-medium-file=\"https:\/\/i0.wp.com\/blogdalucianaoliveira.com.br\/blog\/wp-content\/uploads\/2021\/05\/image.jpeg?fit=300%2C169\" data-large-file=\"https:\/\/i0.wp.com\/blogdalucianaoliveira.com.br\/blog\/wp-content\/uploads\/2021\/05\/image.jpeg?fit=600%2C338\" src=\"https:\/\/i0.wp.com\/blogdalucianaoliveira.com.br\/blog\/wp-content\/uploads\/2021\/05\/image.jpeg?resize=600%2C338\" alt=\"\" class=\"wp-image-31792\" srcset=\"https:\/\/i0.wp.com\/blogdalucianaoliveira.com.br\/blog\/wp-content\/uploads\/2021\/05\/image.jpeg?w=640 640w, https:\/\/i0.wp.com\/blogdalucianaoliveira.com.br\/blog\/wp-content\/uploads\/2021\/05\/image.jpeg?resize=300%2C169 300w, https:\/\/i0.wp.com\/blogdalucianaoliveira.com.br\/blog\/wp-content\/uploads\/2021\/05\/image.jpeg?resize=533%2C300 533w\" sizes=\"auto, (max-width: 600px) 100vw, 600px\" \/><\/figure>\n\n\n\n<h2 class=\"wp-block-heading\"><br><strong>Endividamento e m\u00e1 gest\u00e3o criaram clima na Comcap<\/strong><\/h2>\n\n\n\n<p>A Comcap operou entre 1976, ano da sua funda\u00e7\u00e3o, e o ano 2000&nbsp; como prestadora de servi\u00e7os ao munic\u00edpio, que pagava mensalmente pela empresa de economia mista. E foi o pr\u00f3prio munic\u00edpio que deixou de pagar as faturas, dando in\u00edcio \u00e0s primeiras d\u00edvidas trabalhistas com INSS e FGTS da contrapartida patronal.&nbsp;<\/p>\n\n\n\n<p>Naquele ano de 2000,&nbsp;o ent\u00e3o secret\u00e1rio de finan\u00e7as do munic\u00edpio, Nelson Madalena, rompeu o contrato de presta\u00e7\u00e3o de servi\u00e7o e alterou o regime da companhia, que era uma economia mista, para estatal dependente, vinculando a Comcap diretamente ao or\u00e7amento do munic\u00edpio. O registro hist\u00f3rico revela apenas um dos casos em que tentou-se maquiar a d\u00edvida do saldo cont\u00e1bil da empresa, passando para o caixa do munic\u00edpio, mas os fiscais da Receita descobriram a manobra e determinaram retorno dos valores para a contabilidade da Comcap como d\u00edvida. As contas da empresa naquele ano acabaram reprovadas pelo Tribunal de Contas.<\/p>\n\n\n\n<p>No ano 2000, a prefeitura devia R$ 21,4 milh\u00f5es. Em 20 anos, essa conta cresceu 10 vezes. A sucess\u00e3o de gest\u00f5es falhas continuou se repetindo nos anos seguintes, mas ao inv\u00e9s de d\u00edvidas com a empresa, o munic\u00edpio passou a n\u00e3o executar o or\u00e7amento completo da companhia.<\/p>\n\n\n\n<p>O endividamento da companhia levou \u00e0 penhora de 99 im\u00f3veis da Comcap, incluindo diversas \u00e1reas no Norte da Ilha e at\u00e9 mesmo \u00e1reas que hoje est\u00e3o ocupadas por terceiros.&nbsp;<\/p>\n\n\n\n<p>Em 2017, anunciando que o parcelamento da d\u00edvida de R$ 222 milh\u00f5es teria melhores condi\u00e7\u00f5es se financiado diretamente pelo munic\u00edpio, o prefeito Gean Loureiro transformou a ent\u00e3o Companhia de Melhoramentos em uma autarquia, decretando pela primeira vez de forma oficial a extin\u00e7\u00e3o da empresa.&nbsp;<\/p>\n\n\n\n<p>Em 2021, com a abertura dos servi\u00e7os para empresas terceirizadas, a Comcap \u00e9 praticamente extinta, tendo seus departamentos e atribui\u00e7\u00f5es pulverizados na administra\u00e7\u00e3o p\u00fablica.&nbsp;<\/p>\n\n\n\n<p>Procuramos tr\u00eas vereadores para comentarem a aprova\u00e7\u00e3o do projeto que alterou a estrutura da Comcap. Ouvimos o vereador Marcos Jos\u00e9 de Abreu, o Marquito (PSOL), que votou contra o projeto, e tentamos ouvir os vereadores Renato da Farm\u00e1cia (PSDB), que \u00e9 l\u00edder do governo e votou a favor, e o vereador Edinon Manoel da Rosa, o Dinho (DEM), que \u00e9 funcion\u00e1rio da Comcap e se considerou impedido de votar.&nbsp;<\/p>\n\n\n\n<p>Marquito disse que \u201cfoi usado argumento de que os servidores s\u00e3o privilegiados, o que \u00e9 uma mentira\u201d para aprovar as altera\u00e7\u00f5es na Comcap em meio \u00e0 pandemia. \u201cPegaram algumas refer\u00eancias que n\u00e3o representam a totalidade. A maioria dos funcion\u00e1rios foram altamente prejudicados com esse projeto, basta fazer uma an\u00e1lise sobre os cortes que tiveram em seus sal\u00e1rios por conta da retirada de benef\u00edcios que j\u00e1 estavam garantidos e faziam parte do planejamento familiar\u201d, emenda o vereador.<\/p>\n\n\n\n<p>Marquito finaliza dizendo que \u201cjogaram uma cortina de fuma\u00e7a ao atacar os servidores sob o argumento dos altos sal\u00e1rios\u201d, mas que o maior interesse estava na abertura para terceiriza\u00e7\u00e3o dos servi\u00e7os.&nbsp;<\/p>\n\n\n\n<p>\u201cNa verdade, o que fizeram foi abrir a Comcap para transformar os seus servi\u00e7os em contratos de muito interesse e alto valor. N\u00e3o \u00e9 bom para a cidade, esses contratos representam aumento consider\u00e1vel de custo para o munic\u00edpio que, por sua vez, poderia estar aplicando esse recurso em outras \u00e1reas, qualificando a Comcap e mantendo o servi\u00e7o de qualidade que a Comcap sempre prestou\u201d.<\/p>\n\n\n\n<p>Tamb\u00e9m procuramos representantes da Amazon Fort para comentar o assunto, mas at\u00e9 o momento a empresa n\u00e3o respondeu aos pedidos da reportagem.<\/p>\n\n\n\n<h2 class=\"wp-block-heading\"><strong>Endividamento e m\u00e1 gest\u00e3o criaram clima na Comcap<\/strong><\/h2>\n\n\n\n<p>A Comcap operou entre 1976, ano da sua funda\u00e7\u00e3o, e o ano 2000&nbsp; como prestadora de servi\u00e7os ao munic\u00edpio, que pagava mensalmente pela empresa de economia mista. E foi o pr\u00f3prio munic\u00edpio que deixou de pagar as faturas, dando in\u00edcio \u00e0s primeiras d\u00edvidas trabalhistas com INSS e FGTS da contrapartida patronal.&nbsp;<\/p>\n\n\n\n<p>Naquele ano de 2000,&nbsp;o ent\u00e3o secret\u00e1rio de finan\u00e7as do munic\u00edpio, Nelson Madalena, rompeu o contrato de presta\u00e7\u00e3o de servi\u00e7o e alterou o regime da companhia, que era uma economia mista, para estatal dependente, vinculando a Comcap diretamente ao or\u00e7amento do munic\u00edpio. O registro hist\u00f3rico revela apenas um dos casos em que tentou-se maquiar a d\u00edvida do saldo cont\u00e1bil da empresa, passando para o caixa do munic\u00edpio, mas os fiscais da Receita descobriram a manobra e determinaram retorno dos valores para a contabilidade da Comcap como d\u00edvida. As contas da empresa naquele ano acabaram reprovadas pelo Tribunal de Contas.<\/p>\n\n\n\n<p>No ano 2000, a prefeitura devia R$ 21,4 milh\u00f5es. Em 20 anos, essa conta cresceu 10 vezes. A sucess\u00e3o de gest\u00f5es falhas continuou se repetindo nos anos seguintes, mas ao inv\u00e9s de d\u00edvidas com a empresa, o munic\u00edpio passou a n\u00e3o executar o or\u00e7amento completo da companhia.<\/p>\n\n\n\n<p>O endividamento da companhia levou \u00e0 penhora de 99 im\u00f3veis da Comcap, incluindo diversas \u00e1reas no Norte da Ilha e at\u00e9 mesmo \u00e1reas que hoje est\u00e3o ocupadas por terceiros.&nbsp;<\/p>\n\n\n\n<p>Em 2017, anunciando que o parcelamento da d\u00edvida de R$ 222 milh\u00f5es teria melhores condi\u00e7\u00f5es se financiado diretamente pelo munic\u00edpio, o prefeito Gean Loureiro transformou a ent\u00e3o Companhia de Melhoramentos em uma autarquia, decretando pela primeira vez de forma oficial a extin\u00e7\u00e3o da empresa.&nbsp;<\/p>\n\n\n\n<p>Em 2021, com a abertura dos servi\u00e7os para empresas terceirizadas, a Comcap \u00e9 praticamente extinta, tendo seus departamentos e atribui\u00e7\u00f5es pulverizados na administra\u00e7\u00e3o p\u00fablica.&nbsp;<\/p>\n\n\n\n<p>Procuramos tr\u00eas vereadores para comentarem a aprova\u00e7\u00e3o do projeto que alterou a estrutura da Comcap. Ouvimos o vereador Marcos Jos\u00e9 de Abreu, o Marquito (PSOL), que votou contra o projeto, e tentamos ouvir os vereadores Renato da Farm\u00e1cia (PSDB), que \u00e9 l\u00edder do governo e votou a favor, e o vereador Edinon Manoel da Rosa, o Dinho (DEM), que \u00e9 funcion\u00e1rio da Comcap e se considerou impedido de votar.&nbsp;<\/p>\n\n\n\n<p>Marquito disse que \u201cfoi usado argumento de que os servidores s\u00e3o privilegiados, o que \u00e9 uma mentira\u201d para aprovar as altera\u00e7\u00f5es na Comcap em meio \u00e0 pandemia. \u201cPegaram algumas refer\u00eancias que n\u00e3o representam a totalidade. A maioria dos funcion\u00e1rios foram altamente prejudicados com esse projeto, basta fazer uma an\u00e1lise sobre os cortes que tiveram em seus sal\u00e1rios por conta da retirada de benef\u00edcios que j\u00e1 estavam garantidos e faziam parte do planejamento familiar\u201d, emenda o vereador.<\/p>\n\n\n\n<p>Marquito finaliza dizendo que \u201cjogaram uma cortina de fuma\u00e7a ao atacar os servidores sob o argumento dos altos sal\u00e1rios\u201d, mas que o maior interesse estava na abertura para terceiriza\u00e7\u00e3o dos servi\u00e7os.&nbsp;<\/p>\n\n\n\n<p>\u201cNa verdade, o que fizeram foi abrir a Comcap para transformar os seus servi\u00e7os em contratos de muito interesse e alto valor. N\u00e3o \u00e9 bom para a cidade, esses contratos representam aumento consider\u00e1vel de custo para o munic\u00edpio que, por sua vez, poderia estar aplicando esse recurso em outras \u00e1reas, qualificando a Comcap e mantendo o servi\u00e7o de qualidade que a Comcap sempre prestou\u201d.<\/p>\n\n\n\n<p>Tamb\u00e9m procuramos representantes da Amazon Fort para comentar o assunto, mas at\u00e9 o momento a empresa n\u00e3o respondeu aos pedidos da reportagem.<\/p>\n\n\n\n<figure class=\"wp-block-image size-large\"><img loading=\"lazy\" decoding=\"async\" width=\"522\" height=\"1151\" data-attachment-id=\"31791\" data-permalink=\"http:\/\/blogdalucianaoliveira.com.br\/blog\/2021\/05\/04\/empresa-de-rondonia-em-contrato-de-coleta-de-lixo-suspeito-em-florianopolis\/50e6a5d5-19f5-4a5d-87cf-86bdb982e085\/\" data-orig-file=\"https:\/\/i0.wp.com\/blogdalucianaoliveira.com.br\/blog\/wp-content\/uploads\/2021\/05\/50E6A5D5-19F5-4A5D-87CF-86BDB982E085.jpeg?fit=522%2C1151\" data-orig-size=\"522,1151\" data-comments-opened=\"0\" data-image-meta=\"{&quot;aperture&quot;:&quot;0&quot;,&quot;credit&quot;:&quot;&quot;,&quot;camera&quot;:&quot;&quot;,&quot;caption&quot;:&quot;&quot;,&quot;created_timestamp&quot;:&quot;0&quot;,&quot;copyright&quot;:&quot;&quot;,&quot;focal_length&quot;:&quot;0&quot;,&quot;iso&quot;:&quot;0&quot;,&quot;shutter_speed&quot;:&quot;0&quot;,&quot;title&quot;:&quot;&quot;,&quot;orientation&quot;:&quot;1&quot;}\" data-image-title=\"50E6A5D5-19F5-4A5D-87CF-86BDB982E085\" data-image-description=\"\" data-image-caption=\"\" data-medium-file=\"https:\/\/i0.wp.com\/blogdalucianaoliveira.com.br\/blog\/wp-content\/uploads\/2021\/05\/50E6A5D5-19F5-4A5D-87CF-86BDB982E085.jpeg?fit=136%2C300\" data-large-file=\"https:\/\/i0.wp.com\/blogdalucianaoliveira.com.br\/blog\/wp-content\/uploads\/2021\/05\/50E6A5D5-19F5-4A5D-87CF-86BDB982E085.jpeg?fit=464%2C1024\" src=\"https:\/\/i0.wp.com\/blogdalucianaoliveira.com.br\/blog\/wp-content\/uploads\/2021\/05\/50E6A5D5-19F5-4A5D-87CF-86BDB982E085.jpeg?fit=464%2C1024\" alt=\"\" class=\"wp-image-31791\" srcset=\"https:\/\/i0.wp.com\/blogdalucianaoliveira.com.br\/blog\/wp-content\/uploads\/2021\/05\/50E6A5D5-19F5-4A5D-87CF-86BDB982E085.jpeg?w=522 522w, https:\/\/i0.wp.com\/blogdalucianaoliveira.com.br\/blog\/wp-content\/uploads\/2021\/05\/50E6A5D5-19F5-4A5D-87CF-86BDB982E085.jpeg?resize=136%2C300 136w, https:\/\/i0.wp.com\/blogdalucianaoliveira.com.br\/blog\/wp-content\/uploads\/2021\/05\/50E6A5D5-19F5-4A5D-87CF-86BDB982E085.jpeg?resize=464%2C1024 464w\" sizes=\"auto, (max-width: 522px) 100vw, 522px\" \/><\/figure>\n","protected":false},"excerpt":{"rendered":"<p>Folha da Cidade &#8211; Prefeitura de Florian\u00f3polis paga duas vezes por servi\u00e7os de coleta de lixo; contratada sem licita\u00e7\u00e3o usa pessoal e estrutura da Comcap.<\/p>\n","protected":false},"author":1,"featured_media":0,"comment_status":"closed","ping_status":"open","sticky":false,"template":"","format":"standard","meta":{"_exactmetrics_skip_tracking":false,"_exactmetrics_sitenote_active":false,"_exactmetrics_sitenote_note":"","_exactmetrics_sitenote_category":0,"jetpack_post_was_ever_published":false,"_jetpack_newsletter_access":"","_jetpack_dont_email_post_to_subs":false,"_jetpack_newsletter_tier_id":0,"_jetpack_memberships_contains_paywalled_content":false,"_jetpack_memberships_contains_paid_content":false,"footnotes":"","jetpack_publicize_message":"","jetpack_publicize_feature_enabled":true,"jetpack_social_post_already_shared":true,"jetpack_social_options":{"image_generator_settings":{"template":"highway","enabled":false},"version":2}},"categories":[1],"tags":[],"class_list":["post-31789","post","type-post","status-publish","format-standard","hentry","category-notas"],"jetpack_publicize_connections":[],"jetpack_sharing_enabled":true,"jetpack_featured_media_url":"","jetpack_shortlink":"https:\/\/wp.me\/p7wKYW-8gJ","jetpack-related-posts":[],"_links":{"self":[{"href":"http:\/\/blogdalucianaoliveira.com.br\/blog\/wp-json\/wp\/v2\/posts\/31789","targetHints":{"allow":["GET"]}}],"collection":[{"href":"http:\/\/blogdalucianaoliveira.com.br\/blog\/wp-json\/wp\/v2\/posts"}],"about":[{"href":"http:\/\/blogdalucianaoliveira.com.br\/blog\/wp-json\/wp\/v2\/types\/post"}],"author":[{"embeddable":true,"href":"http:\/\/blogdalucianaoliveira.com.br\/blog\/wp-json\/wp\/v2\/users\/1"}],"replies":[{"embeddable":true,"href":"http:\/\/blogdalucianaoliveira.com.br\/blog\/wp-json\/wp\/v2\/comments?post=31789"}],"version-history":[{"count":1,"href":"http:\/\/blogdalucianaoliveira.com.br\/blog\/wp-json\/wp\/v2\/posts\/31789\/revisions"}],"predecessor-version":[{"id":31794,"href":"http:\/\/blogdalucianaoliveira.com.br\/blog\/wp-json\/wp\/v2\/posts\/31789\/revisions\/31794"}],"wp:attachment":[{"href":"http:\/\/blogdalucianaoliveira.com.br\/blog\/wp-json\/wp\/v2\/media?parent=31789"}],"wp:term":[{"taxonomy":"category","embeddable":true,"href":"http:\/\/blogdalucianaoliveira.com.br\/blog\/wp-json\/wp\/v2\/categories?post=31789"},{"taxonomy":"post_tag","embeddable":true,"href":"http:\/\/blogdalucianaoliveira.com.br\/blog\/wp-json\/wp\/v2\/tags?post=31789"}],"curies":[{"name":"wp","href":"https:\/\/api.w.org\/{rel}","templated":true}]}}