{"id":31795,"date":"2021-05-04T16:45:05","date_gmt":"2021-05-04T20:45:05","guid":{"rendered":"http:\/\/blogdalucianaoliveira.com.br\/blog\/?p=31795"},"modified":"2021-05-04T16:45:10","modified_gmt":"2021-05-04T20:45:10","slug":"la-politica-genocida-di-bolsonaro-minaccia-i-popoli-originari-la-denuncia-allonu","status":"publish","type":"post","link":"http:\/\/blogdalucianaoliveira.com.br\/blog\/2021\/05\/04\/la-politica-genocida-di-bolsonaro-minaccia-i-popoli-originari-la-denuncia-allonu\/","title":{"rendered":"La politica genocida di Bolsonaro minaccia i popoli originari. La denuncia all\u2019ONU"},"content":{"rendered":"\n<figure class=\"wp-block-image size-large\"><img data-recalc-dims=\"1\" loading=\"lazy\" decoding=\"async\" width=\"600\" height=\"400\" data-attachment-id=\"31796\" data-permalink=\"http:\/\/blogdalucianaoliveira.com.br\/blog\/2021\/05\/04\/la-politica-genocida-di-bolsonaro-minaccia-i-popoli-originari-la-denuncia-allonu\/c3f46fd1-d3ca-4a99-aa6b-75285fd24f48\/\" data-orig-file=\"https:\/\/i0.wp.com\/blogdalucianaoliveira.com.br\/blog\/wp-content\/uploads\/2021\/05\/C3F46FD1-D3CA-4A99-AA6B-75285FD24F48.jpeg?fit=1024%2C683\" data-orig-size=\"1024,683\" data-comments-opened=\"0\" data-image-meta=\"{&quot;aperture&quot;:&quot;4&quot;,&quot;credit&quot;:&quot;&quot;,&quot;camera&quot;:&quot;Canon EOS 5D Mark III&quot;,&quot;caption&quot;:&quot;&quot;,&quot;created_timestamp&quot;:&quot;1445593900&quot;,&quot;copyright&quot;:&quot;&quot;,&quot;focal_length&quot;:&quot;105&quot;,&quot;iso&quot;:&quot;160&quot;,&quot;shutter_speed&quot;:&quot;0.008&quot;,&quot;title&quot;:&quot;&quot;,&quot;orientation&quot;:&quot;0&quot;}\" data-image-title=\"C3F46FD1-D3CA-4A99-AA6B-75285FD24F48\" data-image-description=\"\" data-image-caption=\"\" data-medium-file=\"https:\/\/i0.wp.com\/blogdalucianaoliveira.com.br\/blog\/wp-content\/uploads\/2021\/05\/C3F46FD1-D3CA-4A99-AA6B-75285FD24F48.jpeg?fit=300%2C200\" data-large-file=\"https:\/\/i0.wp.com\/blogdalucianaoliveira.com.br\/blog\/wp-content\/uploads\/2021\/05\/C3F46FD1-D3CA-4A99-AA6B-75285FD24F48.jpeg?fit=600%2C400\" src=\"https:\/\/i0.wp.com\/blogdalucianaoliveira.com.br\/blog\/wp-content\/uploads\/2021\/05\/C3F46FD1-D3CA-4A99-AA6B-75285FD24F48.jpeg?resize=600%2C400\" alt=\"\" class=\"wp-image-31796\" srcset=\"https:\/\/i0.wp.com\/blogdalucianaoliveira.com.br\/blog\/wp-content\/uploads\/2021\/05\/C3F46FD1-D3CA-4A99-AA6B-75285FD24F48.jpeg?w=1024 1024w, https:\/\/i0.wp.com\/blogdalucianaoliveira.com.br\/blog\/wp-content\/uploads\/2021\/05\/C3F46FD1-D3CA-4A99-AA6B-75285FD24F48.jpeg?resize=300%2C200 300w, https:\/\/i0.wp.com\/blogdalucianaoliveira.com.br\/blog\/wp-content\/uploads\/2021\/05\/C3F46FD1-D3CA-4A99-AA6B-75285FD24F48.jpeg?resize=768%2C512 768w, https:\/\/i0.wp.com\/blogdalucianaoliveira.com.br\/blog\/wp-content\/uploads\/2021\/05\/C3F46FD1-D3CA-4A99-AA6B-75285FD24F48.jpeg?resize=450%2C300 450w\" sizes=\"auto, (max-width: 600px) 100vw, 600px\" \/><\/figure>\n\n\n\n<p><strong>Sara Bucciarelli,  no FarodiRoma<\/strong> &#8211; Dal 19 al 30 aprile si \u00e8 svolta la 20esima sessione del Forum Permanente ONU dedicato alle questioni indigene e sono stati discussi i temi delle terre indigene e delle condizioni dei popoli nativi, aggravatesi anche a causa della pandemia di Covid 19. <\/p>\n\n\n\n<!--more-->\n\n\n\n<p>Adriano Karipuna, rappresentante del popolo Karipuna di Rondonia in Brasile, denuncia questo dramma durante uno degli incontri virtuali del forum. La situazione attuale vede i popoli originari sempre pi\u00f9 minacciati dalla politica del governo Bolsonaro. I land grabber, che accaparrano le terre per profitto senza il consenso delle comunit\u00e0 che ci vivono, non si sono fermati di fronte all\u2019emergenza sanitaria mondiale, bens\u00ec hanno perpetuato nel loro intento predatorio, aumentando perci\u00f2 anche il rischio di portare il virus covid19 nei territori indigeni.<\/p>\n\n\n\n<p>\u201cIl governo brasiliano, con la sua politica genocida, cerca di legalizzare l\u2019invasione di tutte le terre indigene attraverso decreti, ordinanze e progetti legislativi, approfittando della pandemia da covid-19\u201d, denuncia Karipuna. In Rondonia infatti \u00e8 stato approvato dai deputati regionali un progetto di legge che riduce le dimensioni della riserva di Jaci-Paran\u00e0 e modifica i limiti del parco regionale Guajar\u00e1-Mirim. Se la proposta verr\u00e0 sanzionata dal governatore bolsonarista di Rondonia, Marcos Rocha, gli invasori che ora occupano illegalmente quelle terre saranno legalizzati. Nella nota di ripudio firmata da pi\u00f9 organizzazioni e associazioni impegnate nel dibattito socio-ambientale viene spiegato che \u201cla terra sottratta alle unit\u00e0 di conservazione sar\u00e0 data in premio agli invasori illegali, che hanno occupato la foresta con la violenza. Abusivi che hanno espulso le comunit\u00e0 tradizionali per mettere al loro posto 120.000 capi di bestiame\u201d.<\/p>\n\n\n\n<p>Jaci-Paran\u00e0, come altre in Brasile, \u00e8 una riserva estrattiva, ossia un\u2019area protetta ad uso sostenibile in cui le popolazioni che la abitano hanno il diritto di vivere secondo pratiche tradizionali di sfruttamento delle risorse nel rispetto dell\u2019ecologia e della cultura del territorio. Le aree soggette a conservazione e le terre indigene sono dei veri e propri \u201ccorridoi etno-ambientali\u201d che, se alterati o rimossi, hanno un impatto enorme sui popoli e sulla biodiversit\u00e0.<\/p>\n\n\n\n<p>Nella Nota di ripudio sono spiegate le conseguenze della proposta di legge: \u201cSi tratta di uno scempio che riduce le dimensioni della riserva Jaci-Paran\u00e0 di 193 mila ettari, pari al 90% dell\u2019area originale. Secondo il testo approvato, restano solo 22 milla ettari di area protetta. Il Parco naturale Guajara-Mirim perde, in questa operazione, 55 mila ettari, inclusa la sede amministrativa del parco. La decisione , allo scopo di fare spazio agli allevamenti, colpisce la popolazione locale composta da popoli indigeni e campesini che svolgono attivit\u00e0 sostenibili. In particolare, si segnalano i danni per le popolazini Uru-eu-wau-wau, Karipuna, Igarap\u00e9 Lage, Igarap\u00e9 Ribeir\u00e3o, Karitiana, nonch\u00e9 per i popoli che vivono in isolamento volontario\u201d.<\/p>\n\n\n\n<p>Ci uniamo alla richiesta di tutti gli attivisti che combattono contro i soprusi, diffondendo la voce di chi difende la propria terra e cultura.<\/p>\n\n\n\n<p><\/p>\n","protected":false},"excerpt":{"rendered":"<p>Sara Bucciarelli, no FarodiRoma &#8211; Dal 19 al 30 aprile si \u00e8 svolta la 20esima sessione del Forum Permanente ONU dedicato alle questioni indigene e sono stati discussi i temi delle terre indigene e delle condizioni dei popoli nativi, aggravatesi anche a causa della pandemia di Covid 19.<\/p>\n","protected":false},"author":1,"featured_media":0,"comment_status":"closed","ping_status":"open","sticky":false,"template":"","format":"standard","meta":{"_exactmetrics_skip_tracking":false,"_exactmetrics_sitenote_active":false,"_exactmetrics_sitenote_note":"","_exactmetrics_sitenote_category":0,"jetpack_post_was_ever_published":false,"_jetpack_newsletter_access":"","_jetpack_dont_email_post_to_subs":false,"_jetpack_newsletter_tier_id":0,"_jetpack_memberships_contains_paywalled_content":false,"_jetpack_memberships_contains_paid_content":false,"footnotes":"","jetpack_publicize_message":"","jetpack_publicize_feature_enabled":true,"jetpack_social_post_already_shared":true,"jetpack_social_options":{"image_generator_settings":{"template":"highway","enabled":false},"version":2}},"categories":[1],"tags":[53,512],"class_list":["post-31795","post","type-post","status-publish","format-standard","hentry","category-notas","tag-bolsonaro","tag-resex-jaci-parana"],"jetpack_publicize_connections":[],"jetpack_sharing_enabled":true,"jetpack_featured_media_url":"","jetpack_shortlink":"https:\/\/wp.me\/p7wKYW-8gP","jetpack-related-posts":[],"_links":{"self":[{"href":"http:\/\/blogdalucianaoliveira.com.br\/blog\/wp-json\/wp\/v2\/posts\/31795","targetHints":{"allow":["GET"]}}],"collection":[{"href":"http:\/\/blogdalucianaoliveira.com.br\/blog\/wp-json\/wp\/v2\/posts"}],"about":[{"href":"http:\/\/blogdalucianaoliveira.com.br\/blog\/wp-json\/wp\/v2\/types\/post"}],"author":[{"embeddable":true,"href":"http:\/\/blogdalucianaoliveira.com.br\/blog\/wp-json\/wp\/v2\/users\/1"}],"replies":[{"embeddable":true,"href":"http:\/\/blogdalucianaoliveira.com.br\/blog\/wp-json\/wp\/v2\/comments?post=31795"}],"version-history":[{"count":1,"href":"http:\/\/blogdalucianaoliveira.com.br\/blog\/wp-json\/wp\/v2\/posts\/31795\/revisions"}],"predecessor-version":[{"id":31797,"href":"http:\/\/blogdalucianaoliveira.com.br\/blog\/wp-json\/wp\/v2\/posts\/31795\/revisions\/31797"}],"wp:attachment":[{"href":"http:\/\/blogdalucianaoliveira.com.br\/blog\/wp-json\/wp\/v2\/media?parent=31795"}],"wp:term":[{"taxonomy":"category","embeddable":true,"href":"http:\/\/blogdalucianaoliveira.com.br\/blog\/wp-json\/wp\/v2\/categories?post=31795"},{"taxonomy":"post_tag","embeddable":true,"href":"http:\/\/blogdalucianaoliveira.com.br\/blog\/wp-json\/wp\/v2\/tags?post=31795"}],"curies":[{"name":"wp","href":"https:\/\/api.w.org\/{rel}","templated":true}]}}