{"id":31798,"date":"2021-05-04T21:33:14","date_gmt":"2021-05-05T01:33:14","guid":{"rendered":"http:\/\/blogdalucianaoliveira.com.br\/blog\/?p=31798"},"modified":"2021-05-04T21:33:18","modified_gmt":"2021-05-05T01:33:18","slug":"em-votacao-historica-deputados-substituem-a-lei-de-seguranca-nacional","status":"publish","type":"post","link":"http:\/\/blogdalucianaoliveira.com.br\/blog\/2021\/05\/04\/em-votacao-historica-deputados-substituem-a-lei-de-seguranca-nacional\/","title":{"rendered":"Em vota\u00e7\u00e3o hist\u00f3rica, deputados substituem a Lei de Seguran\u00e7a Nacional"},"content":{"rendered":"\n<figure class=\"wp-block-image size-large\"><img loading=\"lazy\" decoding=\"async\" width=\"1250\" height=\"600\" data-attachment-id=\"31799\" data-permalink=\"http:\/\/blogdalucianaoliveira.com.br\/blog\/2021\/05\/04\/em-votacao-historica-deputados-substituem-a-lei-de-seguranca-nacional\/755021ae-d8b3-40f0-a846-d21705f49c8b\/\" data-orig-file=\"https:\/\/i0.wp.com\/blogdalucianaoliveira.com.br\/blog\/wp-content\/uploads\/2021\/05\/755021AE-D8B3-40F0-A846-D21705F49C8B.jpeg?fit=1250%2C600\" data-orig-size=\"1250,600\" data-comments-opened=\"0\" data-image-meta=\"{&quot;aperture&quot;:&quot;0&quot;,&quot;credit&quot;:&quot;&quot;,&quot;camera&quot;:&quot;&quot;,&quot;caption&quot;:&quot;&quot;,&quot;created_timestamp&quot;:&quot;0&quot;,&quot;copyright&quot;:&quot;&quot;,&quot;focal_length&quot;:&quot;0&quot;,&quot;iso&quot;:&quot;0&quot;,&quot;shutter_speed&quot;:&quot;0&quot;,&quot;title&quot;:&quot;&quot;,&quot;orientation&quot;:&quot;0&quot;}\" data-image-title=\"755021AE-D8B3-40F0-A846-D21705F49C8B\" data-image-description=\"\" data-image-caption=\"\" data-medium-file=\"https:\/\/i0.wp.com\/blogdalucianaoliveira.com.br\/blog\/wp-content\/uploads\/2021\/05\/755021AE-D8B3-40F0-A846-D21705F49C8B.jpeg?fit=300%2C144\" data-large-file=\"https:\/\/i0.wp.com\/blogdalucianaoliveira.com.br\/blog\/wp-content\/uploads\/2021\/05\/755021AE-D8B3-40F0-A846-D21705F49C8B.jpeg?fit=600%2C288\" src=\"https:\/\/i0.wp.com\/blogdalucianaoliveira.com.br\/blog\/wp-content\/uploads\/2021\/05\/755021AE-D8B3-40F0-A846-D21705F49C8B.jpeg?fit=600%2C288\" alt=\"\" class=\"wp-image-31799\" srcset=\"https:\/\/i0.wp.com\/blogdalucianaoliveira.com.br\/blog\/wp-content\/uploads\/2021\/05\/755021AE-D8B3-40F0-A846-D21705F49C8B.jpeg?w=1250 1250w, https:\/\/i0.wp.com\/blogdalucianaoliveira.com.br\/blog\/wp-content\/uploads\/2021\/05\/755021AE-D8B3-40F0-A846-D21705F49C8B.jpeg?resize=300%2C144 300w, https:\/\/i0.wp.com\/blogdalucianaoliveira.com.br\/blog\/wp-content\/uploads\/2021\/05\/755021AE-D8B3-40F0-A846-D21705F49C8B.jpeg?resize=1024%2C492 1024w, https:\/\/i0.wp.com\/blogdalucianaoliveira.com.br\/blog\/wp-content\/uploads\/2021\/05\/755021AE-D8B3-40F0-A846-D21705F49C8B.jpeg?resize=768%2C369 768w, https:\/\/i0.wp.com\/blogdalucianaoliveira.com.br\/blog\/wp-content\/uploads\/2021\/05\/755021AE-D8B3-40F0-A846-D21705F49C8B.jpeg?resize=625%2C300 625w, https:\/\/i0.wp.com\/blogdalucianaoliveira.com.br\/blog\/wp-content\/uploads\/2021\/05\/755021AE-D8B3-40F0-A846-D21705F49C8B.jpeg?w=1200 1200w\" sizes=\"auto, (max-width: 600px) 100vw, 600px\" \/><\/figure>\n\n\n\n<p><strong>Ag\u00eancia C\u00e2mara &#8211;&nbsp;<\/strong>A C\u00e2mara dos Deputados aprovou o texto-base do Projeto de Lei 6764\/02, que revoga a&nbsp;<a href=\"https:\/\/www2.camara.gov.br\/legin\/fed\/lei\/1980-1987\/lei-7170-14-dezembro-1983-356772-norma-pl.html\">Lei de Seguran\u00e7a Nacional<\/a>&nbsp;e acrescenta no C\u00f3digo Penal v\u00e1rios crimes contra o Estado Democr\u00e1tico de Direito.<\/p>\n\n\n\n<!--more-->\n\n\n\n<p>Os deputados analisam agora os destaques apresentados pelos partidos ao substitutivo da relatora, deputada\u00a0<a href=\"https:\/\/www.camara.leg.br\/deputados\/204430\">Margarete Coelho (PP-PI)<\/a>, que cria um novo t\u00edtulo no c\u00f3digo para tipificar dez crimes em cinco cap\u00edtulos. Entre eles os crimes de interrup\u00e7\u00e3o de processo eleitoral, fake news nas elei\u00e7\u00f5es e atentado a direito de manifesta\u00e7\u00e3o.<\/p>\n\n\n\n<p>Assim, por exemplo, no cap\u00edtulo dos crimes contra a cidadania, fica proibido impedir, com viol\u00eancia ou amea\u00e7a grave o exerc\u00edcio pac\u00edfico e livre de manifesta\u00e7\u00e3o de partidos pol\u00edticos, movimentos sociais, sindicatos, \u00f3rg\u00e3os de classe ou demais grupos pol\u00edticos, associativos, \u00e9tnicos, raciais, culturais ou religiosos.<\/p>\n\n\n\n<p>A pena \u00e9 de 1 a 4 anos de reclus\u00e3o, mas aumenta para 2 a 8 anos se da repress\u00e3o resultar les\u00e3o corporal grave. No caso de morte, vai para 4 a 12 anos.<\/p>\n","protected":false},"excerpt":{"rendered":"<p>Ag\u00eancia C\u00e2mara &#8211;&nbsp;A C\u00e2mara dos Deputados aprovou o texto-base do Projeto de Lei 6764\/02, que revoga a&nbsp;Lei de Seguran\u00e7a Nacional&nbsp;e acrescenta no C\u00f3digo Penal v\u00e1rios crimes contra o Estado Democr\u00e1tico de Direito.<\/p>\n","protected":false},"author":1,"featured_media":0,"comment_status":"closed","ping_status":"open","sticky":false,"template":"","format":"standard","meta":{"_exactmetrics_skip_tracking":false,"_exactmetrics_sitenote_active":false,"_exactmetrics_sitenote_note":"","_exactmetrics_sitenote_category":0,"jetpack_post_was_ever_published":false,"_jetpack_newsletter_access":"","_jetpack_dont_email_post_to_subs":false,"_jetpack_newsletter_tier_id":0,"_jetpack_memberships_contains_paywalled_content":false,"_jetpack_memberships_contains_paid_content":false,"footnotes":"","jetpack_publicize_message":"","jetpack_publicize_feature_enabled":true,"jetpack_social_post_already_shared":true,"jetpack_social_options":{"image_generator_settings":{"template":"highway","enabled":false},"version":2}},"categories":[1],"tags":[],"class_list":["post-31798","post","type-post","status-publish","format-standard","hentry","category-notas"],"jetpack_publicize_connections":[],"jetpack_sharing_enabled":true,"jetpack_featured_media_url":"","jetpack_shortlink":"https:\/\/wp.me\/p7wKYW-8gS","jetpack-related-posts":[],"_links":{"self":[{"href":"http:\/\/blogdalucianaoliveira.com.br\/blog\/wp-json\/wp\/v2\/posts\/31798","targetHints":{"allow":["GET"]}}],"collection":[{"href":"http:\/\/blogdalucianaoliveira.com.br\/blog\/wp-json\/wp\/v2\/posts"}],"about":[{"href":"http:\/\/blogdalucianaoliveira.com.br\/blog\/wp-json\/wp\/v2\/types\/post"}],"author":[{"embeddable":true,"href":"http:\/\/blogdalucianaoliveira.com.br\/blog\/wp-json\/wp\/v2\/users\/1"}],"replies":[{"embeddable":true,"href":"http:\/\/blogdalucianaoliveira.com.br\/blog\/wp-json\/wp\/v2\/comments?post=31798"}],"version-history":[{"count":1,"href":"http:\/\/blogdalucianaoliveira.com.br\/blog\/wp-json\/wp\/v2\/posts\/31798\/revisions"}],"predecessor-version":[{"id":31800,"href":"http:\/\/blogdalucianaoliveira.com.br\/blog\/wp-json\/wp\/v2\/posts\/31798\/revisions\/31800"}],"wp:attachment":[{"href":"http:\/\/blogdalucianaoliveira.com.br\/blog\/wp-json\/wp\/v2\/media?parent=31798"}],"wp:term":[{"taxonomy":"category","embeddable":true,"href":"http:\/\/blogdalucianaoliveira.com.br\/blog\/wp-json\/wp\/v2\/categories?post=31798"},{"taxonomy":"post_tag","embeddable":true,"href":"http:\/\/blogdalucianaoliveira.com.br\/blog\/wp-json\/wp\/v2\/tags?post=31798"}],"curies":[{"name":"wp","href":"https:\/\/api.w.org\/{rel}","templated":true}]}}