{"id":31812,"date":"2021-05-05T16:32:49","date_gmt":"2021-05-05T20:32:49","guid":{"rendered":"http:\/\/blogdalucianaoliveira.com.br\/blog\/?p=31812"},"modified":"2021-05-05T16:32:54","modified_gmt":"2021-05-05T20:32:54","slug":"bolsonaro-ameaca-baixar-decreto-para-abrir-comercio-poder-de-forca","status":"publish","type":"post","link":"http:\/\/blogdalucianaoliveira.com.br\/blog\/2021\/05\/05\/bolsonaro-ameaca-baixar-decreto-para-abrir-comercio-poder-de-forca\/","title":{"rendered":"Bolsonaro amea\u00e7a baixar decreto para abrir com\u00e9rcio: \u201cPoder de for\u00e7a\u201d"},"content":{"rendered":"\n<figure class=\"wp-block-image\"><img data-recalc-dims=\"1\" height=\"400\" width=\"600\" decoding=\"async\" src=\"https:\/\/i0.wp.com\/uploads.metropoles.com\/wp-content\/uploads\/2021\/05\/05142707\/ComandoEspecialdoExercito_-4-600x400.jpg?resize=600%2C400&#038;ssl=1\" alt=\"Jair Bolsonaro\"\/><\/figure>\n\n\n\n<h4 class=\"wp-block-heading\">\u201cSe tiver que baixar decreto [para reabrir com\u00e9rcios], ele ser\u00e1 cumprido. E ningu\u00e9m vai contestar&#8221;, afirmou o presidente<\/h4>\n\n\n\n<!--more-->\n\n\n\n<p><a href=\"https:\/\/www.metropoles.com\/author\/flavia-said\"><strong>Fl\u00e1via Said<\/strong><\/a>, no Metr\u00f3poles<\/p>\n\n\n\n<p>O presidente\u00a0<a rel=\"noreferrer noopener\" href=\"https:\/\/www.metropoles.com\/tag\/jair-bolsonaro\" target=\"_blank\">Jair Bolsonaro<\/a>\u00a0(sem partido) amea\u00e7ou nesta quarta-feira (5\/5) baixar um decreto para reabrir as atividades comerciais. \u201cSe tiver que baixar decreto [para reabrir com\u00e9rcios], ele ser\u00e1 cumprido. E ningu\u00e9m vai contestar.\u201d<br><\/p>\n\n\n\n<p> \u201cNas ruas, j\u00e1 se come\u00e7a a pedir, por parte do governo, que ele baixe um decreto. E se eu baixar um decreto, vai ser cumprido, n\u00e3o ser\u00e1 contestado por nenhum tribunal, porque ele ser\u00e1 cumprido. E o que constaria no corpo desse decreto? Constariam os incisos do art. 5\u00ba da Constitui\u00e7\u00e3o\u201d, afirmou. O artigo mencionado trata do direito \u00e0 vida, \u00e0 liberdade, \u00e0 igualdade, \u00e0 seguran\u00e7a e \u00e0 propriedade. <\/p>\n\n\n\n<p>\u201cO Congresso, ao qual integrei, tenho certeza que estar\u00e1 ao nosso lado. O povo. ao qual n\u00f3s \u2014 Executivo e parlamentares \u2014 devemos lealdade absoluta, obviamente estar\u00e1 ao nosso lado. Quem poder\u00e1 contestar o art. 5\u00ba da Constitui\u00e7\u00e3o? O que est\u00e1 em jogo? E alguns ainda ousam, por decretos subalternos nos oprimir. O que n\u00f3s queremos do art. 5\u00ba de mais importante? Queremos a liberdade de cultos, queremos a liberdade para poder trabalhar, queremos o nosso direito de ir e vir. Ningu\u00e9m pode contestar isso. E esse decreto que eu baixar, repito: ser\u00e1 cumprido, juntamente com nosso Parlamento, juntamente com todo o poder de for\u00e7a que n\u00f3s temos em cada dos nossos, atualmente, 23 ministros\u201d, destacou o mandat\u00e1rio do pa\u00eds.<br><\/p>\n\n\n\n<p>Exaltado, Bolsonaro atacou as medidas adotadas por governadores para conter o avan\u00e7o da pandemia de Covid-19: \u201cDe onde nasceu essa excrec\u00eancia para dar poderes a governadores e prefeitos? Levar desespero a fam\u00edlias por n\u00e3o poder trabalhar. Alguns quando procuram como se conformar s\u00e3o proibidos de ir na igreja ou no templo. Estamos assistindo cenas de pessoas sendo presas. Onde n\u00f3s estamos? Cad\u00ea a nossa liberdade? O desemprego, a mis\u00e9ria \u00e9 terreno f\u00e9rtil para ditaduras\u201d.<br><\/p>\n\n\n\n<p>A declara\u00e7\u00e3o foi dada por Bolsonaro no Pal\u00e1cio do Planalto, durante a abertura da Semana das Comunica\u00e7\u00f5es \u2013 iniciativa da pasta comandada por&nbsp;<a href=\"https:\/\/www.metropoles.com\/tag\/fabio-faria\" target=\"_blank\" rel=\"noreferrer noopener\">F\u00e1bio Faria<\/a>, em alus\u00e3o ao Dia Nacional das Comunica\u00e7\u00f5es, celebrado neste 5 de maio.<\/p>\n\n\n\n<p>Al\u00e9m de Bolsonaro e Faria, estavam presentes no evento o vice-presidente&nbsp;<a href=\"https:\/\/www.metropoles.com\/tag\/hamilton-mourao\" target=\"_blank\" rel=\"noreferrer noopener\">Hamilton Mour\u00e3o<\/a>&nbsp;(PRTB), o ministro da Casa Civil,&nbsp;<a href=\"https:\/\/www.metropoles.com\/tag\/luiz-eduardo-ramos\" target=\"_blank\" rel=\"noreferrer noopener\">Luiz Eduardo Ramos<\/a>, o presidente do Sebrae, Carlos Melles, o presidente do Banco do Brasil, Fausto Ribeiro, e parlamentares, como o l\u00edder do governo na C\u00e2mara,&nbsp;<a href=\"https:\/\/www.metropoles.com\/tag\/ricardo-barros\" target=\"_blank\" rel=\"noreferrer noopener\">Ricardo Barros<\/a>&nbsp;(PP-PR).<\/p>\n\n\n\n<h5 class=\"wp-block-heading\"><strong>Exposi\u00e7\u00e3o no Congresso<\/strong><\/h5>\n\n\n\n<p>Em seguida, o mandat\u00e1rio se deslocou ao Congresso Nacional para participar da exposi\u00e7\u00e3o Digital Day, que contar\u00e1 com demonstra\u00e7\u00e3o das aplica\u00e7\u00f5es pr\u00e1ticas do uso da nova tecnologia&nbsp;<a href=\"https:\/\/www.metropoles.com\/tag\/5g\" target=\"_blank\" rel=\"noreferrer noopener\">5G<\/a>&nbsp;Standalone no Brasil.<br><\/p>\n\n\n\n<p>A exibi\u00e7\u00e3o, prevista para ocorrer inicialmente no Pal\u00e1cio do Planalto, est\u00e1 ocorrendo no Sal\u00e3o Negro do Congresso Nacional e ficar\u00e1 aberta at\u00e9 sexta-feira (7\/5). O evento conta com estandes das grandes empresas que vendem tecnologia 5G, como Huawei, Nokia e Qualcomm.<br><br><\/p>\n","protected":false},"excerpt":{"rendered":"<p>\u201cSe tiver que baixar decreto [para reabrir com\u00e9rcios], ele ser\u00e1 cumprido. E ningu\u00e9m vai contestar&#8221;, afirmou o presidente<\/p>\n","protected":false},"author":1,"featured_media":0,"comment_status":"closed","ping_status":"open","sticky":false,"template":"","format":"standard","meta":{"_exactmetrics_skip_tracking":false,"_exactmetrics_sitenote_active":false,"_exactmetrics_sitenote_note":"","_exactmetrics_sitenote_category":0,"jetpack_post_was_ever_published":false,"_jetpack_newsletter_access":"","_jetpack_dont_email_post_to_subs":false,"_jetpack_newsletter_tier_id":0,"_jetpack_memberships_contains_paywalled_content":false,"_jetpack_memberships_contains_paid_content":false,"footnotes":"","jetpack_publicize_message":"","jetpack_publicize_feature_enabled":true,"jetpack_social_post_already_shared":true,"jetpack_social_options":{"image_generator_settings":{"template":"highway","enabled":false},"version":2}},"categories":[1],"tags":[],"class_list":["post-31812","post","type-post","status-publish","format-standard","hentry","category-notas"],"jetpack_publicize_connections":[],"jetpack_sharing_enabled":true,"jetpack_featured_media_url":"","jetpack_shortlink":"https:\/\/wp.me\/p7wKYW-8h6","jetpack-related-posts":[],"_links":{"self":[{"href":"http:\/\/blogdalucianaoliveira.com.br\/blog\/wp-json\/wp\/v2\/posts\/31812","targetHints":{"allow":["GET"]}}],"collection":[{"href":"http:\/\/blogdalucianaoliveira.com.br\/blog\/wp-json\/wp\/v2\/posts"}],"about":[{"href":"http:\/\/blogdalucianaoliveira.com.br\/blog\/wp-json\/wp\/v2\/types\/post"}],"author":[{"embeddable":true,"href":"http:\/\/blogdalucianaoliveira.com.br\/blog\/wp-json\/wp\/v2\/users\/1"}],"replies":[{"embeddable":true,"href":"http:\/\/blogdalucianaoliveira.com.br\/blog\/wp-json\/wp\/v2\/comments?post=31812"}],"version-history":[{"count":1,"href":"http:\/\/blogdalucianaoliveira.com.br\/blog\/wp-json\/wp\/v2\/posts\/31812\/revisions"}],"predecessor-version":[{"id":31813,"href":"http:\/\/blogdalucianaoliveira.com.br\/blog\/wp-json\/wp\/v2\/posts\/31812\/revisions\/31813"}],"wp:attachment":[{"href":"http:\/\/blogdalucianaoliveira.com.br\/blog\/wp-json\/wp\/v2\/media?parent=31812"}],"wp:term":[{"taxonomy":"category","embeddable":true,"href":"http:\/\/blogdalucianaoliveira.com.br\/blog\/wp-json\/wp\/v2\/categories?post=31812"},{"taxonomy":"post_tag","embeddable":true,"href":"http:\/\/blogdalucianaoliveira.com.br\/blog\/wp-json\/wp\/v2\/tags?post=31812"}],"curies":[{"name":"wp","href":"https:\/\/api.w.org\/{rel}","templated":true}]}}