{"id":31816,"date":"2021-05-06T11:04:11","date_gmt":"2021-05-06T15:04:11","guid":{"rendered":"http:\/\/blogdalucianaoliveira.com.br\/blog\/?p=31816"},"modified":"2021-05-06T11:13:26","modified_gmt":"2021-05-06T15:13:26","slug":"ongs-pedem-que-governador-vete-legalizacao-de-invasoes","status":"publish","type":"post","link":"http:\/\/blogdalucianaoliveira.com.br\/blog\/2021\/05\/06\/ongs-pedem-que-governador-vete-legalizacao-de-invasoes\/","title":{"rendered":"ONGs pedem que governador vete legaliza\u00e7\u00e3o de invas\u00f5es e acionam \u00f3rg\u00e3os ministeriais"},"content":{"rendered":"\n<figure class=\"wp-block-image size-large\"><img data-recalc-dims=\"1\" loading=\"lazy\" decoding=\"async\" width=\"600\" height=\"326\" data-attachment-id=\"31817\" data-permalink=\"http:\/\/blogdalucianaoliveira.com.br\/blog\/2021\/05\/06\/ongs-pedem-que-governador-vete-legalizacao-de-invasoes\/73b6295d-e6b6-45c5-a4b1-2a01fa1298bd\/\" data-orig-file=\"https:\/\/i0.wp.com\/blogdalucianaoliveira.com.br\/blog\/wp-content\/uploads\/2021\/05\/73B6295D-E6B6-45C5-A4B1-2A01FA1298BD.jpeg?fit=828%2C450\" data-orig-size=\"828,450\" data-comments-opened=\"0\" data-image-meta=\"{&quot;aperture&quot;:&quot;0&quot;,&quot;credit&quot;:&quot;&quot;,&quot;camera&quot;:&quot;&quot;,&quot;caption&quot;:&quot;&quot;,&quot;created_timestamp&quot;:&quot;0&quot;,&quot;copyright&quot;:&quot;&quot;,&quot;focal_length&quot;:&quot;0&quot;,&quot;iso&quot;:&quot;0&quot;,&quot;shutter_speed&quot;:&quot;0&quot;,&quot;title&quot;:&quot;&quot;,&quot;orientation&quot;:&quot;1&quot;}\" data-image-title=\"73B6295D-E6B6-45C5-A4B1-2A01FA1298BD\" data-image-description=\"\" data-image-caption=\"\" data-medium-file=\"https:\/\/i0.wp.com\/blogdalucianaoliveira.com.br\/blog\/wp-content\/uploads\/2021\/05\/73B6295D-E6B6-45C5-A4B1-2A01FA1298BD.jpeg?fit=300%2C163\" data-large-file=\"https:\/\/i0.wp.com\/blogdalucianaoliveira.com.br\/blog\/wp-content\/uploads\/2021\/05\/73B6295D-E6B6-45C5-A4B1-2A01FA1298BD.jpeg?fit=600%2C326\" src=\"https:\/\/i0.wp.com\/blogdalucianaoliveira.com.br\/blog\/wp-content\/uploads\/2021\/05\/73B6295D-E6B6-45C5-A4B1-2A01FA1298BD.jpeg?resize=600%2C326\" alt=\"\" class=\"wp-image-31817\" srcset=\"https:\/\/i0.wp.com\/blogdalucianaoliveira.com.br\/blog\/wp-content\/uploads\/2021\/05\/73B6295D-E6B6-45C5-A4B1-2A01FA1298BD.jpeg?w=828 828w, https:\/\/i0.wp.com\/blogdalucianaoliveira.com.br\/blog\/wp-content\/uploads\/2021\/05\/73B6295D-E6B6-45C5-A4B1-2A01FA1298BD.jpeg?resize=300%2C163 300w, https:\/\/i0.wp.com\/blogdalucianaoliveira.com.br\/blog\/wp-content\/uploads\/2021\/05\/73B6295D-E6B6-45C5-A4B1-2A01FA1298BD.jpeg?resize=768%2C417 768w, https:\/\/i0.wp.com\/blogdalucianaoliveira.com.br\/blog\/wp-content\/uploads\/2021\/05\/73B6295D-E6B6-45C5-A4B1-2A01FA1298BD.jpeg?resize=552%2C300 552w\" sizes=\"auto, (max-width: 600px) 100vw, 600px\" \/><\/figure>\n\n\n\n<p><em>Greenpeace, SOS Amaz\u00f4nia, WWF-Brasil, CIMI \u2013 Conselho Indigenista Mission\u00e1rio, Kanind\u00e9 e Organiza\u00e7\u00e3o dos Seringueiros de Rond\u00f4nia (OSR) assinam pedido. <\/em><\/p>\n\n\n\n<!--more-->\n\n\n\n<p><br><br><strong>Por Luciana Oliveira<\/strong> &#8211; O <a href=\"https:\/\/g1.globo.com\/ro\/rondonia\/noticia\/2020\/12\/01\/governador-de-ro-propoe-alterar-limites-de-reserva-extrativista-e-parque-estadual-para-ongs-acao-premia-quem-comete-crime.ghtml\">Projeto de Lei Complementar (PLC 080)<\/a>\u00a0que altera os limites da Reserva Extrativista Jaci-Paran\u00e1 e do Parque Estadual de Guajar\u00e1-Mirim, foi aprovado no dia 20 de abril. <\/p>\n\n\n\n<p>A princ\u00edpio a proposta do governo o era a de criar seis Unidades de Conserva\u00e7\u00e3o como contrapartida para redu\u00e7\u00e3o das unidades de conserva\u00e7\u00e3o. <br><\/p>\n\n\n\n<p>\u201cAltera os limites da Reserva Extrativista Jaci-Paran\u00e1 e do Parque Estadual de Guajar\u00e1-Mirim, cria o Parque Estadual Ilha das Flores, o Parque Estadual Abaitar\u00e1, a Reserva de Desenvolvimento Sustent\u00e1vel Bom Jardim, a Reserva de Desenvolvimento Sustent\u00e1vel Limoeiro, a Reserva de Desenvolvimento Sustent\u00e1vel Rio Machado e a Reserva de Fauna Pau D\u2019\u00d3leo e revoga o artigo 8-A da Lei Complementar n\u00b0 633, de 13 setembro de 2011, bem como a Lei n\u00b0 1.146, de 12 de dezembro de 2002 e d\u00e1 outras provid\u00eancias\u201d, diz a ementa.<\/p>\n\n\n\n<p><br>Na vota\u00e7\u00e3o os deputados aprovaram emendas e o projeto aguarda san\u00e7\u00e3o ou veto do governador Marcos Rocha.<\/p>\n\n\n\n<p>O pedido das organiza\u00e7\u00f5es que defendem o meio ambiente \u00e9 de veto total ao projeto que \u00e9 de iniciativa do governo. <br>O documento foi recebido por uma funcion\u00e1ria do setor de protocolo. <br>No Minist\u00e9rio P\u00fablico Federal, um pedido de provid\u00eancias com mais de sessenta assinaturas de ONGs, associa\u00e7\u00f5es e entidades da sociedade civil foi entregue \u00e0 Procuradora da Rep\u00fablica Gisele Bleggi. <\/p>\n\n\n\n<figure class=\"wp-block-image size-large\"><img data-recalc-dims=\"1\" loading=\"lazy\" decoding=\"async\" width=\"600\" height=\"322\" data-attachment-id=\"31818\" data-permalink=\"http:\/\/blogdalucianaoliveira.com.br\/blog\/2021\/05\/06\/ongs-pedem-que-governador-vete-legalizacao-de-invasoes\/71910e03-e88c-4a0f-9ab8-cc1038759eb6\/\" data-orig-file=\"https:\/\/i0.wp.com\/blogdalucianaoliveira.com.br\/blog\/wp-content\/uploads\/2021\/05\/71910E03-E88C-4A0F-9AB8-CC1038759EB6.jpeg?fit=795%2C427\" data-orig-size=\"795,427\" data-comments-opened=\"0\" data-image-meta=\"{&quot;aperture&quot;:&quot;0&quot;,&quot;credit&quot;:&quot;&quot;,&quot;camera&quot;:&quot;&quot;,&quot;caption&quot;:&quot;&quot;,&quot;created_timestamp&quot;:&quot;0&quot;,&quot;copyright&quot;:&quot;&quot;,&quot;focal_length&quot;:&quot;0&quot;,&quot;iso&quot;:&quot;0&quot;,&quot;shutter_speed&quot;:&quot;0&quot;,&quot;title&quot;:&quot;&quot;,&quot;orientation&quot;:&quot;1&quot;}\" data-image-title=\"71910E03-E88C-4A0F-9AB8-CC1038759EB6\" data-image-description=\"\" data-image-caption=\"\" data-medium-file=\"https:\/\/i0.wp.com\/blogdalucianaoliveira.com.br\/blog\/wp-content\/uploads\/2021\/05\/71910E03-E88C-4A0F-9AB8-CC1038759EB6.jpeg?fit=300%2C161\" data-large-file=\"https:\/\/i0.wp.com\/blogdalucianaoliveira.com.br\/blog\/wp-content\/uploads\/2021\/05\/71910E03-E88C-4A0F-9AB8-CC1038759EB6.jpeg?fit=600%2C322\" src=\"https:\/\/i0.wp.com\/blogdalucianaoliveira.com.br\/blog\/wp-content\/uploads\/2021\/05\/71910E03-E88C-4A0F-9AB8-CC1038759EB6.jpeg?resize=600%2C322\" alt=\"\" class=\"wp-image-31818\" srcset=\"https:\/\/i0.wp.com\/blogdalucianaoliveira.com.br\/blog\/wp-content\/uploads\/2021\/05\/71910E03-E88C-4A0F-9AB8-CC1038759EB6.jpeg?w=795 795w, https:\/\/i0.wp.com\/blogdalucianaoliveira.com.br\/blog\/wp-content\/uploads\/2021\/05\/71910E03-E88C-4A0F-9AB8-CC1038759EB6.jpeg?resize=300%2C161 300w, https:\/\/i0.wp.com\/blogdalucianaoliveira.com.br\/blog\/wp-content\/uploads\/2021\/05\/71910E03-E88C-4A0F-9AB8-CC1038759EB6.jpeg?resize=768%2C412 768w, https:\/\/i0.wp.com\/blogdalucianaoliveira.com.br\/blog\/wp-content\/uploads\/2021\/05\/71910E03-E88C-4A0F-9AB8-CC1038759EB6.jpeg?resize=559%2C300 559w\" sizes=\"auto, (max-width: 600px) 100vw, 600px\" \/><\/figure>\n\n\n\n<p>O Minist\u00e9rio P\u00fablico Estadual tamb\u00e9m foi acionado com pedido de provid\u00eancias. <br><\/p>\n\n\n\n<p><strong>A Carta ao governador na \u00edntegra:<\/strong><\/p>\n\n\n\n<p>Porto Velho, 6 de maio de 2021<\/p>\n\n\n\n<p>Senhor&nbsp;<\/p>\n\n\n\n<p>Marcos Rocha&nbsp;<\/p>\n\n\n\n<p>Governador do Estado de Rond\u00f4nia<\/p>\n\n\n\n<p>Pal\u00e1cio Rio Madeira&nbsp;&#8211; Av. Farquar, 2986 &#8211; Bairro Pedrinhas<br>CEP 76.801-470 &#8211; Porto Velho, RO<\/p>\n\n\n\n<p>No momento em que a popula\u00e7\u00e3o de Rond\u00f4nia tenta sobreviver \u00e0 pandemia de covid-19, que j\u00e1 provocou a morte de mais de 5 mil pessoas no Estado, a Assembleia Legislativa aproveita para premiar grileiros e desmatadores ilegais com mais de 220 mil hectares de terras p\u00fablicas. Os deputados estaduais fizeram isso com base no projeto de lei complementar 080\/2020, enviada pelo senhor \u00e0quela casa, propondo o corte de imensas \u00e1reas da Reserva Extrativista de Jaci-Paran\u00e1 e do Parque Estadual de Guajar\u00e1-Mirim.<\/p>\n\n\n\n<p>O projeto teve discuss\u00e3o e aprova\u00e7\u00e3o rel\u00e2mpagos, numa \u00fanica noite. Of\u00edcio do governo do estado, autor do projeto, solicitando sua retirada de pauta, foi ignorado. Os parlamentares passaram mais tempo em reuni\u00f5es secretas do que em sess\u00e3o p\u00fablica, em uma demonstra\u00e7\u00e3o inaceit\u00e1vel de falta de transpar\u00eancia e de d\u00e9ficit democr\u00e1tico. O resultado, ao final da sess\u00e3o, foi a quase extin\u00e7\u00e3o da resex e a desfigura\u00e7\u00e3o do parque. As informa\u00e7\u00f5es exatas sobre os novos limites das unidades de conserva\u00e7\u00e3o, alteradas durante a vota\u00e7\u00e3o, nunca foram conhecidas. Os parlamentares aprovaram as mudan\u00e7as sem nenhuma base cient\u00edfica ou t\u00e9cnica. As altera\u00e7\u00f5es foram feitas sem nenhuma discuss\u00e3o com a sociedade. O texto aprovado nunca foi divulgado pela Assembleia Legislativa.&nbsp;<\/p>\n\n\n\n<p>De acordo com o decidido pela Assembleia, a reserva extrativista de Jaci-Paran\u00e1 ficaria praticamente extinta. Dos 193 mil hectares existentes, sobrariam apenas 22 mil, pouco mais de 10% da \u00e1rea original. O parque estadual de Guajar\u00e1-Mirim perderia 55 mil hectares, num corte que atinge inclusive a sede da unidade de conserva\u00e7\u00e3o, que ficaria de fora da \u00e1rea preservada. Os n\u00fameros ainda s\u00e3o estimados.&nbsp;<\/p>\n\n\n\n<p>A Assembleia prop\u00f5e que as terras retiradas das unidades de conserva\u00e7\u00e3o sejam dadas como pr\u00eamio a invasores ilegais, que ocuparam a floresta com base na viol\u00eancia, como o senhor mesmo deve ter acompanhado desde seu posto de coronel na Pol\u00edcia Militar. Comunidades tradicionais foram expulsas a for\u00e7a, para colocar, em seu lugar, 120 mil cabe\u00e7as de gado.&nbsp;<\/p>\n\n\n\n<p>\u00c9 conhecido, por exemplo, o testemunho do Presidente da Associa\u00e7\u00e3o de Seringueiros Bentivi, Francisco Lopes da Silva, transcrito em nota t\u00e9cnica do Grupo de Trabalho Amaz\u00f4nico de 2014. Chico enviou carta pedindo ajuda \u00e0 Sedam. Ele solicitava provid\u00eancias contra a expuls\u00e3o violenta de fam\u00edlias de moradores da Reserva Extrativista, como neste trecho: \u201cOs grileiros j\u00e1 queimaram quatro casas dos seringueiros nas margens do rio Jaci e est\u00e3o amea\u00e7ando queimar o restante das casas. Pude presenciar o seringueiro Jos\u00e9 Val\u00e9rio Parente com todos os seus pertences em uma praia\u201d. Essa foi a din\u00e2mica de ocupa\u00e7\u00e3o da \u00e1rea p\u00fablica para a cria\u00e7\u00e3o de gado, com a expuls\u00e3o das comunidades tradicionais.&nbsp;<\/p>\n\n\n\n<p>A nota t\u00e9cnica ainda informa: \u201cO processo de grilagem de terras da Resex Jaci-Paran\u00e1 obedece \u00e0 t\u00e1tica de \u2018crime organizado\u2019 que est\u00e1 destruindo v\u00e1rias unidades de conserva\u00e7\u00e3o do Estado. A ind\u00fastria madeireira instalada em Rond\u00f4nia, em n\u00famero muito maior que o de florestas dispon\u00edveis, sobrevive em boa propor\u00e7\u00e3o de madeiras roubadas de unidades de conserva\u00e7\u00e3o e terras ind\u00edgenas, com toda sorte de fraudes e coniv\u00eancias para esquentar madeiras. No caso da Resex Jaci-Paran\u00e1, al\u00e9m de madeireiras licenciadas vizinhas \u00e0 Resex, os madeireiros foram saqueando madeiras e no seu rastro deu-se a invas\u00e3o por grileiros. &nbsp;A posse das terras, via de regra, se d\u00e1 com a invas\u00e3o em grande n\u00famero de pessoas que destroem a floresta, vendem as madeiras, semeiam o capim e ficam de fora, incendiando anualmente a \u00e1rea. De um a dois anos, \u00e9 poss\u00edvel transformar uma vasta regi\u00e3o de floresta em fazendas pecu\u00e1rias, e eles apostam na l\u00f3gica do fato consumado, segundo o qual destruir floresta \u00e9 aceito como \u2018benfeitoria\u2019. \u00c9 dif\u00edcil responsabilizar os autores, uma vez que os grandes em geral agem com prepostos e mesmo os pequenos nos primeiros anos entram esporadicamente na reserva e em geral impera a \u2018lei do sil\u00eancio\u2019, sendo corrente o jarg\u00e3o mafioso \u201cquem dedurar morre\u2019\u201d. Portanto, senhor governador, n\u00e3o se trata de pequenos agricultores, mas do crime organizado, que imp\u00f5e sua pr\u00f3pria lei.<\/p>\n\n\n\n<p>Os grandes respons\u00e1veis pelas invas\u00f5es, como o senhor sabe, s\u00e3o gente poderosa e influente, que usa posseiros como laranjas. Gente que contrata jagun\u00e7os armados para expulsar a for\u00e7a fam\u00edlias tradicionais que tiram seu sustento da floresta em p\u00e9.&nbsp;<\/p>\n\n\n\n<p>Agora, a decis\u00e3o da Assembleia Legislativa reconhece e premia a a\u00e7\u00e3o violenta dos grileiros, ao mesmo tempo em que legitima a expuls\u00e3o de ind\u00edgenas, seringueiros e extrativistas para dar lugar \u00e0 pastagem e ao boi. Essa medida contribuiria para enriquecer alguns poucos poderosos, deixando para a popula\u00e7\u00e3o a conta do preju\u00edzo ambiental. Condenaria \u00e0 mis\u00e9ria na periferia das cidades centenas de fam\u00edlias impedidas de continuar vivendo de maneira sustent\u00e1vel na floresta \u2013 que agora cai oficialmente em nome do rebanho de gado.&nbsp;<\/p>\n\n\n\n<p>Essa apropria\u00e7\u00e3o ilegal de terras p\u00fablicas teria impactos diretos e irrevers\u00edveis nas terras ind\u00edgenas Uru-eu-wau-wau, Karipuna, Igarap\u00e9 Lage, Igarap\u00e9 Ribeir\u00e3o, Karitiana e comunidades em isolamento volunt\u00e1rio na regi\u00e3o. Esses povos, que nunca foram consultados sobre as altera\u00e7\u00f5es nas unidades de conserva\u00e7\u00e3o, t\u00eam agora amea\u00e7adas sua integridade f\u00edsica, cultural e territorial, ficando expostos \u00e0 expuls\u00e3o, \u00e0 doen\u00e7a e \u00e0 morte.&nbsp;<\/p>\n\n\n\n<p>A dr\u00e1stica redu\u00e7\u00e3o das unidades de conserva\u00e7\u00e3o \u00e9 o coroamento de ataques sistem\u00e1ticos \u00e0 lei e \u00e0 ordem, numa hist\u00f3ria de mais de 20 anos de agress\u00f5es. Contraria a Constitui\u00e7\u00e3o Federal e diversas decis\u00f5es judiciais e dos minist\u00e9rios p\u00fablicos Estadual e Federal. Descumpre a legisla\u00e7\u00e3o vigente e acordos internacionais assinados pelo Brasil.<\/p>\n\n\n\n<p>A decis\u00e3o da Assembleia Legislativa coloca, ainda, o estado de Rond\u00f4nia na condi\u00e7\u00e3o de p\u00e1ria perante um mundo que busca por mais florestas, que precisa de mais natureza, para garantir o pr\u00f3prio futuro da humanidade. &nbsp;<\/p>\n\n\n\n<p>Implicaria, ainda, em potencial barreira econ\u00f4mica para o Estado de Rond\u00f4nia, que corre o s\u00e9rio risco de ver se fecharem mercados importantes para as commodities aqui produzidas, em fun\u00e7\u00e3o da legaliza\u00e7\u00e3o da grilagem de florestas p\u00fablicas e sua convers\u00e3o em pastagens.&nbsp;<\/p>\n\n\n\n<p>Entendemos que o governador n\u00e3o pretenda se aliar a essa imagem nem compactuar com o procedimento antidemocr\u00e1tico levado a cabo pela Assembleia.<\/p>\n\n\n\n<p>N\u00e3o lhe faltam argumentos para vetar integralmente o texto aprovado na Assembleia Legislativa e evitar, assim, o isolamento do Estado de Rond\u00f4nia mesmo entre os governadores da Amaz\u00f4nia.&nbsp;<\/p>\n\n\n\n<p>Depois de vetar integralmente o projeto de lei, o governo deve chamar um amplo debate com a sociedade civil organizada, de maneira que se encontre uma solu\u00e7\u00e3o com base na ci\u00eancia, na Constitui\u00e7\u00e3o, nas leis e nas decis\u00f5es judiciais. E, para colaborar com esse objetivo, nos colocamos desde j\u00e1 \u00e0 disposi\u00e7\u00e3o.&nbsp;<\/p>\n\n\n\n<p>O senhor tem agora a oportunidade de escolher como quer entrar para a hist\u00f3ria. Vetando o projeto, enviar\u00e1 ao Brasil e ao mundo a mensagem de algu\u00e9m que cuida das pessoas e da natureza. Se sancionar, ficar\u00e1 aliado \u00e0 ilegalidade, \u00e0 devasta\u00e7\u00e3o, \u00e0 viol\u00eancia, \u00e0 grilagem e aos desmatamentos que destroem a Amaz\u00f4nia. Al\u00e9m disso, corre o risco de ser desautorizado pela Justi\u00e7a, que tem, repetidamente, barrado agress\u00f5es \u00e0 floresta e \u00e0 popula\u00e7\u00e3o.&nbsp;<\/p>\n\n\n\n<p>De nossa parte, n\u00e3o permitiremos a consolida\u00e7\u00e3o dessas amea\u00e7as. Vamos denunci\u00e1-las e lutar de todas as formas, inclusive fora do pa\u00eds se necess\u00e1rio, para defender nossas popula\u00e7\u00f5es, nossas florestas, nosso clima e nossa Democracia.&nbsp;<\/p>\n\n\n\n<p>Assinam:&nbsp;<\/p>\n\n\n\n<p>Organiza\u00e7\u00e3o dos Seringueiros de Rond\u00f4nia (OSR)<\/p>\n\n\n\n<p>Associa\u00e7\u00e3o de Defesa Etnoambiental Kanind\u00e9<\/p>\n\n\n\n<p>Greenpeace <\/p>\n\n\n\n<p>SOS Amaz\u00f4nia<\/p>\n\n\n\n<p>WWF-Brasil<\/p>\n\n\n\n<p>CIMI &#8211; Conselho Indigenista Mission\u00e1rio<\/p>\n","protected":false},"excerpt":{"rendered":"<p>Greenpeace, SOS Amaz\u00f4nia, WWF-Brasil, CIMI \u2013 Conselho Indigenista Mission\u00e1rio, Kanind\u00e9 e Organiza\u00e7\u00e3o dos Seringueiros de Rond\u00f4nia (OSR) assinam pedido.<\/p>\n","protected":false},"author":1,"featured_media":0,"comment_status":"closed","ping_status":"open","sticky":false,"template":"","format":"standard","meta":{"_exactmetrics_skip_tracking":false,"_exactmetrics_sitenote_active":false,"_exactmetrics_sitenote_note":"","_exactmetrics_sitenote_category":0,"jetpack_post_was_ever_published":false,"_jetpack_newsletter_access":"","_jetpack_dont_email_post_to_subs":false,"_jetpack_newsletter_tier_id":0,"_jetpack_memberships_contains_paywalled_content":false,"_jetpack_memberships_contains_paid_content":false,"footnotes":"","jetpack_publicize_message":"","jetpack_publicize_feature_enabled":true,"jetpack_social_post_already_shared":true,"jetpack_social_options":{"image_generator_settings":{"template":"highway","enabled":false},"version":2}},"categories":[1],"tags":[517,518,494,519],"class_list":["post-31816","post","type-post","status-publish","format-standard","hentry","category-notas","tag-grilagem","tag-imvadoes","tag-pl-080","tag-veto"],"jetpack_publicize_connections":[],"jetpack_sharing_enabled":true,"jetpack_featured_media_url":"","jetpack_shortlink":"https:\/\/wp.me\/p7wKYW-8ha","jetpack-related-posts":[],"_links":{"self":[{"href":"http:\/\/blogdalucianaoliveira.com.br\/blog\/wp-json\/wp\/v2\/posts\/31816","targetHints":{"allow":["GET"]}}],"collection":[{"href":"http:\/\/blogdalucianaoliveira.com.br\/blog\/wp-json\/wp\/v2\/posts"}],"about":[{"href":"http:\/\/blogdalucianaoliveira.com.br\/blog\/wp-json\/wp\/v2\/types\/post"}],"author":[{"embeddable":true,"href":"http:\/\/blogdalucianaoliveira.com.br\/blog\/wp-json\/wp\/v2\/users\/1"}],"replies":[{"embeddable":true,"href":"http:\/\/blogdalucianaoliveira.com.br\/blog\/wp-json\/wp\/v2\/comments?post=31816"}],"version-history":[{"count":4,"href":"http:\/\/blogdalucianaoliveira.com.br\/blog\/wp-json\/wp\/v2\/posts\/31816\/revisions"}],"predecessor-version":[{"id":31822,"href":"http:\/\/blogdalucianaoliveira.com.br\/blog\/wp-json\/wp\/v2\/posts\/31816\/revisions\/31822"}],"wp:attachment":[{"href":"http:\/\/blogdalucianaoliveira.com.br\/blog\/wp-json\/wp\/v2\/media?parent=31816"}],"wp:term":[{"taxonomy":"category","embeddable":true,"href":"http:\/\/blogdalucianaoliveira.com.br\/blog\/wp-json\/wp\/v2\/categories?post=31816"},{"taxonomy":"post_tag","embeddable":true,"href":"http:\/\/blogdalucianaoliveira.com.br\/blog\/wp-json\/wp\/v2\/tags?post=31816"}],"curies":[{"name":"wp","href":"https:\/\/api.w.org\/{rel}","templated":true}]}}