{"id":31823,"date":"2021-05-06T16:14:54","date_gmt":"2021-05-06T20:14:54","guid":{"rendered":"http:\/\/blogdalucianaoliveira.com.br\/blog\/?p=31823"},"modified":"2021-05-06T16:14:59","modified_gmt":"2021-05-06T20:14:59","slug":"carta-aberta-ao-almir-surui","status":"publish","type":"post","link":"http:\/\/blogdalucianaoliveira.com.br\/blog\/2021\/05\/06\/carta-aberta-ao-almir-surui\/","title":{"rendered":"Carta aberta ao Almir Suru\u00ed"},"content":{"rendered":"\n<figure class=\"wp-block-image size-large\"><img data-recalc-dims=\"1\" loading=\"lazy\" decoding=\"async\" width=\"600\" height=\"350\" data-attachment-id=\"31824\" data-permalink=\"http:\/\/blogdalucianaoliveira.com.br\/blog\/2021\/05\/06\/carta-aberta-ao-almir-surui\/428a9c11-85b2-4e8d-87fd-dcddb8210d86\/\" data-orig-file=\"https:\/\/i0.wp.com\/blogdalucianaoliveira.com.br\/blog\/wp-content\/uploads\/2021\/05\/428A9C11-85B2-4E8D-87FD-DCDDB8210D86.jpeg?fit=725%2C423\" data-orig-size=\"725,423\" data-comments-opened=\"0\" data-image-meta=\"{&quot;aperture&quot;:&quot;0&quot;,&quot;credit&quot;:&quot;&quot;,&quot;camera&quot;:&quot;&quot;,&quot;caption&quot;:&quot;&quot;,&quot;created_timestamp&quot;:&quot;0&quot;,&quot;copyright&quot;:&quot;&quot;,&quot;focal_length&quot;:&quot;0&quot;,&quot;iso&quot;:&quot;0&quot;,&quot;shutter_speed&quot;:&quot;0&quot;,&quot;title&quot;:&quot;&quot;,&quot;orientation&quot;:&quot;0&quot;}\" data-image-title=\"428A9C11-85B2-4E8D-87FD-DCDDB8210D86\" data-image-description=\"\" data-image-caption=\"\" data-medium-file=\"https:\/\/i0.wp.com\/blogdalucianaoliveira.com.br\/blog\/wp-content\/uploads\/2021\/05\/428A9C11-85B2-4E8D-87FD-DCDDB8210D86.jpeg?fit=300%2C175\" data-large-file=\"https:\/\/i0.wp.com\/blogdalucianaoliveira.com.br\/blog\/wp-content\/uploads\/2021\/05\/428A9C11-85B2-4E8D-87FD-DCDDB8210D86.jpeg?fit=600%2C350\" src=\"https:\/\/i0.wp.com\/blogdalucianaoliveira.com.br\/blog\/wp-content\/uploads\/2021\/05\/428A9C11-85B2-4E8D-87FD-DCDDB8210D86.jpeg?resize=600%2C350\" alt=\"\" class=\"wp-image-31824\" srcset=\"https:\/\/i0.wp.com\/blogdalucianaoliveira.com.br\/blog\/wp-content\/uploads\/2021\/05\/428A9C11-85B2-4E8D-87FD-DCDDB8210D86.jpeg?w=725 725w, https:\/\/i0.wp.com\/blogdalucianaoliveira.com.br\/blog\/wp-content\/uploads\/2021\/05\/428A9C11-85B2-4E8D-87FD-DCDDB8210D86.jpeg?resize=300%2C175 300w, https:\/\/i0.wp.com\/blogdalucianaoliveira.com.br\/blog\/wp-content\/uploads\/2021\/05\/428A9C11-85B2-4E8D-87FD-DCDDB8210D86.jpeg?resize=514%2C300 514w\" sizes=\"auto, (max-width: 600px) 100vw, 600px\" \/><\/figure>\n\n\n\n<p><strong>Por M\u00e1rcio Santilli<\/strong>, no M\u00eddia Ninja <\/p>\n\n\n\n<!--more-->\n\n\n\n<p><\/p>\n\n\n\n<p>Amigo Almir,<\/p>\n\n\n\n<p>Contaram-me que o presidente da Funda\u00e7\u00e3o Nacional do \u00cdndio (Funai) pediu para a Pol\u00edcia Federal (PF) abrir um inqu\u00e9rito contra voc\u00ea e que um agente da delegacia de Ji-Paran\u00e1 (RO) tem interrogado parentes Paiter-Suru\u00ed, por telefone, para criminalizar a campanha feita pela Organiza\u00e7\u00e3o Metareil\u00e1 para combater a epidemia do coronav\u00edrus entre voc\u00eas.<\/p>\n\n\n\n<p>Fiquei muito triste e indignado, por voc\u00ea, pelos Suru\u00ed, pela Funai, pela Pol\u00edcia Federal e pelo Brasil.<\/p>\n\n\n\n<p>Voc\u00ea vem lutando a vida inteira para construir uma rela\u00e7\u00e3o saud\u00e1vel entre o seu povo e os demais brasileiros, conservando e compartilhando a sua cultura, promovendo os produtos da floresta, sem destru\u00ed-la, para que os servi\u00e7os ambientais da sua terra continuem garantindo qualidade de vida para todos n\u00f3s, em tempos t\u00e3o cr\u00edticos para o clima mundial.<\/p>\n\n\n\n<p>O presidente da Funai deveria te respeitar. Voc\u00ea n\u00e3o \u00e9 crian\u00e7a e ele chegou s\u00f3 agora a essa fun\u00e7\u00e3o. N\u00e3o tem hist\u00f3ria, nem compromisso com os povos ind\u00edgenas. Veio pelas m\u00e3os dos ruralistas, a quem prestou servi\u00e7os em uma CPI criada para destruir a Funai e os direitos dos povos ind\u00edgenas. Ele abandonou a sua carreira como delegado da PF e, agora, constrange os seus ex-colegas para atuarem como covardes, usando essa importante institui\u00e7\u00e3o do Estado para fazer uma mesquinha persegui\u00e7\u00e3o pol\u00edtica.<\/p>\n\n\n\n<p>Sim, Almir, porque ele n\u00e3o est\u00e1 a servi\u00e7o da institui\u00e7\u00e3o que preside, cuja finalidade \u00e9 defender os ind\u00edgenas e os seus direitos, nem da Pol\u00edcia Federal. Ele serve a Jair Bolsonaro, que quer te perseguir porque voc\u00ea, junto com o l\u00edder Raoni, pediu uma investiga\u00e7\u00e3o ao Tribunal Penal Internacional sobre as responsabilidades dele diante das propor\u00e7\u00f5es catastr\u00f3ficas que a pandemia alcan\u00e7ou no Brasil, com um impacto brutal, tamb\u00e9m, sobre vidas ind\u00edgenas. N\u00e3o tendo argumentos para convencer sobre a sua inoc\u00eancia, ele quer calar quem aponta os seus erros. O crime \u00e9 dele, mas o inqu\u00e9rito \u00e9 contra voc\u00ea.<\/p>\n\n\n\n<p>Revolte-se, mas nunca se renda! Num desses dias sinistros, o nosso amigo, Ailton Krenak, lembrou-nos que os povos ind\u00edgenas s\u00e3o resilientes a 520 anos de viol\u00eancia colonial e que s\u00e3o os n\u00e3o ind\u00edgenas que correm maior risco de extin\u00e7\u00e3o por conta da trag\u00e9dia bolsonariana. Esse pensamento dele n\u00e3o chega a ser um alento, mas \u00e9 um grito de alerta que deveria ser ouvido por todos que respeitam a vida.<\/p>\n\n\n\n<p>Voc\u00ea n\u00e3o est\u00e1 sozinho nesse sofrimento. O presidente da Funai fez o mesmo com a Soninha Guajajara, coordenadora da Articula\u00e7\u00e3o dos Povos Ind\u00edgenas do Brasil (Apib), e \u00e9 poss\u00edvel que outros parentes estejam sendo, secretamente, perseguidos. Por ordem do ministro da (in)Justi\u00e7a, a PF tamb\u00e9m foi usada para constranger o Felipe Neto, influenciador; o Guilherme Boulos, do Movimento dos Trabalhadores Sem Teto (MTST); o Ant\u00f4nio Nobre, cientista do Instituto Nacional de Pesquisas Espaciais (INPE); o M\u00e1rcio Astrini, do Observat\u00f3rio do Clima. Apesar de tudo, voc\u00ea e a Soninha est\u00e3o em boa companhia.<\/p>\n\n\n\n<p>Os covardes que te perseguem est\u00e3o no poder, mas nunca ser\u00e3o reconhecidos pela ONU, como voc\u00ea que, em 2013, ganhou o t\u00edtulo de \u201cHer\u00f3i da Floresta\u201d, pelo trabalho de conserva\u00e7\u00e3o da Terra Ind\u00edgena Sete de Setembro, t\u00edtulo tamb\u00e9m concedido ao Dalai Lama. Voc\u00ea pode olhar para os seus filhos com orgulho; eles n\u00e3o. Ent\u00e3o, resista, prossiga em grandiosa exist\u00eancia.<\/p>\n\n\n\n<p>Almir, acho que voc\u00ea sabe, esses caras passar\u00e3o. Deixar\u00e3o dolorosas sequelas, mas a vida e o Brasil s\u00e3o muito maiores do que eles e do que os outros dementes que os sustentam. Ainda veremos, juntos, um novo tempo, em que as nossas energias possam ser poupadas da precau\u00e7\u00e3o contra o \u00f3dio e mais voltadas para a reconstru\u00e7\u00e3o da natureza, do Brasil e do mundo.<\/p>\n\n\n\n<p>Falando nisso, no final do ano, a Confer\u00eancia das Na\u00e7\u00f5es Unidas sobre Mudan\u00e7a Clim\u00e1tica (COP-26), vai focar na regulamenta\u00e7\u00e3o do REDD, uma sigla ex\u00f3tica para aquela batalha que travamos juntos, buscando reconhecimento e apoio de todo mundo para a conserva\u00e7\u00e3o das florestas em p\u00e9. Espero que, afinal, cheguem a bons resultados.<\/p>\n\n\n\n<p>Foi uma ironia do destino vermos o Bolsonaro falando, como se fosse um anjo, nessa reuni\u00e3o de c\u00fapula, rec\u00e9m convocada pelo presidente dos Estados Unidos, Joe Biden (Partido Democrata), e pedindo dinheiro, usando os argumentos que n\u00f3s tanto ajudamos a construir, para ele poder continuar devastando a Amaz\u00f4nia. Enquanto ele dizia isso l\u00e1, a sua pol\u00edcia estava atr\u00e1s de voc\u00ea. Foi uma ironia para n\u00f3s e para ele, n\u00e3o \u00e9 mesmo?<\/p>\n\n\n\n<p>N\u00e3o h\u00e1 de ser nada, meu amigo. O mundo gira com a for\u00e7a da vida. Com a morte, ele p\u00e1ra. E n\u00e3o h\u00e1 vida melhor vivida do que aquela dedicada a todas as formas de vida!<\/p>\n\n\n\n<p>Saiba que eu estou muito longe de voc\u00ea na geografia, mas muito perto do teu cora\u00e7\u00e3o. Abra\u00e7\u00e3o!<\/p>\n","protected":false},"excerpt":{"rendered":"<p>Por M\u00e1rcio Santilli, no M\u00eddia Ninja<\/p>\n","protected":false},"author":1,"featured_media":0,"comment_status":"closed","ping_status":"open","sticky":false,"template":"","format":"standard","meta":{"_exactmetrics_skip_tracking":false,"_exactmetrics_sitenote_active":false,"_exactmetrics_sitenote_note":"","_exactmetrics_sitenote_category":0,"jetpack_post_was_ever_published":false,"_jetpack_newsletter_access":"","_jetpack_dont_email_post_to_subs":false,"_jetpack_newsletter_tier_id":0,"_jetpack_memberships_contains_paywalled_content":false,"_jetpack_memberships_contains_paid_content":false,"footnotes":"","jetpack_publicize_message":"","jetpack_publicize_feature_enabled":true,"jetpack_social_post_already_shared":true,"jetpack_social_options":{"image_generator_settings":{"template":"highway","enabled":false},"version":2}},"categories":[1],"tags":[511,408,521],"class_list":["post-31823","post","type-post","status-publish","format-standard","hentry","category-notas","tag-almir-surui","tag-funai","tag-intumidacao"],"jetpack_publicize_connections":[],"jetpack_sharing_enabled":true,"jetpack_featured_media_url":"","jetpack_shortlink":"https:\/\/wp.me\/p7wKYW-8hh","jetpack-related-posts":[],"_links":{"self":[{"href":"http:\/\/blogdalucianaoliveira.com.br\/blog\/wp-json\/wp\/v2\/posts\/31823","targetHints":{"allow":["GET"]}}],"collection":[{"href":"http:\/\/blogdalucianaoliveira.com.br\/blog\/wp-json\/wp\/v2\/posts"}],"about":[{"href":"http:\/\/blogdalucianaoliveira.com.br\/blog\/wp-json\/wp\/v2\/types\/post"}],"author":[{"embeddable":true,"href":"http:\/\/blogdalucianaoliveira.com.br\/blog\/wp-json\/wp\/v2\/users\/1"}],"replies":[{"embeddable":true,"href":"http:\/\/blogdalucianaoliveira.com.br\/blog\/wp-json\/wp\/v2\/comments?post=31823"}],"version-history":[{"count":1,"href":"http:\/\/blogdalucianaoliveira.com.br\/blog\/wp-json\/wp\/v2\/posts\/31823\/revisions"}],"predecessor-version":[{"id":31825,"href":"http:\/\/blogdalucianaoliveira.com.br\/blog\/wp-json\/wp\/v2\/posts\/31823\/revisions\/31825"}],"wp:attachment":[{"href":"http:\/\/blogdalucianaoliveira.com.br\/blog\/wp-json\/wp\/v2\/media?parent=31823"}],"wp:term":[{"taxonomy":"category","embeddable":true,"href":"http:\/\/blogdalucianaoliveira.com.br\/blog\/wp-json\/wp\/v2\/categories?post=31823"},{"taxonomy":"post_tag","embeddable":true,"href":"http:\/\/blogdalucianaoliveira.com.br\/blog\/wp-json\/wp\/v2\/tags?post=31823"}],"curies":[{"name":"wp","href":"https:\/\/api.w.org\/{rel}","templated":true}]}}