{"id":31826,"date":"2021-05-06T21:43:14","date_gmt":"2021-05-07T01:43:14","guid":{"rendered":"http:\/\/blogdalucianaoliveira.com.br\/blog\/?p=31826"},"modified":"2021-05-06T21:43:19","modified_gmt":"2021-05-07T01:43:19","slug":"chacina-do-jacarezinho-desafia-stf-e-traz-a-tona-as-perguntas-de-sempre","status":"publish","type":"post","link":"http:\/\/blogdalucianaoliveira.com.br\/blog\/2021\/05\/06\/chacina-do-jacarezinho-desafia-stf-e-traz-a-tona-as-perguntas-de-sempre\/","title":{"rendered":"Chacina do Jacarezinho desafia STF e traz \u00e0 tona as perguntas de sempre"},"content":{"rendered":"\n<figure class=\"wp-block-image size-large\"><img data-recalc-dims=\"1\" loading=\"lazy\" decoding=\"async\" width=\"600\" height=\"399\" data-attachment-id=\"31827\" data-permalink=\"http:\/\/blogdalucianaoliveira.com.br\/blog\/2021\/05\/06\/chacina-do-jacarezinho-desafia-stf-e-traz-a-tona-as-perguntas-de-sempre\/4e00cb1f-eb70-4652-9bbe-10668379e4ab\/\" data-orig-file=\"https:\/\/i0.wp.com\/blogdalucianaoliveira.com.br\/blog\/wp-content\/uploads\/2021\/05\/4E00CB1F-EB70-4652-9BBE-10668379E4AB.jpeg?fit=828%2C551\" data-orig-size=\"828,551\" data-comments-opened=\"0\" data-image-meta=\"{&quot;aperture&quot;:&quot;0&quot;,&quot;credit&quot;:&quot;&quot;,&quot;camera&quot;:&quot;&quot;,&quot;caption&quot;:&quot;&quot;,&quot;created_timestamp&quot;:&quot;0&quot;,&quot;copyright&quot;:&quot;&quot;,&quot;focal_length&quot;:&quot;0&quot;,&quot;iso&quot;:&quot;0&quot;,&quot;shutter_speed&quot;:&quot;0&quot;,&quot;title&quot;:&quot;&quot;,&quot;orientation&quot;:&quot;0&quot;}\" data-image-title=\"4E00CB1F-EB70-4652-9BBE-10668379E4AB\" data-image-description=\"\" data-image-caption=\"\" data-medium-file=\"https:\/\/i0.wp.com\/blogdalucianaoliveira.com.br\/blog\/wp-content\/uploads\/2021\/05\/4E00CB1F-EB70-4652-9BBE-10668379E4AB.jpeg?fit=300%2C200\" data-large-file=\"https:\/\/i0.wp.com\/blogdalucianaoliveira.com.br\/blog\/wp-content\/uploads\/2021\/05\/4E00CB1F-EB70-4652-9BBE-10668379E4AB.jpeg?fit=600%2C399\" src=\"https:\/\/i0.wp.com\/blogdalucianaoliveira.com.br\/blog\/wp-content\/uploads\/2021\/05\/4E00CB1F-EB70-4652-9BBE-10668379E4AB.jpeg?resize=600%2C399\" alt=\"\" class=\"wp-image-31827\" srcset=\"https:\/\/i0.wp.com\/blogdalucianaoliveira.com.br\/blog\/wp-content\/uploads\/2021\/05\/4E00CB1F-EB70-4652-9BBE-10668379E4AB.jpeg?w=828 828w, https:\/\/i0.wp.com\/blogdalucianaoliveira.com.br\/blog\/wp-content\/uploads\/2021\/05\/4E00CB1F-EB70-4652-9BBE-10668379E4AB.jpeg?resize=300%2C200 300w, https:\/\/i0.wp.com\/blogdalucianaoliveira.com.br\/blog\/wp-content\/uploads\/2021\/05\/4E00CB1F-EB70-4652-9BBE-10668379E4AB.jpeg?resize=768%2C511 768w, https:\/\/i0.wp.com\/blogdalucianaoliveira.com.br\/blog\/wp-content\/uploads\/2021\/05\/4E00CB1F-EB70-4652-9BBE-10668379E4AB.jpeg?resize=451%2C300 451w\" sizes=\"auto, (max-width: 600px) 100vw, 600px\" \/><\/figure>\n\n\n\n<p>Casos semelhantes deram em nada. A chacina do Fallet, que deixou 15 mortos em 2019, at\u00e9 hoje n\u00e3o teve desfecho. A investiga\u00e7\u00e3o sobre a morte do adolescente Jo\u00e3o Pedro, morto em opera\u00e7\u00e3o da Pol\u00edcia Civil com a PF em 2020, est\u00e1 parada.<\/p>\n\n\n\n<!--more-->\n\n\n\n<p>El Pa\u00eds <\/p>\n\n\n\n<p>A maior chacina da hist\u00f3ria do Rio de Janeiro foi cometida por um grupo de exterm\u00ednio\u00a0<a href=\"https:\/\/agenciabrasil.ebc.com.br\/radioagencia-nacional\/direitos-humanos\/audio\/2021-03\/16-anos-da-chacina-da-baixada-e-lembrada-em-filme-line\">em 2005<\/a>, na Baixada Fluminense. Foram 29 mortos.\u00a0<a rel=\"noreferrer noopener\" href=\"https:\/\/brasil.elpais.com\/brasil\/2021-05-06\/operacao-policial-mata-25-pessoas-no-jacarezinho-em-segunda-maior-chacina-da-historia-do-rio.html\" target=\"_blank\">A segunda maior, acontece nesta quinta-feira, pelas m\u00e3os da Pol\u00edcia Civil, no Jacarezinho<\/a>, na zona norte do Rio. At\u00e9 a publica\u00e7\u00e3o deste texto havia 25 mortos \u2015entre eles, um policial civil. No fundo, no fundo, o Governo do Estado \u00e9 respons\u00e1vel pelos dois massacres, uma vez que o grupo de exterm\u00ednio citado tinha\u00a0<a href=\"https:\/\/www.anf.org.br\/14-anos-da-maior-chacina-da-historia-da-baixada-fluminense\/\">quatro policiais militares<\/a>\u00a0em seus quadros.<\/p>\n\n\n\n<p>A opera\u00e7\u00e3o desastrosa foi comunicada ao Minist\u00e9rio P\u00fablico ap\u00f3s tr\u00eas horas de seu in\u00edcio. Em junho do ano passado o Supremo Tribunal Federal, estipulou, pela Argui\u00e7\u00e3o de Descumprimento de Preceito Fundamental (ADPF) 635, que durante a pandemia opera\u00e7\u00f5es policiais n\u00e3o urgentes em favelas sejam suspensas ou previamente comunicadas ao \u00f3rg\u00e3o. Dois passageiros do metr\u00f4 foram baleados dentro de um vag\u00e3o na altura da esta\u00e7\u00e3o Triagem e um morador foi atingido no p\u00e9, dentro de casa. Ou seja,&nbsp;<a href=\"https:\/\/brasil.elpais.com\/brasil\/2020-08-04\/proibir-operacoes-policiais-em-favelas-do-rio-de-janeiro-poupou-30-vidas-estima-estudo.html\" target=\"_blank\" rel=\"noreferrer noopener\">sendo o objetivo da decis\u00e3o do STF preservar a vida de moradores durante a maior crise sanit\u00e1ria da hist\u00f3ria<\/a>, houve viola\u00e7\u00e3o da medida.<\/p>\n\n\n\n<p>E n\u00e3o s\u00f3 sob esta perspectiva. A pol\u00edcia disse que 24 mortos s\u00e3o \u201csuspeitos\u201d, mas n\u00e3o deu detalhes sobre quem eram ou o que faziam quando foram mortos.\u00a0<a href=\"https:\/\/brasil.elpais.com\/brasil\/2021-05-06\/operacao-policial-mata-25-pessoas-no-jacarezinho-em-segunda-maior-chacina-da-historia-do-rio.html\">Moradores dizem<\/a>\u00a0que mesmo quem estava se rendendo, foi executado, que os n\u00fameros s\u00e3o maiores do que os oficialmente relatados e que h\u00e1 corpos pelo ch\u00e3o, invas\u00e3o de casas e celulares. Houve execu\u00e7\u00e3o at\u00e9 na frente de crian\u00e7as. Corpos est\u00e3o sendo removidos e inviabilizando per\u00edcias \u2015uma t\u00e1tica de\u00a0<a href=\"https:\/\/theintercept.com\/2019\/12\/03\/lei-miranda-legista-crimes-policia\/\">desfazimento de cena<\/a>\u00a0de crime e de culpa\u2015 muito corriqueira.<\/p>\n\n\n\n<p>Esse tipo de opera\u00e7\u00e3o, gen\u00e9rica, \u201ccontra o tr\u00e1fico\u201d, mostra que a a\u00e7\u00e3o das pol\u00edcias \u00e9 ineficaz tanto do ponto de vista da utopia de acabar com o crime quanto de n\u00e3o se preocupar sequer com os pr\u00f3prios quadros: um policial foi morto e outros dois feridos, hoje. Uma a\u00e7\u00e3o com base em intelig\u00eancia pouparia a vida dos moradores, dos usu\u00e1rios do metr\u00f4 e tamb\u00e9m dos policiais. Mas isso n\u00e3o \u00e9 uma preocupa\u00e7\u00e3o.<\/p>\n\n\n\n<p>O Gaesp, grupo do Minist\u00e9rio P\u00fablico respons\u00e1vel por investigar abusos e m\u00e1 conduta policial,\u00a0<a href=\"https:\/\/brasil.elpais.com\/brasil\/2021-04-16\/rio-extingue-orgao-que-apura-ma-conduta-de-pms-e-fragiliza-ainda-mais-controle-de-violencia-policial.html\">foi extinto no m\u00eas passado<\/a>, como noticiou o EL PA\u00cdS. Diante da press\u00e3o p\u00fablica, o \u00f3rg\u00e3o criou um grupo tempor\u00e1rio para lidar com viola\u00e7\u00f5es cometidas por policiais. O plano de trabalho da Coordena\u00e7\u00e3o do Grupo Tem\u00e1tico Tempor\u00e1rio foi apresentado nesta quarta-feira e frisava a \u201crecep\u00e7\u00e3o e acolhimento de not\u00edcias de viola\u00e7\u00f5es de direitos e abusos\u00a0por ocasi\u00e3o de opera\u00e7\u00f5es policiais no Estado do Rio de Janeiro, em atendimento \u00e0 determina\u00e7\u00e3o\u201d do STF.<\/p>\n\n\n\n<p>A depender das pol\u00edcias do Rio, a coordena\u00e7\u00e3o n\u00e3o poder\u00e1 ser tempor\u00e1ria. Nos \u00faltimos cinco anos houve 274 chacinas no Grande Rio. Elas deixaram mais de 1.000 mortos. Segundo dados do\u00a0<a href=\"https:\/\/fogocruzado.org.br\/\">Instituto Fogo Cruzado<\/a>, 75% das chacinas foram decorrentes de a\u00e7\u00f5es e opera\u00e7\u00f5es policiais e resultaram em 799 mortos.<\/p>\n\n\n\n<p>Casos semelhantes deram em nada.<a href=\"https:\/\/brasil.elpais.com\/brasil\/2019\/10\/03\/politica\/1570057066_395793.html\" target=\"_blank\" rel=\"noreferrer noopener\">&nbsp;A chacina do Fallet,<\/a>&nbsp;que deixou 15 mortos em 2019 em opera\u00e7\u00e3o da PM,&nbsp;<a href=\"https:\/\/noticias.uol.com.br\/cotidiano\/ultimas-noticias\/2020\/02\/07\/chacina-do-fallet-um-ano-apos-15-mortes-caso-caminha-para-impunidade.htm\">at\u00e9 hoje n\u00e3o teve desfecho<\/a>. E vale lembrar: a investiga\u00e7\u00e3o sobre a morte do adolescente Jo\u00e3o Pedro, morto aos 14 anos durante uma opera\u00e7\u00e3o tamb\u00e9m da Pol\u00edcia Civil, em parceria com a Pol\u00edcia Federal, no ano passado,&nbsp;<a href=\"https:\/\/extra.globo.com\/casos-de-policia\/prestes-completar-um-ano-investigacao-de-assassinato-de-joao-pedro-esta-parada-24977741.html\">est\u00e1 parada<\/a>. Esta morte fez com o&nbsp;<a href=\"http:\/\/www.mpf.mp.br\/pgr\/noticias-pgr\/mpf-solicita-informacoes-a-policia-federal-sobre-a-morte-do-adolescente-joao-pedro\">Minist\u00e9rio P\u00fablico Federal<\/a>&nbsp;exigisse o plano de opera\u00e7\u00e3o da a\u00e7\u00e3o \u2015e pedisse a suspens\u00e3o de opera\u00e7\u00f5es n\u00e3o urgentes durante a pandemia. Depois dela, veio a decis\u00e3o do STF.<\/p>\n\n\n\n<p>Durante coletiva de imprensa, questionados sobre a afirma\u00e7\u00e3o de que h\u00e1 \u201cativismo judicial\u201d impedindo o trabalho da pol\u00edcia, claramente uma alus\u00e3o ao STF, um dos policiais disse que \u201cseria leviano da nossa parte nomear a, b ou c. Mas s\u00e3o diversas organiza\u00e7\u00f5es que querem impedir o trabalho da pol\u00edcia. Temos um objetivo, e eles outro. S\u00e3o grupos ideol\u00f3gicos\u201d.<\/p>\n\n\n\n<p>Um dos maiores efeitos positivos da decis\u00e3o do STF, que n\u00e3o \u00e9 cumprida em sua amplitude, foi em rela\u00e7\u00e3o \u00e0s chacinas, um dado historicamente assustador no Rio de Janeiro. Durante os 10 meses de vig\u00eancia da medida, houve 30% menos chacinas. Porque ser\u00e1 que as chacinas diminu\u00edram marcadamente depois que a pol\u00edcia diminuiu suas opera\u00e7\u00f5es? Se a miss\u00e3o dos agentes \u00e9 proteger, como \u00e9 poss\u00edvel que esta prote\u00e7\u00e3o venha de sua n\u00e3o a\u00e7\u00e3o?<\/p>\n","protected":false},"excerpt":{"rendered":"<p>Casos semelhantes deram em nada. A chacina do Fallet, que deixou 15 mortos em 2019, at\u00e9 hoje n\u00e3o teve desfecho. A investiga\u00e7\u00e3o sobre a morte do adolescente Jo\u00e3o Pedro, morto em opera\u00e7\u00e3o da Pol\u00edcia Civil com a PF em 2020, est\u00e1 parada.<\/p>\n","protected":false},"author":1,"featured_media":0,"comment_status":"closed","ping_status":"open","sticky":false,"template":"","format":"standard","meta":{"_exactmetrics_skip_tracking":false,"_exactmetrics_sitenote_active":false,"_exactmetrics_sitenote_note":"","_exactmetrics_sitenote_category":0,"jetpack_post_was_ever_published":false,"_jetpack_newsletter_access":"","_jetpack_dont_email_post_to_subs":false,"_jetpack_newsletter_tier_id":0,"_jetpack_memberships_contains_paywalled_content":false,"_jetpack_memberships_contains_paid_content":false,"footnotes":"","jetpack_publicize_message":"","jetpack_publicize_feature_enabled":true,"jetpack_social_post_already_shared":true,"jetpack_social_options":{"image_generator_settings":{"template":"highway","enabled":false},"version":2}},"categories":[1],"tags":[],"class_list":["post-31826","post","type-post","status-publish","format-standard","hentry","category-notas"],"jetpack_publicize_connections":[],"jetpack_sharing_enabled":true,"jetpack_featured_media_url":"","jetpack_shortlink":"https:\/\/wp.me\/p7wKYW-8hk","jetpack-related-posts":[],"_links":{"self":[{"href":"http:\/\/blogdalucianaoliveira.com.br\/blog\/wp-json\/wp\/v2\/posts\/31826","targetHints":{"allow":["GET"]}}],"collection":[{"href":"http:\/\/blogdalucianaoliveira.com.br\/blog\/wp-json\/wp\/v2\/posts"}],"about":[{"href":"http:\/\/blogdalucianaoliveira.com.br\/blog\/wp-json\/wp\/v2\/types\/post"}],"author":[{"embeddable":true,"href":"http:\/\/blogdalucianaoliveira.com.br\/blog\/wp-json\/wp\/v2\/users\/1"}],"replies":[{"embeddable":true,"href":"http:\/\/blogdalucianaoliveira.com.br\/blog\/wp-json\/wp\/v2\/comments?post=31826"}],"version-history":[{"count":1,"href":"http:\/\/blogdalucianaoliveira.com.br\/blog\/wp-json\/wp\/v2\/posts\/31826\/revisions"}],"predecessor-version":[{"id":31828,"href":"http:\/\/blogdalucianaoliveira.com.br\/blog\/wp-json\/wp\/v2\/posts\/31826\/revisions\/31828"}],"wp:attachment":[{"href":"http:\/\/blogdalucianaoliveira.com.br\/blog\/wp-json\/wp\/v2\/media?parent=31826"}],"wp:term":[{"taxonomy":"category","embeddable":true,"href":"http:\/\/blogdalucianaoliveira.com.br\/blog\/wp-json\/wp\/v2\/categories?post=31826"},{"taxonomy":"post_tag","embeddable":true,"href":"http:\/\/blogdalucianaoliveira.com.br\/blog\/wp-json\/wp\/v2\/tags?post=31826"}],"curies":[{"name":"wp","href":"https:\/\/api.w.org\/{rel}","templated":true}]}}