{"id":31829,"date":"2021-05-06T21:46:44","date_gmt":"2021-05-07T01:46:44","guid":{"rendered":"http:\/\/blogdalucianaoliveira.com.br\/blog\/?p=31829"},"modified":"2021-05-06T21:46:49","modified_gmt":"2021-05-07T01:46:49","slug":"pf-pede-arquivamento-de-inquerito-que-investigaria-lider-indigena-de-ro-por-criticar-acoes-de-bolsonaro","status":"publish","type":"post","link":"http:\/\/blogdalucianaoliveira.com.br\/blog\/2021\/05\/06\/pf-pede-arquivamento-de-inquerito-que-investigaria-lider-indigena-de-ro-por-criticar-acoes-de-bolsonaro\/","title":{"rendered":"PF pede arquivamento de inqu\u00e9rito que investigaria l\u00edder ind\u00edgena de RO por criticar a\u00e7\u00f5es de Bolsonaro"},"content":{"rendered":"\n<figure class=\"wp-block-image size-large\"><img data-recalc-dims=\"1\" loading=\"lazy\" decoding=\"async\" width=\"551\" height=\"380\" data-attachment-id=\"31830\" data-permalink=\"http:\/\/blogdalucianaoliveira.com.br\/blog\/2021\/05\/06\/pf-pede-arquivamento-de-inquerito-que-investigaria-lider-indigena-de-ro-por-criticar-acoes-de-bolsonaro\/936fdccd-f948-408f-9050-5ef3ebc8af52\/\" data-orig-file=\"https:\/\/i0.wp.com\/blogdalucianaoliveira.com.br\/blog\/wp-content\/uploads\/2021\/05\/936FDCCD-F948-408F-9050-5EF3EBC8AF52.jpeg?fit=551%2C380\" data-orig-size=\"551,380\" data-comments-opened=\"0\" data-image-meta=\"{&quot;aperture&quot;:&quot;0&quot;,&quot;credit&quot;:&quot;&quot;,&quot;camera&quot;:&quot;&quot;,&quot;caption&quot;:&quot;&quot;,&quot;created_timestamp&quot;:&quot;0&quot;,&quot;copyright&quot;:&quot;&quot;,&quot;focal_length&quot;:&quot;0&quot;,&quot;iso&quot;:&quot;0&quot;,&quot;shutter_speed&quot;:&quot;0&quot;,&quot;title&quot;:&quot;&quot;,&quot;orientation&quot;:&quot;0&quot;}\" data-image-title=\"936FDCCD-F948-408F-9050-5EF3EBC8AF52\" data-image-description=\"\" data-image-caption=\"\" data-medium-file=\"https:\/\/i0.wp.com\/blogdalucianaoliveira.com.br\/blog\/wp-content\/uploads\/2021\/05\/936FDCCD-F948-408F-9050-5EF3EBC8AF52.jpeg?fit=300%2C207\" data-large-file=\"https:\/\/i0.wp.com\/blogdalucianaoliveira.com.br\/blog\/wp-content\/uploads\/2021\/05\/936FDCCD-F948-408F-9050-5EF3EBC8AF52.jpeg?fit=551%2C380\" src=\"https:\/\/i0.wp.com\/blogdalucianaoliveira.com.br\/blog\/wp-content\/uploads\/2021\/05\/936FDCCD-F948-408F-9050-5EF3EBC8AF52.jpeg?resize=551%2C380\" alt=\"\" class=\"wp-image-31830\" srcset=\"https:\/\/i0.wp.com\/blogdalucianaoliveira.com.br\/blog\/wp-content\/uploads\/2021\/05\/936FDCCD-F948-408F-9050-5EF3EBC8AF52.jpeg?w=551 551w, https:\/\/i0.wp.com\/blogdalucianaoliveira.com.br\/blog\/wp-content\/uploads\/2021\/05\/936FDCCD-F948-408F-9050-5EF3EBC8AF52.jpeg?resize=300%2C207 300w, https:\/\/i0.wp.com\/blogdalucianaoliveira.com.br\/blog\/wp-content\/uploads\/2021\/05\/936FDCCD-F948-408F-9050-5EF3EBC8AF52.jpeg?resize=435%2C300 435w\" sizes=\"auto, (max-width: 551px) 100vw, 551px\" \/><\/figure>\n\n\n\n<p>G1 &#8211; A Pol\u00edcia Federal pediu o arquivamento na quarta-feira (5) do inqu\u00e9rito que investigaria o l\u00edder ind\u00edgena de Rond\u00f4nia, Almir Suru\u00ed, por suspeita de criticar o governo Jair Bolsonaro (sem partido). A informa\u00e7\u00e3o foi confirmada ao\u00a0<strong>G1<\/strong>\u00a0pela Pol\u00edcia Federal e pelo pr\u00f3prio Almir nesta quinta-feira (6).<\/p>\n\n\n\n<!--more-->\n\n\n\n<blockquote class=\"wp-block-quote is-layout-flow wp-block-quote-is-layout-flow\"><p>&#8220;Segundo meu advogado o delegado sugeriu o arquivamento. Possivelmente vai ser arquivado&#8221;, disse Almir.&nbsp;<\/p><\/blockquote>\n\n\n\n<p>O inqu\u00e9rito foi relatado pela PF com pedido de arquivamento, mas quem decide se acata a sugest\u00e3o \u00e9 o juiz ap\u00f3s manifesta\u00e7\u00e3o do Minist\u00e9rio P\u00fablico.<\/p>\n\n\n\n<p>A investiga\u00e7\u00e3o foi aberta a pedido da Funda\u00e7\u00e3o Nacional do \u00cdndio (Funai) por suposta not\u00edcia crime de difama\u00e7\u00e3o praticada contra a Funai, por integrantes da associa\u00e7\u00e3o Metareil\u00e1 do povo ind\u00edgena Suru\u00ed, representada por Almir.&nbsp;<\/p>\n\n\n\n<p>Ele chegou a ser&nbsp;<a href=\"https:\/\/g1.globo.com\/ro\/rondonia\/noticia\/2021\/05\/01\/pf-intima-lider-indigena-de-ro-por-criticar-acoes-do-governo-esse-inquerito-e-ameaca.ghtml\">intimado pela Pol\u00edcia Federal para prestar depoimento na semana passada<\/a>. Na ocasi\u00e3o ele afirmou que apenas vem falando que o governo atual n\u00e3o tem atendido de forma respeitosa a quest\u00e3o ind\u00edgena.<\/p>\n\n\n\n<p>&#8220;Isso n\u00e3o \u00e9 difama\u00e7\u00e3o, esse inqu\u00e9rito \u00e9 uma amea\u00e7a do governo, mas sei que vamos enfrentar&#8221;, disse Almir na \u00faltima semana.&nbsp;<\/p>\n\n\n\n<h2 class=\"wp-block-heading\">Sonia Guajajara<\/h2>\n\n\n\n<p>A Justi\u00e7a Federal do Distrito Federal determinou na quarta-feira (5) \u00e0 Pol\u00edcia Federal o\u00a0<a href=\"https:\/\/g1.globo.com\/politica\/noticia\/2021\/05\/05\/justica-federal-manda-pf-arquivar-inquerito-que-investiga-lider-indigena.ghtml\">arquivamento do inqu\u00e9rito que investiga a l\u00edder ind\u00edgena Sonia Guajajara<\/a>.<\/p>\n\n\n\n<p>Ela tamb\u00e9m foi intimada pela PF a prestar depoimento no inqu\u00e9rito aberto em mar\u00e7o para investigar as cr\u00edticas ao governo federal no document\u00e1rio &#8220;Marac\u00e1&#8221;, da Articula\u00e7\u00e3o dos Povos Ind\u00edgenas do Brasil (Apib), da qual Sonia Guajajara \u00e9 coordenadora.<\/p>\n\n\n\n<p>Segundo a decis\u00e3o do juiz federal Frederico Botelho de Barros Viana, da 10\u00aa Vara Federal de Bras\u00edlia, as den\u00fancias da Funda\u00e7\u00e3o Nacional do \u00cdndio (Funai) &#8220;n\u00e3o trazem quaisquer ind\u00edcios, m\u00ednimos que fossem, de exist\u00eancia de abuso de exerc\u00edcio de direito ou de cometimento de qualquer esp\u00e9cie de crime, seja contra terceiros, seja contra a Uni\u00e3o&#8221;.<\/p>\n\n\n\n<p><\/p>\n","protected":false},"excerpt":{"rendered":"<p>G1 &#8211; A Pol\u00edcia Federal pediu o arquivamento na quarta-feira (5) do inqu\u00e9rito que investigaria o l\u00edder ind\u00edgena de Rond\u00f4nia, Almir Suru\u00ed, por suspeita de criticar o governo Jair Bolsonaro (sem partido). A informa\u00e7\u00e3o foi confirmada ao\u00a0G1\u00a0pela Pol\u00edcia Federal e pelo pr\u00f3prio Almir nesta quinta-feira (6).<\/p>\n","protected":false},"author":1,"featured_media":0,"comment_status":"closed","ping_status":"open","sticky":false,"template":"","format":"standard","meta":{"_exactmetrics_skip_tracking":false,"_exactmetrics_sitenote_active":false,"_exactmetrics_sitenote_note":"","_exactmetrics_sitenote_category":0,"jetpack_post_was_ever_published":false,"_jetpack_newsletter_access":"","_jetpack_dont_email_post_to_subs":false,"_jetpack_newsletter_tier_id":0,"_jetpack_memberships_contains_paywalled_content":false,"_jetpack_memberships_contains_paid_content":false,"footnotes":"","jetpack_publicize_message":"","jetpack_publicize_feature_enabled":true,"jetpack_social_post_already_shared":true,"jetpack_social_options":{"image_generator_settings":{"template":"highway","enabled":false},"version":2}},"categories":[1],"tags":[],"class_list":["post-31829","post","type-post","status-publish","format-standard","hentry","category-notas"],"jetpack_publicize_connections":[],"jetpack_sharing_enabled":true,"jetpack_featured_media_url":"","jetpack_shortlink":"https:\/\/wp.me\/p7wKYW-8hn","jetpack-related-posts":[],"_links":{"self":[{"href":"http:\/\/blogdalucianaoliveira.com.br\/blog\/wp-json\/wp\/v2\/posts\/31829","targetHints":{"allow":["GET"]}}],"collection":[{"href":"http:\/\/blogdalucianaoliveira.com.br\/blog\/wp-json\/wp\/v2\/posts"}],"about":[{"href":"http:\/\/blogdalucianaoliveira.com.br\/blog\/wp-json\/wp\/v2\/types\/post"}],"author":[{"embeddable":true,"href":"http:\/\/blogdalucianaoliveira.com.br\/blog\/wp-json\/wp\/v2\/users\/1"}],"replies":[{"embeddable":true,"href":"http:\/\/blogdalucianaoliveira.com.br\/blog\/wp-json\/wp\/v2\/comments?post=31829"}],"version-history":[{"count":1,"href":"http:\/\/blogdalucianaoliveira.com.br\/blog\/wp-json\/wp\/v2\/posts\/31829\/revisions"}],"predecessor-version":[{"id":31831,"href":"http:\/\/blogdalucianaoliveira.com.br\/blog\/wp-json\/wp\/v2\/posts\/31829\/revisions\/31831"}],"wp:attachment":[{"href":"http:\/\/blogdalucianaoliveira.com.br\/blog\/wp-json\/wp\/v2\/media?parent=31829"}],"wp:term":[{"taxonomy":"category","embeddable":true,"href":"http:\/\/blogdalucianaoliveira.com.br\/blog\/wp-json\/wp\/v2\/categories?post=31829"},{"taxonomy":"post_tag","embeddable":true,"href":"http:\/\/blogdalucianaoliveira.com.br\/blog\/wp-json\/wp\/v2\/tags?post=31829"}],"curies":[{"name":"wp","href":"https:\/\/api.w.org\/{rel}","templated":true}]}}