{"id":31832,"date":"2021-05-07T17:56:26","date_gmt":"2021-05-07T21:56:26","guid":{"rendered":"http:\/\/blogdalucianaoliveira.com.br\/blog\/?p=31832"},"modified":"2021-05-07T17:56:30","modified_gmt":"2021-05-07T21:56:30","slug":"maioria-dos-mortos-na-chacina-do-jacarezinho-nao-era-suspeita-em-investigacao-que-motivou-a-acao-policial","status":"publish","type":"post","link":"http:\/\/blogdalucianaoliveira.com.br\/blog\/2021\/05\/07\/maioria-dos-mortos-na-chacina-do-jacarezinho-nao-era-suspeita-em-investigacao-que-motivou-a-acao-policial\/","title":{"rendered":"Maioria dos mortos na chacina do Jacarezinho n\u00e3o era suspeita em investiga\u00e7\u00e3o que motivou a a\u00e7\u00e3o policial"},"content":{"rendered":"\n<figure class=\"wp-block-image size-large\"><img data-recalc-dims=\"1\" loading=\"lazy\" decoding=\"async\" width=\"394\" height=\"295\" data-attachment-id=\"31833\" data-permalink=\"http:\/\/blogdalucianaoliveira.com.br\/blog\/2021\/05\/07\/maioria-dos-mortos-na-chacina-do-jacarezinho-nao-era-suspeita-em-investigacao-que-motivou-a-acao-policial\/d07227e2-51b3-45ba-8170-3909af1690f7\/\" data-orig-file=\"https:\/\/i0.wp.com\/blogdalucianaoliveira.com.br\/blog\/wp-content\/uploads\/2021\/05\/D07227E2-51B3-45BA-8170-3909AF1690F7.jpeg?fit=394%2C295\" data-orig-size=\"394,295\" data-comments-opened=\"0\" data-image-meta=\"{&quot;aperture&quot;:&quot;0&quot;,&quot;credit&quot;:&quot;&quot;,&quot;camera&quot;:&quot;&quot;,&quot;caption&quot;:&quot;&quot;,&quot;created_timestamp&quot;:&quot;0&quot;,&quot;copyright&quot;:&quot;&quot;,&quot;focal_length&quot;:&quot;0&quot;,&quot;iso&quot;:&quot;0&quot;,&quot;shutter_speed&quot;:&quot;0&quot;,&quot;title&quot;:&quot;&quot;,&quot;orientation&quot;:&quot;0&quot;}\" data-image-title=\"D07227E2-51B3-45BA-8170-3909AF1690F7\" data-image-description=\"\" data-image-caption=\"\" data-medium-file=\"https:\/\/i0.wp.com\/blogdalucianaoliveira.com.br\/blog\/wp-content\/uploads\/2021\/05\/D07227E2-51B3-45BA-8170-3909AF1690F7.jpeg?fit=300%2C225\" data-large-file=\"https:\/\/i0.wp.com\/blogdalucianaoliveira.com.br\/blog\/wp-content\/uploads\/2021\/05\/D07227E2-51B3-45BA-8170-3909AF1690F7.jpeg?fit=394%2C295\" src=\"https:\/\/i0.wp.com\/blogdalucianaoliveira.com.br\/blog\/wp-content\/uploads\/2021\/05\/D07227E2-51B3-45BA-8170-3909AF1690F7.jpeg?resize=394%2C295\" alt=\"\" class=\"wp-image-31833\" srcset=\"https:\/\/i0.wp.com\/blogdalucianaoliveira.com.br\/blog\/wp-content\/uploads\/2021\/05\/D07227E2-51B3-45BA-8170-3909AF1690F7.jpeg?w=394 394w, https:\/\/i0.wp.com\/blogdalucianaoliveira.com.br\/blog\/wp-content\/uploads\/2021\/05\/D07227E2-51B3-45BA-8170-3909AF1690F7.jpeg?resize=300%2C225 300w\" sizes=\"auto, (max-width: 394px) 100vw, 394px\" \/><\/figure>\n\n\n\n<p>Dos 21 investigados e com mandado de pris\u00e3o, tr\u00eas foram detidos e outros tr\u00eas foram mortos. A\u00e7\u00e3o terminou com 25 v\u00edtimas, ao menos 13 delas sem rela\u00e7\u00e3o com a apura\u00e7\u00e3o que levou os agentes \u00e0 favela.<\/p>\n\n\n\n<!--more-->\n\n\n\n<p>CEC\u00cdLIA OLLIVEIRA\/<a href=\"https:\/\/brasil.elpais.com\/autor\/felipe-betim\/\">FELIPE BETIM<\/a>|El Pa\u00eds<\/p>\n\n\n\n<p>Considerada um \u201ctrabalho de intelig\u00eancia\u201d pelo governador Cl\u00e1udio Castro (PSC) e pela Pol\u00edcia Civil,\u00a0<a rel=\"noreferrer noopener\" href=\"https:\/\/brasil.elpais.com\/brasil\/2021-05-06\/operacao-policial-mata-25-pessoas-no-jacarezinho-em-segunda-maior-chacina-da-historia-do-rio.html\" target=\"_blank\">a opera\u00e7\u00e3o na favela do Jacarezinho, na Zona Norte do Rio de Janeiro<\/a>, n\u00e3o conseguiu chegar na maioria das 21 pessoas investigadas por suspeita de aliciar menores para o tr\u00e1fico de drogas, motivo que levou \u00e0 entrada policial no local. Dessa lista, somente tr\u00eas foram detidas e outras tr\u00eas foram mortas. As outras 15 pessoas n\u00e3o constam entre os mortos j\u00e1 identificados e podem ter fugido. A a\u00e7\u00e3o policial terminou com 25 v\u00edtimas\u00a0<a rel=\"noreferrer noopener\" href=\"https:\/\/brasil.elpais.com\/brasil\/2021-05-06\/chacina-do-jacarezinho-desafia-decisao-do-stf-e-deixa-perguntas-conhecidas.html\" target=\"_blank\">e se tornou a mais letal da hist\u00f3ria do Rio e a segunda maior chacina<\/a>\u00a0j\u00e1 registrada no Estado. Ao menos 13 dos mortos n\u00e3o tinham qualquer rela\u00e7\u00e3o com a investiga\u00e7\u00e3o, mas o n\u00famero que pode ser ainda maior porque oito corpos ainda n\u00e3o foram identificados, de acordo com informa\u00e7\u00f5es da Ordem dos Advogados do Brasil (OAB). Entre as v\u00edtimas estava o policial civil Andr\u00e9 Farias.<\/p>\n\n\n\n<p>O massacre ocorrido nesta quinta-feira correu o mundo e chamou a aten\u00e7\u00e3o de inst\u00e2ncias internacionais. Nesta sexta, a Organiza\u00e7\u00e3o das Na\u00e7\u00f5es Unidas (ONU)\u00a0<a rel=\"noreferrer noopener\" href=\"https:\/\/www.cnnbrasil.com.br\/nacional\/2021\/05\/07\/onu-pede-investigacao-independente-sobre-acao-policial-na-favela-do-jacarezinho\" target=\"_blank\">pediu uma investiga\u00e7\u00e3o independente ao Minist\u00e9rio P\u00fablico sobre a opera\u00e7\u00e3o<\/a>. O porta-voz dos Direitos Humanos da ONU, Rubert Colville, afirmou em entrevista coletiva em Genebra que existe um hist\u00f3rico de uso \u201cdesproporcional e desnecess\u00e1rio\u201d da for\u00e7a pela pol\u00edcia e chamou aten\u00e7\u00e3o para o fato de que os locais das mortes n\u00e3o foram preservados, dificultando os trabalhos de per\u00edcia. Em algumas imagens divulgadas pela imprensa, \u00e9 poss\u00edvel ver policiais civis carregando corpos. Moradores tamb\u00e9m relataram ao EL PA\u00cdS que os mortos foram carregados, logo ap\u00f3s o crime, para ve\u00edculos blindados da pol\u00edcia. Por sua vez, o ministro Edson Fachin, do Supremo Tribunal Federal (STF), afirmou que os fatos \u201cparecem graves\u201d\u00a0e que \u201ch\u00e1 ind\u00edcios de atos que, em tese, poderiam configurar execu\u00e7\u00e3o arbitr\u00e1ria\u201d. A declara\u00e7\u00e3o consta nos of\u00edcios enviados para a Procuradoria Geral da Rep\u00fablica (PGR) e para a Procuradoria Geral de Justi\u00e7a do Rio de Janeiro (PGJ).<\/p>\n\n\n\n<p>A OAB divulgou nesta sexta-feira uma lista com 16 nomes das pessoas mortas.&nbsp;<a href=\"https:\/\/brasil.elpais.com\/brasil\/2021-05-07\/chacina-do-jacarezinho-cano-estourado-porta-com-40-buracos-de-tiro-poca-de-sangue-no-chao-e-desolador-ver-isso-no-seu-espaco.html\" target=\"_blank\" rel=\"noreferrer noopener\">S\u00e3o todos homens, e o mais jovem tinha 18 anos<\/a>. S\u00e3o eles: Carlos Ivan Avelino da Costa Junior, 32 anos; Cleiton da Silva de Freitas Lima, 27 anos; Francisco Fabio Dias Ara\u00fajo Chaves, 25 anos; Jhonatan Ara\u00fajo da Silva, 18 anos; John Jefferson Mendes Rufino da Silva, 30 anos; Jonas do Carmo, 31 anos; Isaac Pinheiro de Oliveira, 22 anos; M\u00e1rcio Manoel da Silva, 41 anos; Marlon Santana de Ara\u00fajo, 23 anos; Maur\u00edcio Ferreira da Silva, 27 anos; Natan Oliveira de Almeida, 21 anos; Rai Barreto de Araujo, 19 anos; Richard Gabriel da Silva Ferreira, 23 anos; R\u00f4mulo Oliveira Lucio, 20 anos; Toni da Concei\u00e7\u00e3o, 30 anos; Wagner Luis de Magalh\u00e3es Fagundes, 38 anos.<\/p>\n\n\n\n<p>Por\u00e9m, a Pol\u00edcia Civil n\u00e3o esclareceu ainda se algum deles possu\u00eda, de fato, antecedentes criminais. O EL PA\u00cdS teve acesso \u00e0s investiga\u00e7\u00f5es do Minist\u00e9rio P\u00fablico que apuram o aliciamento de menores no Jacarezinho. Dos 21 nomes investigados, somente Richard, Romulo e Isaac est\u00e3o entre os mortos na a\u00e7\u00e3o desta quinta \u2014e deveriam, em respeito ao Estado Democr\u00e1tico de Direito, responder por eventuais delitos na Justi\u00e7a.<\/p>\n\n\n\n<p>Mesmo sem esclarecimentos, o delegado Felipe Curi tratou de considerar os mortos como criminosos durante a coletiva de imprensa da Pol\u00edcia Civil na quinta-feira. \u201cN\u00e3o tem nenhum suspeito aqui. A gente tem criminoso, homicida e traficante. O que causa muita dor na gente \u00e9 a morte do nosso colega\u201d, afirmou. O vice-presidente Hamilton Mour\u00e3o seguiu pela mesma linha ao se referir \u00e0s v\u00edtimas da chacina: \u201cTudo bandido\u201d, afirmou na manh\u00e3 desta sexta-feira, ao chegar no Pal\u00e1cio do Planalto, tamb\u00e9m sem ter qualquer prova disso. Durante uma entrevista de r\u00e1dio, tamb\u00e9m comparou a situa\u00e7\u00e3o do Rio a uma guerra. \u201cIsso \u00e9 a mesma coisa que se a gente tivesse combatendo no pa\u00eds inimigo. Quase a mesma coisa. A partir da\u00ed houve esse combate de encontro e tenho quase que absoluta certeza, n\u00e3o tenho todos os dados disso, que os mortos eram os marginais que estavam l\u00e1, armados, enfrentando a for\u00e7a da ordem\u201d.<\/p>\n\n\n\n<p>A Pol\u00edcia Civil afirma que seis pessoas foram detidas na quinta-feira durante a opera\u00e7\u00e3o, e que tr\u00eas delas estavam na lista de investigados e tinham mandado de pris\u00e3o. As outras tr\u00eas foram detidas em flagrante. O EL PA\u00cdS entrou em contato nesta sexta-feira com a corpora\u00e7\u00e3o questionando seus nomes, mas n\u00e3o obteve uma resposta at\u00e9 o fechamento desta edi\u00e7\u00e3o. A opera\u00e7\u00e3o foi&nbsp;<a href=\"https:\/\/brasil.elpais.com\/brasil\/2021-05-06\/operacao-policial-mata-25-pessoas-no-jacarezinho-em-segunda-maior-chacina-da-historia-do-rio.html\" target=\"_blank\" rel=\"noreferrer noopener\">realizada em desafio a uma determina\u00e7\u00e3o do Supremo Tribunal Federal (STF)<\/a>&nbsp;que pro\u00edbe este tipo de a\u00e7\u00e3o durante a pandemia, salvo alvo em \u201chip\u00f3teses absolutamente excepcionais\u201d e desde que devidamente justificadas ao Minist\u00e9rio P\u00fablico do Rio. O MP foi avisado da opera\u00e7\u00e3o \u00e0s 9h, tr\u00eas horas depois de seu in\u00edcio.<\/p>\n\n\n\n<p>Se de uma lista de 21 investigados tr\u00eas foram mortos e tr\u00eas foram detidos, o que aconteceu com as outros 15? Quem s\u00e3o eles? O EL PA\u00cdS tamb\u00e9m questionou a Pol\u00edcia Civil, mas n\u00e3o obteve resposta. At\u00e9 o momento, a corpora\u00e7\u00e3o&nbsp;<a href=\"https:\/\/brasil.elpais.com\/opiniao\/2020-08-30\/a-farsa-sobre-a-policia-nao-poder-entrar-nas-favelas.html?rel=mas\" target=\"_blank\" rel=\"noreferrer noopener\">vem se apoiando na narrativa de que existe um \u201cativismo judicial\u201d<\/a>, em refer\u00eancia \u00e0 decis\u00e3o do Supremo de limitar opera\u00e7\u00f5es policiais durante a pandemia.<\/p>\n\n\n\n<p>Os agentes presentes em uma entrevista coletiva na quinta-feira, ap\u00f3s o crime, evitaram se referir diretamente ao Supremo \u2014ainda que&nbsp;<a href=\"https:\/\/brasil.elpais.com\/brasil\/2020-08-14\/as-favelas-vao-a-justica-contra-a-violencia-do-estado-do-rio.html?rel=listapoyo\" target=\"_blank\" rel=\"noreferrer noopener\">estivesse impl\u00edcito que tratavam do tribunal<\/a>. \u201cA gente n\u00e3o tem como nominar A, B, C ou D. S\u00e3o diversas organiza\u00e7\u00f5es que buscam nesse discurso impedir o trabalho da pol\u00edcia. Quem pensa assim est\u00e1 mal intencionado ou mal informado\u201d, afirmou o delegado Rodrigo Oliveira. E prosseguiu: \u201cImpedir que a pol\u00edcia cumpra o seu papel n\u00e3o \u00e9 estar do lado de bem da sociedade. O ativismo perpassa uma s\u00e9rie de entidades e grupos ideol\u00f3gicos que jogam contra o que a Pol\u00edcia Civil pensa. E a pol\u00edcia est\u00e1 do lado da sociedade\u201d, prosseguiu. \u201c\u00c9 preciso acabar com discurso de pobre coitado e de vitimiza\u00e7\u00e3o desse criminoso\u201d.<\/p>\n","protected":false},"excerpt":{"rendered":"<p>Dos 21 investigados e com mandado de pris\u00e3o, tr\u00eas foram detidos e outros tr\u00eas foram mortos. A\u00e7\u00e3o terminou com 25 v\u00edtimas, ao menos 13 delas sem rela\u00e7\u00e3o com a apura\u00e7\u00e3o que levou os agentes \u00e0 favela.<\/p>\n","protected":false},"author":1,"featured_media":0,"comment_status":"closed","ping_status":"open","sticky":false,"template":"","format":"standard","meta":{"_exactmetrics_skip_tracking":false,"_exactmetrics_sitenote_active":false,"_exactmetrics_sitenote_note":"","_exactmetrics_sitenote_category":0,"jetpack_post_was_ever_published":false,"_jetpack_newsletter_access":"","_jetpack_dont_email_post_to_subs":false,"_jetpack_newsletter_tier_id":0,"_jetpack_memberships_contains_paywalled_content":false,"_jetpack_memberships_contains_paid_content":false,"footnotes":"","jetpack_publicize_message":"","jetpack_publicize_feature_enabled":true,"jetpack_social_post_already_shared":true,"jetpack_social_options":{"image_generator_settings":{"template":"highway","enabled":false},"version":2}},"categories":[1],"tags":[],"class_list":["post-31832","post","type-post","status-publish","format-standard","hentry","category-notas"],"jetpack_publicize_connections":[],"jetpack_sharing_enabled":true,"jetpack_featured_media_url":"","jetpack_shortlink":"https:\/\/wp.me\/p7wKYW-8hq","jetpack-related-posts":[],"_links":{"self":[{"href":"http:\/\/blogdalucianaoliveira.com.br\/blog\/wp-json\/wp\/v2\/posts\/31832","targetHints":{"allow":["GET"]}}],"collection":[{"href":"http:\/\/blogdalucianaoliveira.com.br\/blog\/wp-json\/wp\/v2\/posts"}],"about":[{"href":"http:\/\/blogdalucianaoliveira.com.br\/blog\/wp-json\/wp\/v2\/types\/post"}],"author":[{"embeddable":true,"href":"http:\/\/blogdalucianaoliveira.com.br\/blog\/wp-json\/wp\/v2\/users\/1"}],"replies":[{"embeddable":true,"href":"http:\/\/blogdalucianaoliveira.com.br\/blog\/wp-json\/wp\/v2\/comments?post=31832"}],"version-history":[{"count":1,"href":"http:\/\/blogdalucianaoliveira.com.br\/blog\/wp-json\/wp\/v2\/posts\/31832\/revisions"}],"predecessor-version":[{"id":31834,"href":"http:\/\/blogdalucianaoliveira.com.br\/blog\/wp-json\/wp\/v2\/posts\/31832\/revisions\/31834"}],"wp:attachment":[{"href":"http:\/\/blogdalucianaoliveira.com.br\/blog\/wp-json\/wp\/v2\/media?parent=31832"}],"wp:term":[{"taxonomy":"category","embeddable":true,"href":"http:\/\/blogdalucianaoliveira.com.br\/blog\/wp-json\/wp\/v2\/categories?post=31832"},{"taxonomy":"post_tag","embeddable":true,"href":"http:\/\/blogdalucianaoliveira.com.br\/blog\/wp-json\/wp\/v2\/tags?post=31832"}],"curies":[{"name":"wp","href":"https:\/\/api.w.org\/{rel}","templated":true}]}}