{"id":31835,"date":"2021-05-10T07:58:14","date_gmt":"2021-05-10T11:58:14","guid":{"rendered":"http:\/\/blogdalucianaoliveira.com.br\/blog\/?p=31835"},"modified":"2021-05-10T07:58:17","modified_gmt":"2021-05-10T11:58:17","slug":"deputado-federal-de-ro-e-suspeito-de-superfaturar-compra-de-trator-segundo-jornal","status":"publish","type":"post","link":"http:\/\/blogdalucianaoliveira.com.br\/blog\/2021\/05\/10\/deputado-federal-de-ro-e-suspeito-de-superfaturar-compra-de-trator-segundo-jornal\/","title":{"rendered":"Deputado federal de RO \u00e9 suspeito de superfaturar compra de trator, segundo jornal"},"content":{"rendered":"\n<figure class=\"wp-block-image size-large\"><img data-recalc-dims=\"1\" loading=\"lazy\" decoding=\"async\" width=\"600\" height=\"408\" data-attachment-id=\"31836\" data-permalink=\"http:\/\/blogdalucianaoliveira.com.br\/blog\/2021\/05\/10\/deputado-federal-de-ro-e-suspeito-de-superfaturar-compra-de-trator-segundo-jornal\/22ad79c8-ddd7-41c7-a411-dea6a39e6409\/\" data-orig-file=\"https:\/\/i0.wp.com\/blogdalucianaoliveira.com.br\/blog\/wp-content\/uploads\/2021\/05\/22AD79C8-DDD7-41C7-A411-DEA6A39E6409.jpeg?fit=1024%2C696\" data-orig-size=\"1024,696\" data-comments-opened=\"0\" data-image-meta=\"{&quot;aperture&quot;:&quot;0&quot;,&quot;credit&quot;:&quot;&quot;,&quot;camera&quot;:&quot;&quot;,&quot;caption&quot;:&quot;&quot;,&quot;created_timestamp&quot;:&quot;0&quot;,&quot;copyright&quot;:&quot;&quot;,&quot;focal_length&quot;:&quot;0&quot;,&quot;iso&quot;:&quot;0&quot;,&quot;shutter_speed&quot;:&quot;0&quot;,&quot;title&quot;:&quot;&quot;,&quot;orientation&quot;:&quot;0&quot;}\" data-image-title=\"22AD79C8-DDD7-41C7-A411-DEA6A39E6409\" data-image-description=\"\" data-image-caption=\"\" data-medium-file=\"https:\/\/i0.wp.com\/blogdalucianaoliveira.com.br\/blog\/wp-content\/uploads\/2021\/05\/22AD79C8-DDD7-41C7-A411-DEA6A39E6409.jpeg?fit=300%2C204\" data-large-file=\"https:\/\/i0.wp.com\/blogdalucianaoliveira.com.br\/blog\/wp-content\/uploads\/2021\/05\/22AD79C8-DDD7-41C7-A411-DEA6A39E6409.jpeg?fit=600%2C408\" src=\"https:\/\/i0.wp.com\/blogdalucianaoliveira.com.br\/blog\/wp-content\/uploads\/2021\/05\/22AD79C8-DDD7-41C7-A411-DEA6A39E6409.jpeg?resize=600%2C408\" alt=\"\" class=\"wp-image-31836\" srcset=\"https:\/\/i0.wp.com\/blogdalucianaoliveira.com.br\/blog\/wp-content\/uploads\/2021\/05\/22AD79C8-DDD7-41C7-A411-DEA6A39E6409.jpeg?w=1024 1024w, https:\/\/i0.wp.com\/blogdalucianaoliveira.com.br\/blog\/wp-content\/uploads\/2021\/05\/22AD79C8-DDD7-41C7-A411-DEA6A39E6409.jpeg?resize=300%2C204 300w, https:\/\/i0.wp.com\/blogdalucianaoliveira.com.br\/blog\/wp-content\/uploads\/2021\/05\/22AD79C8-DDD7-41C7-A411-DEA6A39E6409.jpeg?resize=768%2C522 768w, https:\/\/i0.wp.com\/blogdalucianaoliveira.com.br\/blog\/wp-content\/uploads\/2021\/05\/22AD79C8-DDD7-41C7-A411-DEA6A39E6409.jpeg?resize=441%2C300 441w\" sizes=\"auto, (max-width: 600px) 100vw, 600px\" \/><\/figure>\n\n\n\n<p><strong>Rondoniaj\u00e1<\/strong> &#8211; O deputado federal L\u00facio Mosquini (MDB-RO) foi citado pelo jornal\u00a0<a rel=\"noreferrer noopener\" href=\"https:\/\/www.cartacapital.com.br\/politica\/bolsonaro-cria-orcamento-secreto-bilionario-para-comprar-apoio-no-congresso\/\" target=\"_blank\">O Estado de S\u00e3o Paulo<\/a>\u00a0como suspeito de ser um dos benefici\u00e1rios de suposto superfaturamento na compra de maquin\u00e1rio agr\u00edcola, atrav\u00e9s de emendas parlamentares, no mais recente esc\u00e2ndalo do governo Bolsonaro.<\/p>\n\n\n\n<!--more-->\n\n\n\n<p>Segundo a reportagem publicada no \u00faltimo final de semana, o governo federal teria pago, a pedido do deputado, R$ 359 mil em um trator que, pelas regras normais, seria liberado no m\u00e1ximo R$ 100 mil dos cofres p\u00fablicos. O valor pago \u00e9 mais do que o triplo do valor refer\u00eancia para a compra. Ainda de acordo com a reportagem, no total, o deputado teria direcionado R$ 8 milh\u00f5es em emendas.<\/p>\n\n\n\n<h2 class=\"wp-block-heading\">O esquema<\/h2>\n\n\n\n<p>De acordo com a reportagem,&nbsp;<a href=\"https:\/\/rondoniaja.com\/?s=jair+bolsonaro\" target=\"_blank\" rel=\"noreferrer noopener\">Jair Bolsonaro<\/a>&nbsp;(sem partido) teria criado um esquema bilion\u00e1rio para conseguir apoio da base aliada do Congresso, o Centr\u00e3o. Segundo o jornal O Estado de S. Paulo, o presidente teria reservado um or\u00e7amento secreto de R$ 3 bilh\u00f5es em emendas parlamentares para garantir as elei\u00e7\u00f5es para presidentes da C\u00e2mara e do Senado, no ano passado.<\/p>\n\n\n\n<p>Daquele montante em emendas, cerca de R$ 271 milh\u00f5es foram destinados \u00e0 compra de tratores, retroescavadeiras e equipamentos agr\u00edcolas por pre\u00e7os superfaturados em at\u00e9 259% acima dos valores de refer\u00eancia fixados pelo governo.<\/p>\n\n\n\n<p>O jornal apurou que, no geral, de 115 tratores ao pre\u00e7o de R$ 15 milh\u00f5es, apenas 12 seriam comprados dentro dos valores de refer\u00eancia do governo.<\/p>\n\n\n\n<p>Segundo a reportagem, o or\u00e7amento paralelo aparece em um conjunto de 101 of\u00edcios enviados nos tr\u00eas \u00faltimos meses por 285 deputados e senadores da base aliada ao Minist\u00e9rio do Desenvolvimento Regional e \u00f3rg\u00e3os vinculados indicando como os parlamentares preferiam usar os recursos.<\/p>\n\n\n\n<p>Os documentos que o jornal O Estado de S\u00e3o Paulo teve acesso mostram um esquema \u00e0s margens das leis or\u00e7ament\u00e1rias, pois s\u00e3o os Minist\u00e9rios do governo federal que devem definir onde e quando aplicar os recursos. O esquema paralelo dificulta o controle do Tribunal de Contas da Uni\u00e3o (TCU) e da sociedade, pois os acordos para direcionar o dinheiro n\u00e3o s\u00e3o p\u00fablicos, e a distribui\u00e7\u00e3o dos valores n\u00e3o \u00e9 igual entre os congressistas, atendendo a crit\u00e9rios eleitorais. S\u00f3 ganha quem apoia o governo.<\/p>\n\n\n\n<figure class=\"wp-block-image\"><img data-recalc-dims=\"1\" decoding=\"async\" src=\"https:\/\/i0.wp.com\/rondoniaja.com.br\/wp-content\/uploads\/2021\/05\/Presidente-Jair-Bolsonaro.jpeg?w=600&#038;ssl=1\" alt=\"\" class=\"wp-image-807\"\/><\/figure>\n\n\n\n<p>Presidente Jair Bolsonaro \u2013 Foto: Divulga\u00e7\u00e3o<\/p>\n\n\n\n<h2 class=\"wp-block-heading\">Outros parlamentares envolvidos<\/h2>\n\n\n\n<p>O jornal afirmou que o senador Davi Alcolumbre (DEM-AP), por exemplo, pediu que Rog\u00e9rio Marinho, ministro do Desenvolvimento Regional aplicasse R$ 277 milh\u00f5es de verbas p\u00fablicas em emendas. Ele precisaria de 34 anos no Senado para conseguir indicar esse valor por meio de emenda parlamentar individual, que garante a cada congressista direcionar livremente R$ 8 milh\u00f5es ao ano.<\/p>\n\n\n\n<p>Ex-presidente do Senado, Alcolumbre teria, segundo a reportagem, destinado R$ 81 milh\u00f5es \u00e0 Companhia de Desenvolvimento dos Vales do S\u00e3o Francisco e do Parna\u00edba (Codevasf), a estatal controlada por ele, ao lado de outros pol\u00edticos.<\/p>\n\n\n\n<p>A planilha secreta do governo, obtida pelo jornal O Estado de S. Paulo, revela que Alcolumbre tamb\u00e9m destinou R$ 10 milh\u00f5es para obras e compras fora do seu estado. Dois tratores v\u00e3o para cidades no Paran\u00e1, a 2,6 mil quil\u00f4metros do Amap\u00e1. Sem questionar, o governo concordou em comprar as m\u00e1quinas por R$ 500 mil, quando pelo pre\u00e7o de refer\u00eancia seriam compradas por R$ 200 mil.<\/p>\n\n\n\n<p>Os deputados do Solidariedade Ottaci Nascimento (RR) e Bosco Saraiva (AM) teriam, de acordo com o jornal, direcionado R$ 4 milh\u00f5es para Padre Bernardo (GO), cidade distante mais de dois mil quil\u00f4metros de seus redutos eleitorais, para m\u00e1quinas agr\u00edcolas. Se a tabela do governo fosse considerada, a compra sairia por R$ 2,8 milh\u00f5es.<\/p>\n\n\n\n<p>Em todos os casos citados acima, o maquin\u00e1rio agr\u00edcola \u00e9 destinado a prefeituras para auxiliar nas obras em estradas nas \u00e1reas rurais e vias urbanas e tamb\u00e9m nos projetos de cooperativas da agricultura familiar. Normalmente, os pol\u00edticos costumam promover festas de entrega dos equipamentos, o que lhes garante encontros e fotos com potenciais eleitores em ano pr\u00e9-eleitoral.<\/p>\n\n\n\n<p>Ao serem entrevistados pelo jornal, deputados e senadores negaram o direcionamento dos recursos ou se recusaram a prestar informa\u00e7\u00f5es. D acordo com O Estado de S\u00e3o Paulo, quando confrontados com of\u00edcios assinados por eles e a planilha do governo, os parlamentares acabaram por admitir seus atos.<\/p>\n\n\n\n<p>Segundo o jornal, a origem deste esquema est\u00e1 no discurso de Bolsonaro de n\u00e3o distribuir cargos, sob o argumento de n\u00e3o lotear o primeiro escal\u00e3o do governo. Para obter o apoio da base aliada, a moeda de troca aconteceu atrav\u00e9s da transfer\u00eancia do controle de bilh\u00f5es de reais do or\u00e7amento ao Congresso. Tudo bem distante da vis\u00e3o dos eleitores e no per\u00edodo em que h\u00e1 falta de insumos para combater a pandemia de coronav\u00edrus.<\/p>\n\n\n\n<p>Nossa equipe entrou em contato com a dire\u00e7\u00e3o do MDB de Rond\u00f4nia e espera a resposta para publicar.<\/p>\n","protected":false},"excerpt":{"rendered":"<p>Rondoniaj\u00e1 &#8211; O deputado federal L\u00facio Mosquini (MDB-RO) foi citado pelo jornal\u00a0O Estado de S\u00e3o Paulo\u00a0como suspeito de ser um dos benefici\u00e1rios de suposto superfaturamento na compra de maquin\u00e1rio agr\u00edcola, atrav\u00e9s de emendas parlamentares, no mais recente esc\u00e2ndalo do governo Bolsonaro.<\/p>\n","protected":false},"author":1,"featured_media":0,"comment_status":"closed","ping_status":"open","sticky":false,"template":"","format":"standard","meta":{"_exactmetrics_skip_tracking":false,"_exactmetrics_sitenote_active":false,"_exactmetrics_sitenote_note":"","_exactmetrics_sitenote_category":0,"jetpack_post_was_ever_published":false,"_jetpack_newsletter_access":"","_jetpack_dont_email_post_to_subs":false,"_jetpack_newsletter_tier_id":0,"_jetpack_memberships_contains_paywalled_content":false,"_jetpack_memberships_contains_paid_content":false,"footnotes":"","jetpack_publicize_message":"","jetpack_publicize_feature_enabled":true,"jetpack_social_post_already_shared":true,"jetpack_social_options":{"image_generator_settings":{"template":"highway","enabled":false},"version":2}},"categories":[1],"tags":[523,522],"class_list":["post-31835","post","type-post","status-publish","format-standard","hentry","category-notas","tag-bolsolao","tag-lucio-mosquini"],"jetpack_publicize_connections":[],"jetpack_sharing_enabled":true,"jetpack_featured_media_url":"","jetpack_shortlink":"https:\/\/wp.me\/p7wKYW-8ht","jetpack-related-posts":[],"_links":{"self":[{"href":"http:\/\/blogdalucianaoliveira.com.br\/blog\/wp-json\/wp\/v2\/posts\/31835","targetHints":{"allow":["GET"]}}],"collection":[{"href":"http:\/\/blogdalucianaoliveira.com.br\/blog\/wp-json\/wp\/v2\/posts"}],"about":[{"href":"http:\/\/blogdalucianaoliveira.com.br\/blog\/wp-json\/wp\/v2\/types\/post"}],"author":[{"embeddable":true,"href":"http:\/\/blogdalucianaoliveira.com.br\/blog\/wp-json\/wp\/v2\/users\/1"}],"replies":[{"embeddable":true,"href":"http:\/\/blogdalucianaoliveira.com.br\/blog\/wp-json\/wp\/v2\/comments?post=31835"}],"version-history":[{"count":1,"href":"http:\/\/blogdalucianaoliveira.com.br\/blog\/wp-json\/wp\/v2\/posts\/31835\/revisions"}],"predecessor-version":[{"id":31837,"href":"http:\/\/blogdalucianaoliveira.com.br\/blog\/wp-json\/wp\/v2\/posts\/31835\/revisions\/31837"}],"wp:attachment":[{"href":"http:\/\/blogdalucianaoliveira.com.br\/blog\/wp-json\/wp\/v2\/media?parent=31835"}],"wp:term":[{"taxonomy":"category","embeddable":true,"href":"http:\/\/blogdalucianaoliveira.com.br\/blog\/wp-json\/wp\/v2\/categories?post=31835"},{"taxonomy":"post_tag","embeddable":true,"href":"http:\/\/blogdalucianaoliveira.com.br\/blog\/wp-json\/wp\/v2\/tags?post=31835"}],"curies":[{"name":"wp","href":"https:\/\/api.w.org\/{rel}","templated":true}]}}