{"id":31838,"date":"2021-05-10T08:15:38","date_gmt":"2021-05-10T12:15:38","guid":{"rendered":"http:\/\/blogdalucianaoliveira.com.br\/blog\/?p=31838"},"modified":"2021-05-10T08:15:40","modified_gmt":"2021-05-10T12:15:40","slug":"tratoraco-conheca-os-mandachuvas-da-codevasf-estatal-do-centrao","status":"publish","type":"post","link":"http:\/\/blogdalucianaoliveira.com.br\/blog\/2021\/05\/10\/tratoraco-conheca-os-mandachuvas-da-codevasf-estatal-do-centrao\/","title":{"rendered":"\u2018Tratora\u00e7o\u2019: conhe\u00e7a os mandachuvas da Codevasf, estatal do Centr\u00e3o"},"content":{"rendered":"\n<figure class=\"wp-block-image size-large\"><img data-recalc-dims=\"1\" loading=\"lazy\" decoding=\"async\" width=\"320\" height=\"249\" data-attachment-id=\"31839\" data-permalink=\"http:\/\/blogdalucianaoliveira.com.br\/blog\/2021\/05\/10\/tratoraco-conheca-os-mandachuvas-da-codevasf-estatal-do-centrao\/51a279dc-8321-4d9b-9bef-c2dde146c4ce\/\" data-orig-file=\"https:\/\/i0.wp.com\/blogdalucianaoliveira.com.br\/blog\/wp-content\/uploads\/2021\/05\/51A279DC-8321-4D9B-9BEF-C2DDE146C4CE.jpeg?fit=320%2C249\" data-orig-size=\"320,249\" data-comments-opened=\"0\" data-image-meta=\"{&quot;aperture&quot;:&quot;0&quot;,&quot;credit&quot;:&quot;&quot;,&quot;camera&quot;:&quot;&quot;,&quot;caption&quot;:&quot;&quot;,&quot;created_timestamp&quot;:&quot;0&quot;,&quot;copyright&quot;:&quot;&quot;,&quot;focal_length&quot;:&quot;0&quot;,&quot;iso&quot;:&quot;0&quot;,&quot;shutter_speed&quot;:&quot;0&quot;,&quot;title&quot;:&quot;&quot;,&quot;orientation&quot;:&quot;0&quot;}\" data-image-title=\"51A279DC-8321-4D9B-9BEF-C2DDE146C4CE\" data-image-description=\"\" data-image-caption=\"\" data-medium-file=\"https:\/\/i0.wp.com\/blogdalucianaoliveira.com.br\/blog\/wp-content\/uploads\/2021\/05\/51A279DC-8321-4D9B-9BEF-C2DDE146C4CE.jpeg?fit=300%2C233\" data-large-file=\"https:\/\/i0.wp.com\/blogdalucianaoliveira.com.br\/blog\/wp-content\/uploads\/2021\/05\/51A279DC-8321-4D9B-9BEF-C2DDE146C4CE.jpeg?fit=320%2C249\" src=\"https:\/\/i0.wp.com\/blogdalucianaoliveira.com.br\/blog\/wp-content\/uploads\/2021\/05\/51A279DC-8321-4D9B-9BEF-C2DDE146C4CE.jpeg?resize=320%2C249\" alt=\"\" class=\"wp-image-31839\" srcset=\"https:\/\/i0.wp.com\/blogdalucianaoliveira.com.br\/blog\/wp-content\/uploads\/2021\/05\/51A279DC-8321-4D9B-9BEF-C2DDE146C4CE.jpeg?w=320 320w, https:\/\/i0.wp.com\/blogdalucianaoliveira.com.br\/blog\/wp-content\/uploads\/2021\/05\/51A279DC-8321-4D9B-9BEF-C2DDE146C4CE.jpeg?resize=300%2C233 300w\" sizes=\"auto, (max-width: 320px) 100vw, 320px\" \/><\/figure>\n\n\n\n<h4 class=\"wp-block-heading\">Nove parlamentares se destacam no comando de superintend\u00eancias e diretorias da empresa turbinada no governo Bolsonaro<\/h4>\n\n\n\n<!--more-->\n\n\n\n<p>Breno Pires, O Estado de S.Paulo<\/p>\n\n\n\n<p>BRAS\u00cdLIA &#8211; Sob a guarda do presidente&nbsp;<a href=\"https:\/\/tudo-sobre.estadao.com.br\/Jair%20Bolsonaro\" target=\"_blank\" rel=\"noreferrer noopener\"><strong>Jair Bolsonaro<\/strong><\/a>,&nbsp;<a href=\"https:\/\/politica.estadao.com.br\/noticias\/geral,com-bolsonaro-codevasf-incha-e-vira-estatal-do-centrao,70003709814\" target=\"_blank\" rel=\"noreferrer noopener\"><strong>nove parlamentares det\u00eam \u201cfeudos\u201d<\/strong><\/a>&nbsp;na&nbsp;<a href=\"https:\/\/tudo-sobre.estadao.com.br\/codevasf-companhia-de-desenvolvimento-dos-vales-do-sao-francisco-e-do-parnaiba\" target=\"_blank\" rel=\"noreferrer noopener\"><strong>Companhia de Desenvolvimento dos Vales do S\u00e3o Francisco e Parna\u00edba (Codevasf)<\/strong><\/a>. Aliados do Pal\u00e1cio do Planalto, esses deputados e senadores s\u00e3o padrinhos dos nomes respons\u00e1veis por executar o or\u00e7amento da estatal, elevado a R$ 2,73 bilh\u00f5es neste ano, com as emendas no&nbsp;<a href=\"https:\/\/tudo-sobre.estadao.com.br\/Congresso%20nacional\" target=\"_blank\" rel=\"noreferrer noopener\"><strong>Congresso<\/strong><\/a>.&nbsp;<\/p>\n\n\n\n<p>O clube dos mandachuvas tem inger\u00eancia sobre os superintendentes regionais e diretores da Codevasf, que decidem a realiza\u00e7\u00e3o de obras e a doa\u00e7\u00e3o de m\u00e1quinas para redutos eleitorais. A influ\u00eancia pol\u00edtica, demonstrada a cada entrega feita pela estatal, alimenta os planos eleitorais dos parlamentares, e tamb\u00e9m de seus apadrinhados, muitos deles envolvidos em den\u00fancias de corrup\u00e7\u00e3o.<\/p>\n\n\n\n<p>Os congressistas tiveram o aval do Minist\u00e9rio do Desenvolvimento Regional e da Secretaria de Governo da Presid\u00eancia para indicar um total de R$ 459 milh\u00f5es em repasses \u00e0 Codevasf em dezembro do ano passado. A soma faz parte do pacote de R$ 3 bilh\u00f5es que o governo distribuiu para atender deputados e senadores. A negocia\u00e7\u00e3o do Planalto ocorreu sob a promessa de apoio para eleger&nbsp;<a href=\"https:\/\/tudo-sobre.estadao.com.br\/Arthur%20Lira\" target=\"_blank\" rel=\"noreferrer noopener\"><strong>Arthur Lira<\/strong><\/a>&nbsp;(Progressistas-AL) \u00e0 presid\u00eancia da C\u00e2mara e&nbsp;<a href=\"https:\/\/tudo-sobre.estadao.com.br\/Rodrigo%20Pacheco\" target=\"_blank\" rel=\"noreferrer noopener\"><strong>Rodrigo Pacheco<\/strong><\/a>(DEM-MG) ao comando do Senado,&nbsp;<a href=\"https:\/\/politica.estadao.com.br\/noticias\/geral,bolsonaro-libera-r-504-milhoes-para-parlamentares-as-vesperas-da-eleicao-no-congresso,70003601610\" target=\"_blank\" rel=\"noreferrer noopener\"><strong>em fevereiro deste ano, como revelou o&nbsp;Estad\u00e3o<\/strong><\/a>.&nbsp;&nbsp;<\/p>\n\n\n\n<p>No topo da lista dos deputados que mais indicaram compras e obras por meio da Codevasf, em 2020, est\u00e3o aliados influentes do Planalto \u2013 o l\u00edder do governo no Senado,&nbsp;<a href=\"https:\/\/tudo-sobre.estadao.com.br\/Fernando%20Bezerra%20Coelho\" target=\"_blank\" rel=\"noreferrer noopener\"><strong>Fernando Bezerra Coelho<\/strong><\/a>, do MDB de Pernambuco (R$ 125 milh\u00f5es); o deputado Arthur Lira (R$ 70 milh\u00f5es) e o senador&nbsp;<a href=\"https:\/\/tudo-sobre.estadao.com.br\/Ciro%20Nogueira\" target=\"_blank\" rel=\"noreferrer noopener\"><strong>Ciro Nogueira<\/strong><\/a>&nbsp;(PI), presidente do Progressistas (R$ 50 milh\u00f5es).&nbsp;<\/p>\n\n\n\n<p>Na Bahia, \u00fanico Estado com duas superintend\u00eancias regionais da estatal, o deputado\u00a0<a rel=\"noreferrer noopener\" href=\"https:\/\/tudo-sobre.estadao.com.br\/Arthur%20Maia\" target=\"_blank\"><strong>Arthur Maia<\/strong><\/a>\u00a0(DEM), ex-prefeito de\u00a0<strong>Bom Jesus da Lapa<\/strong>, ainda possui influ\u00eancia. Ele mant\u00e9m\u00a0<strong>Harley Xavier Nascimento<\/strong>\u00a0como titular da 2\u00aa Superintend\u00eancia Regional. O deputado\u00a0<a rel=\"noreferrer noopener\" href=\"https:\/\/tudo-sobre.estadao.com.br\/Elmar%20Nascimento\" target=\"_blank\"><strong>Elmar Nascimento<\/strong><\/a>\u00a0(DEM-BA), por sua vez, foi quem indicou o diretor-presidente da Codevasf, Marcelo Moreira, empossado em agosto de 2019. Em 31 de mar\u00e7o passado, emplacou tamb\u00e9m Jos\u00e9 Anselmo Moreira Bispo como titular da 6\u00aa Superintend\u00eancia Regional, sediada em\u00a0<strong>Juazeiro<\/strong>(BA). Antes, o cargo era ocupado por\u00a0<strong>Elmo Nascimento<\/strong>, irm\u00e3o do deputado.<\/p>\n\n\n\n<p>Do outro lado do Rio S\u00e3o Francisco, a 3\u00aa Superintend\u00eancia, em Petrolina (PE), tem no comando um ex-assessor parlamentar do senador Fernando Bezerra Coelho. O superintendente,\u00a0<strong>Aurivalter Cordeiro<\/strong>, e o prefeito de Petrolina,\u00a0<strong>Miguel Coelho<\/strong>\u00a0(MDB), filho do l\u00edder do governo no Senado, assinaram em janeiro dois conv\u00eanios no valor de R$ 46 milh\u00f5es para pavimenta\u00e7\u00e3o na cidade.<\/p>\n\n\n\n<p>Cordeiro \u00e9 alvo de um pedido de afastamento do cargo, apresentado pelo Minist\u00e9rio P\u00fablico Federal de Pernambuco, em uma a\u00e7\u00e3o que apontou irregularidades em conv\u00eanio da Codevasf com o munic\u00edpio de Cabrob\u00f3 (PE). Na \u00e9poca dos fatos, ele n\u00e3o estava na estatal, mas, como representante empresarial, teria atuado no direcionamento de uma licita\u00e7\u00e3o, por meio da combina\u00e7\u00e3o de pre\u00e7os entre empresas. Segundo o Minist\u00e9rio P\u00fablico Federal, Cordeiro obstruiu a investiga\u00e7\u00e3o ap\u00f3s assumir a 3\u00aa Superintend\u00eancia, deixando de atender \u00e0 requisi\u00e7\u00e3o de informa\u00e7\u00f5es. A Justi\u00e7a Federal em Pernambuco ainda n\u00e3o julgou o caso.&nbsp;<\/p>\n\n\n\n<p>Mais pr\u00f3xima \u00e0 foz do S\u00e3o Francisco, a 5\u00aa Superintend\u00eancia Regional, em Penedo (AL), era chefiada at\u00e9 o ano passado por um apadrinhado de Arthur Lira. Agora, quem d\u00e1 as cartas \u00e9 um primo do presidente da C\u00e2mara. Ex-prefeito de Teot\u00f4nio Vilela (AL), Jo\u00e3ozinho Pereira assumiu a superintend\u00eancia no in\u00edcio de abril.&nbsp;<\/p>\n\n\n\n<p>No dia 9, Pereira j\u00e1 entregou caminh\u00f5es pipas e retroescavadeiras em Arapiraca, ao lado de Lira. \u201c\u00c9 preciso exaltar a import\u00e2ncia do deputado federal e presidente da C\u00e2mara, Arthur Lira, que n\u00e3o abre m\u00e3o de desenvolver projetos que ajudem o alagoano de baixa renda a ter uma melhor qualidade de vida\u201d, disse Pereira, diante do primo. Lira indicou ainda um dos diretores da Codevasf, Napole\u00e3o Casado, da \u00c1rea de Gest\u00e3o dos Empreendimentos de Irriga\u00e7\u00e3o.&nbsp;<\/p>\n\n\n\n<p>Quem tamb\u00e9m tem apadrinhados tanto na sede do \u00f3rg\u00e3o quanto no domic\u00edlio eleitoral \u00e9 o senador Ciro Nogueira (Progressistas-PI). Presidente do Progressistas, Nogueira indicou o titular da 7\u00aa Superintend\u00eancia Regional, em Teresina, Inaldo Pereira Guerra Neto, e o diretor da \u00c1rea de Revitaliza\u00e7\u00e3o de Bacias Hidrogr\u00e1ficas, Davidson Tolentino.<\/p>\n\n\n\n<h3 class=\"wp-block-heading\">Acordos<\/h3>\n\n\n\n<p>Quatro s\u00e9culos depois da instala\u00e7\u00e3o das capitanias heredit\u00e1rias, entregues pelo rei Dom Jo\u00e3o III a nobres portugueses, o modelo administrativo da Codevasf tem chefes ligados a l\u00edderes parlamentares que d\u00e3o sustenta\u00e7\u00e3o a Bolsonaro. A continuidade nos cargos, no entanto, depende agora da manuten\u00e7\u00e3o dos acordos pol\u00edticos.&nbsp;<\/p>\n\n\n\n<p>O deputado&nbsp;<a href=\"https:\/\/tudo-sobre.estadao.com.br\/Hildo%20Rocha\" target=\"_blank\" rel=\"noreferrer noopener\"><strong>Hildo Rocha<\/strong><\/a>&nbsp;(MDB-MA), \u00fanico integrante do clube que se colocou contra a elei\u00e7\u00e3o de Lira \u00e0 presid\u00eancia da C\u00e2mara, amargou a demiss\u00e3o de seu indicado, Jones Braga, da 8\u00aa Superintend\u00eancia Regional, em S\u00e3o Lu\u00eds. Rocha apoiou&nbsp;<a href=\"https:\/\/tudo-sobre.estadao.com.br\/Baleia%20Rossi\" target=\"_blank\" rel=\"noreferrer noopener\"><strong>Baleia Rossi<\/strong><\/a>&nbsp;(MDB-SP), que perdeu a disputa.&nbsp;<\/p>\n\n\n\n<p>A retalia\u00e7\u00e3o n\u00e3o tardou. Celso Dias, afilhado pol\u00edtico do l\u00edder do PSC na C\u00e2mara,&nbsp;<a href=\"https:\/\/tudo-sobre.estadao.com.br\/Alu%C3%ADsio%20Mendes\" target=\"_blank\" rel=\"noreferrer noopener\"><strong>Alu\u00edsio Mendes<\/strong><\/a>&nbsp;(MA), entrou no lugar do apadrinhado de Rocha. O&nbsp;<strong>Estad\u00e3o&nbsp;<\/strong>apurou que a troca contou com o apoio de Lira.&nbsp;<\/p>\n\n\n\n<p>A exemplo de Alu\u00edsio Mendes, outros parlamentares entraram no clube da Codevasf. O senador Carlos Viana (PSD-MG), vice-l\u00edder do governo no Senado, apadrinhou o superintendente da 1\u00aa regional, em Montes Claros, Marco Ant\u00f4nio Gra\u00e7a C\u00e2mara, conhecido como Marc\u00e3o. No \u201cplanilh\u00e3o\u201d de\u00a0R$ 3\u00a0bilh\u00f5es, Viana indicou\u00a0R$ 32\u00a0milh\u00f5es para a superintend\u00eancia.L\u00edder do governo no Congresso, o senador\u00a0<a rel=\"noreferrer noopener\" href=\"https:\/\/tudo-sobre.estadao.com.br\/Eduardo%20Gomes\" target=\"_blank\"><strong>Eduardo Gomes<\/strong><\/a>\u00a0(MDB-TO) destinou R$ 85 milh\u00f5es para a\u00e7\u00f5es da Codevasf em seu Estado, onde a empresa ainda est\u00e1 se estabelecendo. Valor semelhante, R$ 81 milh\u00f5es, foi transferido pelo Minist\u00e9rio do Desenvolvimento Regional para a nova representa\u00e7\u00e3o da Codevasf no Amap\u00e1. Tanto Palmas como Macap\u00e1 se tornar\u00e3o, em breve, sede de Superintend\u00eancias Regionais. Os futuros chefes ainda n\u00e3o s\u00e3o conhecidos, mas quem vai indicar, sim.<\/p>\n\n\n\n<h3 class=\"wp-block-heading\">&#8216;Mandachuvas&#8217;<\/h3>\n\n\n\n<p>Os parlamentares e seus indicados para ocupar as superintend\u00eancias da Codevasf.&nbsp;<\/p>\n\n\n\n<p><strong>Montes Claros (MG)&nbsp;<\/strong><\/p>\n\n\n\n<p>Carlos Viana (PSD), senador&nbsp;<\/p>\n\n\n\n<p>Indicado: Marco Ant\u00f4nio Gra\u00e7a C\u00e2mara&nbsp;&nbsp;<\/p>\n\n\n\n<p><strong>Bom Jesus da Lapa (BA)<\/strong><\/p>\n\n\n\n<p>Arthur Oliveira Maia (DEM), deputado&nbsp;<\/p>\n\n\n\n<p>Indicado: Harley Xavier Nascimento&nbsp;<\/p>\n\n\n\n<p><strong>Petrolina (PE)<\/strong><\/p>\n\n\n\n<p>Fernando Bezerra Coelho (MDB), senador&nbsp;<\/p>\n\n\n\n<p>Indicado: Aurivalter Cordeiro&nbsp;<\/p>\n\n\n\n<p><strong>Penedo (AL)<\/strong><\/p>\n\n\n\n<p>Arthur Lira (Progressistas), deputado&nbsp;<\/p>\n\n\n\n<p>Indicado: Jo\u00e3ozinho Pereira&nbsp;<\/p>\n\n\n\n<p><strong>Juazeiro (BA)<\/strong><\/p>\n\n\n\n<p>Elmar Nascimento (DEM), deputado&nbsp;<\/p>\n\n\n\n<p>Indicado: Jos\u00e9 Anselmo Moreira Bispo&nbsp;<\/p>\n\n\n\n<p><strong>Teresina (PI)<\/strong><\/p>\n\n\n\n<p>Ciro Nogueira (Progressistas), senador&nbsp;<\/p>\n\n\n\n<p>Indicado: Inaldo Pereira Guerra Neto&nbsp;<\/p>\n\n\n\n<p><strong>S\u00e3o Lu\u00eds (MA)<\/strong><\/p>\n\n\n\n<p>Alu\u00edsio Mendes (PSC), deputado&nbsp;<\/p>\n\n\n\n<p>Indicado: Celso Dias&nbsp;<\/p>\n\n\n\n<p><strong>Palmas (TO)*<\/strong><\/p>\n\n\n\n<p>Eduardo Gomes (MDB), senador&nbsp;<\/p>\n\n\n\n<p><strong>Macap\u00e1 (AP)*<\/strong><\/p>\n\n\n\n<p>Davi Alcolumbre (DEM), senador&nbsp;<\/p>\n\n\n\n<p><em>*SUPERINTEND\u00caNCIAS A SEREM CRIADAS<\/em><\/p>\n","protected":false},"excerpt":{"rendered":"<p>Nove parlamentares se destacam no comando de superintend\u00eancias e diretorias da empresa turbinada no governo Bolsonaro<\/p>\n","protected":false},"author":1,"featured_media":0,"comment_status":"closed","ping_status":"open","sticky":false,"template":"","format":"standard","meta":{"_exactmetrics_skip_tracking":false,"_exactmetrics_sitenote_active":false,"_exactmetrics_sitenote_note":"","_exactmetrics_sitenote_category":0,"jetpack_post_was_ever_published":false,"_jetpack_newsletter_access":"","_jetpack_dont_email_post_to_subs":false,"_jetpack_newsletter_tier_id":0,"_jetpack_memberships_contains_paywalled_content":false,"_jetpack_memberships_contains_paid_content":false,"footnotes":"","jetpack_publicize_message":"","jetpack_publicize_feature_enabled":true,"jetpack_social_post_already_shared":true,"jetpack_social_options":{"image_generator_settings":{"template":"highway","enabled":false},"version":2}},"categories":[1],"tags":[],"class_list":["post-31838","post","type-post","status-publish","format-standard","hentry","category-notas"],"jetpack_publicize_connections":[],"jetpack_sharing_enabled":true,"jetpack_featured_media_url":"","jetpack_shortlink":"https:\/\/wp.me\/p7wKYW-8hw","jetpack-related-posts":[],"_links":{"self":[{"href":"http:\/\/blogdalucianaoliveira.com.br\/blog\/wp-json\/wp\/v2\/posts\/31838","targetHints":{"allow":["GET"]}}],"collection":[{"href":"http:\/\/blogdalucianaoliveira.com.br\/blog\/wp-json\/wp\/v2\/posts"}],"about":[{"href":"http:\/\/blogdalucianaoliveira.com.br\/blog\/wp-json\/wp\/v2\/types\/post"}],"author":[{"embeddable":true,"href":"http:\/\/blogdalucianaoliveira.com.br\/blog\/wp-json\/wp\/v2\/users\/1"}],"replies":[{"embeddable":true,"href":"http:\/\/blogdalucianaoliveira.com.br\/blog\/wp-json\/wp\/v2\/comments?post=31838"}],"version-history":[{"count":1,"href":"http:\/\/blogdalucianaoliveira.com.br\/blog\/wp-json\/wp\/v2\/posts\/31838\/revisions"}],"predecessor-version":[{"id":31840,"href":"http:\/\/blogdalucianaoliveira.com.br\/blog\/wp-json\/wp\/v2\/posts\/31838\/revisions\/31840"}],"wp:attachment":[{"href":"http:\/\/blogdalucianaoliveira.com.br\/blog\/wp-json\/wp\/v2\/media?parent=31838"}],"wp:term":[{"taxonomy":"category","embeddable":true,"href":"http:\/\/blogdalucianaoliveira.com.br\/blog\/wp-json\/wp\/v2\/categories?post=31838"},{"taxonomy":"post_tag","embeddable":true,"href":"http:\/\/blogdalucianaoliveira.com.br\/blog\/wp-json\/wp\/v2\/tags?post=31838"}],"curies":[{"name":"wp","href":"https:\/\/api.w.org\/{rel}","templated":true}]}}