{"id":31841,"date":"2021-05-10T17:34:53","date_gmt":"2021-05-10T21:34:53","guid":{"rendered":"http:\/\/blogdalucianaoliveira.com.br\/blog\/?p=31841"},"modified":"2021-05-10T17:34:57","modified_gmt":"2021-05-10T21:34:57","slug":"com-bolsonaro-codevasf-incha-e-vira-estatal-do-centrao","status":"publish","type":"post","link":"http:\/\/blogdalucianaoliveira.com.br\/blog\/2021\/05\/10\/com-bolsonaro-codevasf-incha-e-vira-estatal-do-centrao\/","title":{"rendered":"Com Bolsonaro, Codevasf incha e vira estatal do Centr\u00e3o"},"content":{"rendered":"\n<figure class=\"wp-block-image size-large\"><img data-recalc-dims=\"1\" loading=\"lazy\" decoding=\"async\" width=\"283\" height=\"190\" data-attachment-id=\"31842\" data-permalink=\"http:\/\/blogdalucianaoliveira.com.br\/blog\/2021\/05\/10\/com-bolsonaro-codevasf-incha-e-vira-estatal-do-centrao\/490caeeb-0d36-4f67-aaf1-366fe0f8fbb5\/\" data-orig-file=\"https:\/\/i0.wp.com\/blogdalucianaoliveira.com.br\/blog\/wp-content\/uploads\/2021\/05\/490CAEEB-0D36-4F67-AAF1-366FE0F8FBB5.jpeg?fit=283%2C190\" data-orig-size=\"283,190\" data-comments-opened=\"0\" data-image-meta=\"{&quot;aperture&quot;:&quot;0&quot;,&quot;credit&quot;:&quot;&quot;,&quot;camera&quot;:&quot;&quot;,&quot;caption&quot;:&quot;&quot;,&quot;created_timestamp&quot;:&quot;0&quot;,&quot;copyright&quot;:&quot;&quot;,&quot;focal_length&quot;:&quot;0&quot;,&quot;iso&quot;:&quot;0&quot;,&quot;shutter_speed&quot;:&quot;0&quot;,&quot;title&quot;:&quot;&quot;,&quot;orientation&quot;:&quot;0&quot;}\" data-image-title=\"490CAEEB-0D36-4F67-AAF1-366FE0F8FBB5\" data-image-description=\"\" data-image-caption=\"\" data-medium-file=\"https:\/\/i0.wp.com\/blogdalucianaoliveira.com.br\/blog\/wp-content\/uploads\/2021\/05\/490CAEEB-0D36-4F67-AAF1-366FE0F8FBB5.jpeg?fit=283%2C190\" data-large-file=\"https:\/\/i0.wp.com\/blogdalucianaoliveira.com.br\/blog\/wp-content\/uploads\/2021\/05\/490CAEEB-0D36-4F67-AAF1-366FE0F8FBB5.jpeg?fit=283%2C190\" src=\"https:\/\/i0.wp.com\/blogdalucianaoliveira.com.br\/blog\/wp-content\/uploads\/2021\/05\/490CAEEB-0D36-4F67-AAF1-366FE0F8FBB5.jpeg?resize=283%2C190\" alt=\"\" class=\"wp-image-31842\"\/><\/figure>\n\n\n\n<h4 class=\"wp-block-heading\">Governo expande e turbina raio de a\u00e7\u00e3o da empresa para destinar recursos do or\u00e7amento secreto a parlamentares aliados; companhia tem hist\u00f3rico de corrup\u00e7\u00e3o<\/h4>\n\n\n\n<!--more-->\n\n\n\n<p>Breno Pires, O Estado de S.Paulo<\/p>\n\n\n\n<p>BRAS\u00cdLIA &#8211; O esquema do presidente\u00a0<a rel=\"noreferrer noopener\" href=\"https:\/\/tudo-sobre.estadao.com.br\/Jair%20Bolsonaro\" target=\"_blank\"><strong>Jair Bolsonaro<\/strong><\/a>\u00a0para\u00a0<a rel=\"noreferrer noopener\" href=\"https:\/\/politica.estadao.com.br\/noticias\/geral,bolsonaro-cria-orcamento-secreto-em-troca-de-apoio-do-congresso,70003708713\" target=\"_blank\"><strong>controlar o Congresso foi al\u00e9m da cria\u00e7\u00e3o de um or\u00e7amento secreto de R$ 3 bilh\u00f5es<\/strong><\/a>, como revelou o\u00a0<strong>Estad\u00e3o<\/strong>. Bolsonaro tamb\u00e9m expandiu e turbinou a\u00a0<a rel=\"noreferrer noopener\" href=\"https:\/\/tudo-sobre.estadao.com.br\/codevasf-companhia-de-desenvolvimento-dos-vales-do-sao-francisco-e-do-parnaiba\" target=\"_blank\"><strong>Companhia de Desenvolvimento dos Vales do S\u00e3o Francisco e do Parna\u00edba (Codevasf)<\/strong><\/a>, estatal loteada pelo\u00a0<a rel=\"noreferrer noopener\" href=\"https:\/\/tudo-sobre.estadao.com.br\/Centr%C3%A3o\" target=\"_blank\"><strong>Centr\u00e3o<\/strong><\/a>\u00a0que vai aplicar cerca de um ter\u00e7o desses recursos por imposi\u00e7\u00e3o dos pol\u00edticos que a controlam.<\/p>\n\n\n\n<p>Criada \u00e0 \u00e9poca da ditadura para desenvolver as margens do\u00a0<strong>Velho Chico<\/strong>, a Codevasf tem uma hist\u00f3ria marcada por corrup\u00e7\u00e3o e fisiologismo. Neste ano, conseguiu um or\u00e7amento recorde de R$ 2,73 bilh\u00f5es, composto principalmente por emendas, mas o governo fez cortes.\u00a0<\/p>\n\n\n\n<p>Em campanha pela reelei\u00e7\u00e3o, &#8216;incluiu na \u00e1rea de atua\u00e7\u00e3o da empresa mil novos munic\u00edpios, muitos deles localizados a mais de 1.500 quil\u00f4metros das \u00e1guas do S\u00e3o Francisco. Na pr\u00e1tica, o governo transformou a \u201cestatal do Centr\u00e3o\u201d num duto de recursos para atender interesses eleitorais.<\/p>\n\n\n\n<p>A empresa se tornou a preferida de deputados e senadores, principalmente do Centr\u00e3o, pela capacidade de executar obras e entregar m\u00e1quinas aos munic\u00edpios e Estados mais rapidamente do que o governo. Motivo: sendo uma estatal, tem regras de contrata\u00e7\u00e3o mais flex\u00edveis do que um minist\u00e9rio.&nbsp;&nbsp;<\/p>\n\n\n\n<p>Como mostrou o&nbsp;<strong>Estad\u00e3o<\/strong>, boa parte dos recursos do or\u00e7amento secreto \u00e9&nbsp;<a href=\"https:\/\/politica.estadao.com.br\/noticias\/geral,compra-trator-congresso-orcamento-secreto-bolsonaro,70003708730\" target=\"_blank\" rel=\"noreferrer noopener\"><strong>destinada \u00e0 compra de tratores e equipamentos agr\u00edcolas com valor acima da tabela de refer\u00eancia<\/strong><\/a>. Documentos obtidos pelo jornal revelam que um grupo de aliados do governo determinou o que comprar, por quanto e indicou a Codevasf como o \u00f3rg\u00e3o que deveria fazer a opera\u00e7\u00e3o, o que contraria leis or\u00e7ament\u00e1rias.&nbsp;&nbsp;<\/p>\n\n\n\n<p>A agilidade na \u201centrega\u201d \u00e9 essencial para o prest\u00edgio eleitoral dos parlamentares em suas bases. Se a transposi\u00e7\u00e3o das \u00e1guas do S\u00e3o Francisco ainda \u00e9 um sonho para moradores da bacia hidrogr\u00e1fica do rio, a distribui\u00e7\u00e3o dos recursos da empresa j\u00e1 est\u00e1 sendo ampliada. A \u00e1rea original da Codevasf inclu\u00eda apenas Alagoas, Bahia, um peda\u00e7o de Goi\u00e1s e de Minas, Pernambuco e Sergipe \u2013 por onde correm o rio, seus afluentes e subafluentes \u2013, al\u00e9m de Bras\u00edlia, sede da companhia.<\/p>\n\n\n\n<p>Por decis\u00e3o de Bolsonaro, a Codevasf tamb\u00e9m atende agora o Amap\u00e1, reduto do senador&nbsp;<a href=\"https:\/\/tudo-sobre.estadao.com.br\/Davi%20Alcolumbre\" target=\"_blank\" rel=\"noreferrer noopener\"><strong>Davi Alcolumbre<\/strong><\/a>&nbsp;(DEM); o Rio Grande do Norte, base do ministro do Desenvolvimento Regional,&nbsp;<a href=\"https:\/\/tudo-sobre.estadao.com.br\/Rog%C3%A9rio%20Marinho\" target=\"_blank\" rel=\"noreferrer noopener\"><strong>Rog\u00e9rio Marinho<\/strong><\/a>&nbsp;(sem partido), e a Para\u00edba, do deputado&nbsp;<a href=\"https:\/\/tudo-sobre.estadao.com.br\/Wellington%20Roberto\" target=\"_blank\" rel=\"noreferrer noopener\"><strong>Wellington Roberto<\/strong><\/a>, l\u00edder do PL na C\u00e2mara.&nbsp;<\/p>\n\n\n\n<p>Na sua cria\u00e7\u00e3o, em 1974, a empresa atendia 504 munic\u00edpios, o que representava 7,4% do territ\u00f3rio brasileiro. De 2000 para c\u00e1, apenas Dilma Rousseff n\u00e3o alterou a abrang\u00eancia da estatal. Foi Bolsonaro, por\u00e9m, que fez a maior amplia\u00e7\u00e3o da hist\u00f3ria da empresa. Desde que ele assumiu a Presid\u00eancia, a \u00e1rea de atua\u00e7\u00e3o da Codevasf cresceu de 27,05% para 36,59% do territ\u00f3rio nacional. Chegou ao Sul da Bahia, passou a cobrir quase todo o Cear\u00e1, o litoral de Pernambuco, o Sul de Goi\u00e1s e grandes trechos do Par\u00e1 e de Minas, atingindo a divisa de S\u00e3o Paulo.&nbsp;<\/p>\n\n\n\n<h3 class=\"wp-block-heading\">Do Oiapoque a Lambari<\/h3>\n\n\n\n<p>A empresa atende hoje 2.675 munic\u00edpios em 15 Estados, al\u00e9m do Distrito Federal. A amplia\u00e7\u00e3o n\u00e3o tem freio. O Senado j\u00e1 aprovou proposta para a estatal atuar no Amazonas, em Roraima e no Sul de Minas. A companhia tamb\u00e9m passou a operar no clima equatorial \u00famido da floresta do Amap\u00e1.&nbsp;<\/p>\n\n\n\n<p>A sede da Codevasf em Macap\u00e1 foi inaugurada no dia 16 de abril, com a presen\u00e7a de Davi Alcolumbre. Em uma empresa que n\u00e3o gera receitas pr\u00f3prias, o ex-presidente do Senado foi respons\u00e1vel por determinar o capital inicial de R$ 81 milh\u00f5es para projetos no Amap\u00e1, com aval do Pal\u00e1cio do Planalto.<\/p>\n\n\n\n<p>Enquanto isso, a diretoria executiva da estatal, composta por quatro indicados do Centr\u00e3o, aprovava a cria\u00e7\u00e3o de mais quatro Superintend\u00eancias Regionais (SRs), al\u00e9m das oito j\u00e1 existentes. As novas SRs ficar\u00e3o em Macap\u00e1, Goi\u00e2nia, Palmas e Natal \u2014 as duas \u00faltimas, ali\u00e1s, s\u00e3o as bases do l\u00edder do governo no Congresso,&nbsp;<a href=\"https:\/\/tudo-sobre.estadao.com.br\/Eduardo%20Gomes\"><strong>Eduardo Gomes<\/strong><\/a>&nbsp;(MDB-TO), e do ministro Rog\u00e9rio Marinho, que estuda concorrer ao governo do Rio Grande do Norte.&nbsp;<\/p>\n\n\n\n<p>O diretor-presidente da Codevasf \u00e9 o engenheiro baiano&nbsp;<strong>Marcelo Moreira<\/strong>, ex-funcion\u00e1rio da Odebrecht, indicado em 2019 pelo deputado&nbsp;<a href=\"https:\/\/tudo-sobre.estadao.com.br\/Elmar%20Nascimento\" target=\"_blank\" rel=\"noreferrer noopener\"><strong>Elmar Nascimento<\/strong><\/a>&nbsp;(DEM-BA), com respaldo do ent\u00e3o ministro da Secretaria de Governo,&nbsp;<a href=\"https:\/\/tudo-sobre.estadao.com.br\/luiz-eduardo-ramos-baptista-pereira\" target=\"_blank\" rel=\"noreferrer noopener\"><strong>Luiz Eduardo Ramos<\/strong><\/a>, hoje chefe da Casa Civil. \u00c0 \u00e9poca, Ramos disse \u00e0 Coluna do&nbsp;<strong>Estad\u00e3o&nbsp;<\/strong>que Elmar fez a indica\u00e7\u00e3o porque era l\u00edder do DEM, partido que votava \u201ccom o governo\u201d.&nbsp;<\/p>\n\n\n\n<p>O Progressistas, por sua vez, tem dois nomes na diretoria executiva da Codevasf. O primeiro \u00e9&nbsp;<strong>Lu\u00eds Napole\u00e3o Casado Arnaud Neto<\/strong>. Homem da confian\u00e7a de&nbsp;<a href=\"https:\/\/tudo-sobre.estadao.com.br\/Arthur%20Lira\" target=\"_blank\" rel=\"noreferrer noopener\"><strong>Arthur Lira<\/strong><\/a>,&nbsp;<strong>Arnaud Neto<\/strong>&nbsp;\u00e9 diretor da \u00c1rea de Gest\u00e3o dos Empreendimentos de Irriga\u00e7\u00e3o. J\u00e1 o diretor da \u00c1rea de Revitaliza\u00e7\u00e3o de Bacias Hidrogr\u00e1ficas \u00e9 Davidson Tolentino de Almeida, ligado ao presidente do partido, senador&nbsp;<a href=\"https:\/\/tudo-sobre.estadao.com.br\/Ciro%20Nogueira\" target=\"_blank\" rel=\"noreferrer noopener\"><strong>Ciro Nogueira<\/strong><\/a>&nbsp;(PI).&nbsp;<\/p>\n\n\n\n<p>O diretor de Desenvolvimento Integrado e Infraestrutura da Codevasf, Ant\u00f4nio Rosendo Neto J\u00fanior, tamb\u00e9m tem um padrinho, o senador governista&nbsp;<a href=\"https:\/\/tudo-sobre.estadao.com.br\/Roberto%20Rocha\" target=\"_blank\" rel=\"noreferrer noopener\"><strong>Roberto Rocha<\/strong><\/a>&nbsp;(sem partido-MA).&nbsp;&nbsp;<\/p>\n\n\n\n<p>Procurada, a Codevasf disse que as \u201cnomea\u00e7\u00f5es atendem as disposi\u00e7\u00f5es legais e os normativos internos\u201d. O Pal\u00e1cio do Planalto n\u00e3o se manifestou.&nbsp;<\/p>\n","protected":false},"excerpt":{"rendered":"<p>Governo expande e turbina raio de a\u00e7\u00e3o da empresa para destinar recursos do or\u00e7amento secreto a parlamentares aliados; companhia tem hist\u00f3rico de corrup\u00e7\u00e3o<\/p>\n","protected":false},"author":1,"featured_media":0,"comment_status":"closed","ping_status":"open","sticky":false,"template":"","format":"standard","meta":{"_exactmetrics_skip_tracking":false,"_exactmetrics_sitenote_active":false,"_exactmetrics_sitenote_note":"","_exactmetrics_sitenote_category":0,"jetpack_post_was_ever_published":false,"_jetpack_newsletter_access":"","_jetpack_dont_email_post_to_subs":false,"_jetpack_newsletter_tier_id":0,"_jetpack_memberships_contains_paywalled_content":false,"_jetpack_memberships_contains_paid_content":false,"footnotes":"","jetpack_publicize_message":"","jetpack_publicize_feature_enabled":true,"jetpack_social_post_already_shared":true,"jetpack_social_options":{"image_generator_settings":{"template":"highway","enabled":false},"version":2}},"categories":[1],"tags":[],"class_list":["post-31841","post","type-post","status-publish","format-standard","hentry","category-notas"],"jetpack_publicize_connections":[],"jetpack_sharing_enabled":true,"jetpack_featured_media_url":"","jetpack_shortlink":"https:\/\/wp.me\/p7wKYW-8hz","jetpack-related-posts":[],"_links":{"self":[{"href":"http:\/\/blogdalucianaoliveira.com.br\/blog\/wp-json\/wp\/v2\/posts\/31841","targetHints":{"allow":["GET"]}}],"collection":[{"href":"http:\/\/blogdalucianaoliveira.com.br\/blog\/wp-json\/wp\/v2\/posts"}],"about":[{"href":"http:\/\/blogdalucianaoliveira.com.br\/blog\/wp-json\/wp\/v2\/types\/post"}],"author":[{"embeddable":true,"href":"http:\/\/blogdalucianaoliveira.com.br\/blog\/wp-json\/wp\/v2\/users\/1"}],"replies":[{"embeddable":true,"href":"http:\/\/blogdalucianaoliveira.com.br\/blog\/wp-json\/wp\/v2\/comments?post=31841"}],"version-history":[{"count":1,"href":"http:\/\/blogdalucianaoliveira.com.br\/blog\/wp-json\/wp\/v2\/posts\/31841\/revisions"}],"predecessor-version":[{"id":31843,"href":"http:\/\/blogdalucianaoliveira.com.br\/blog\/wp-json\/wp\/v2\/posts\/31841\/revisions\/31843"}],"wp:attachment":[{"href":"http:\/\/blogdalucianaoliveira.com.br\/blog\/wp-json\/wp\/v2\/media?parent=31841"}],"wp:term":[{"taxonomy":"category","embeddable":true,"href":"http:\/\/blogdalucianaoliveira.com.br\/blog\/wp-json\/wp\/v2\/categories?post=31841"},{"taxonomy":"post_tag","embeddable":true,"href":"http:\/\/blogdalucianaoliveira.com.br\/blog\/wp-json\/wp\/v2\/tags?post=31841"}],"curies":[{"name":"wp","href":"https:\/\/api.w.org\/{rel}","templated":true}]}}