{"id":31851,"date":"2021-05-11T14:46:08","date_gmt":"2021-05-11T18:46:08","guid":{"rendered":"http:\/\/blogdalucianaoliveira.com.br\/blog\/?p=31851"},"modified":"2021-05-11T14:46:12","modified_gmt":"2021-05-11T18:46:12","slug":"barra-torres-confirma-reuniao-no-planalto-para-discutir-alteracao-da-bula-da-cloroquina","status":"publish","type":"post","link":"http:\/\/blogdalucianaoliveira.com.br\/blog\/2021\/05\/11\/barra-torres-confirma-reuniao-no-planalto-para-discutir-alteracao-da-bula-da-cloroquina\/","title":{"rendered":"Barra Torres confirma reuni\u00e3o no Planalto para discutir altera\u00e7\u00e3o da bula da cloroquina"},"content":{"rendered":"\n<figure class=\"wp-block-image size-large\"><img data-recalc-dims=\"1\" loading=\"lazy\" decoding=\"async\" width=\"427\" height=\"240\" data-attachment-id=\"31852\" data-permalink=\"http:\/\/blogdalucianaoliveira.com.br\/blog\/2021\/05\/11\/barra-torres-confirma-reuniao-no-planalto-para-discutir-alteracao-da-bula-da-cloroquina\/dd59f55c-5252-4465-ae8f-0b9cbc524403\/\" data-orig-file=\"https:\/\/i0.wp.com\/blogdalucianaoliveira.com.br\/blog\/wp-content\/uploads\/2021\/05\/DD59F55C-5252-4465-AE8F-0B9CBC524403.jpeg?fit=427%2C240\" data-orig-size=\"427,240\" data-comments-opened=\"0\" data-image-meta=\"{&quot;aperture&quot;:&quot;0&quot;,&quot;credit&quot;:&quot;&quot;,&quot;camera&quot;:&quot;&quot;,&quot;caption&quot;:&quot;&quot;,&quot;created_timestamp&quot;:&quot;0&quot;,&quot;copyright&quot;:&quot;&quot;,&quot;focal_length&quot;:&quot;0&quot;,&quot;iso&quot;:&quot;0&quot;,&quot;shutter_speed&quot;:&quot;0&quot;,&quot;title&quot;:&quot;&quot;,&quot;orientation&quot;:&quot;0&quot;}\" data-image-title=\"DD59F55C-5252-4465-AE8F-0B9CBC524403\" data-image-description=\"\" data-image-caption=\"\" data-medium-file=\"https:\/\/i0.wp.com\/blogdalucianaoliveira.com.br\/blog\/wp-content\/uploads\/2021\/05\/DD59F55C-5252-4465-AE8F-0B9CBC524403.jpeg?fit=300%2C169\" data-large-file=\"https:\/\/i0.wp.com\/blogdalucianaoliveira.com.br\/blog\/wp-content\/uploads\/2021\/05\/DD59F55C-5252-4465-AE8F-0B9CBC524403.jpeg?fit=427%2C240\" src=\"https:\/\/i0.wp.com\/blogdalucianaoliveira.com.br\/blog\/wp-content\/uploads\/2021\/05\/DD59F55C-5252-4465-AE8F-0B9CBC524403.jpeg?resize=427%2C240\" alt=\"\" class=\"wp-image-31852\" srcset=\"https:\/\/i0.wp.com\/blogdalucianaoliveira.com.br\/blog\/wp-content\/uploads\/2021\/05\/DD59F55C-5252-4465-AE8F-0B9CBC524403.jpeg?w=427 427w, https:\/\/i0.wp.com\/blogdalucianaoliveira.com.br\/blog\/wp-content\/uploads\/2021\/05\/DD59F55C-5252-4465-AE8F-0B9CBC524403.jpeg?resize=300%2C169 300w\" sizes=\"auto, (max-width: 427px) 100vw, 427px\" \/><\/figure>\n\n\n\n<h4 class=\"wp-block-heading\">\u00c0 CPI, presidente da Anvisa disse que rejeitou a ideia e que n\u00e3o sabe de quem partiu a proposta. Ele disse ainda que tratamento precoce n\u00e3o deveria usar a cloroquina.&nbsp;<\/h4>\n\n\n\n<!--more-->\n\n\n\n<p>Por Marcela Mattos, Beatriz Borges e Paloma Rodrigues, G1 e TV Globo\u00a0\u2014 Bras\u00edlia<\/p>\n\n\n\n<p>O presidente da Ag\u00eancia Nacional de Vigil\u00e2ncia Sanit\u00e1ria (Anvisa), Antonio Barra Torres, confirmou em seu depoimento \u00e0 CPI da Covid nesta ter\u00e7a-feira (11) que houve uma reuni\u00e3o no Pal\u00e1cio do Planalto, em 2020, para discutir a mudan\u00e7a na bula da cloroquina.&nbsp;<\/p>\n\n\n\n<p>A reuni\u00e3o j\u00e1 havia sido mencionada no depoimento<a href=\"https:\/\/g1.globo.com\/politica\/noticia\/2021\/05\/04\/mandetta-diz-que-bolsonaro-queria-que-anvisa-alterasse-bula-da-cloroquina.ghtml\">&nbsp;do ex-ministro da Sa\u00fade Luiz Henrique Mandetta<\/a>, na semana passada. Mandetta disse que viu em uma reuni\u00e3o no Pal\u00e1cio do Planalto, no ano passado, uma minuta de decreto presidencial para mudar a bula da cloroquina e incluir que o rem\u00e9dio poderia ser usado no tratamento de Covid.&nbsp;<\/p>\n\n\n\n<p>Mandetta disse ainda que, na ocasi\u00e3o, Barra Torres recha\u00e7ou a proposta. O presidente da Anvisa confirmou tamb\u00e9m essa parte do relato.&nbsp;<\/p>\n\n\n\n<p>A cloroquina, de acordo com estudos cient\u00edficos,&nbsp;<a href=\"https:\/\/g1.globo.com\/bemestar\/coronavirus\/noticia\/2020\/05\/12\/estudos-mostram-que-cloroquina-nao-tem-eficacia-no-tratamento-do-coronavirus-entenda-as-pesquisas.ghtml\">n\u00e3o tem efic\u00e1cia para tratar a Covid<\/a>. Mesmo assim, o presidente Jair Bolsonaro&nbsp;<a href=\"https:\/\/g1.globo.com\/jornal-nacional\/noticia\/2020\/04\/08\/em-pronunciamento-bolsonaro-defende-uso-da-cloroquina-para-tratamento-do-coronavirus.ghtml\">defende o uso do rem\u00e9dio<\/a>.&nbsp;<\/p>\n\n\n\n<p>Barra Torres foi questionado pelo relator da CPI, Renan Calheiros (MDB-AL), sobre quem seria o autor da proposta de alterar a bula.&nbsp;<\/p>\n\n\n\n<p>&#8220;Eu n\u00e3o tenho informa\u00e7\u00e3o de quem era o o autor, quem teve a ideia&#8221;, respondeu Barra Torres.&nbsp;<\/p>\n\n\n\n<p>O presidente da Anvisa tamb\u00e9m foi questionado sobre quem estava na reuni\u00e3o em que foi debatida a minuta do decreto.<\/p>\n\n\n\n<blockquote class=\"wp-block-quote is-layout-flow wp-block-quote-is-layout-flow\"><p>&#8220;Confirmo que est\u00e1vamos l\u00e1, de minha mem\u00f3ria, o general Braga Netto [ent\u00e3o ministro da Casa Civil], o ministro Mandetta, eu e a doutora&nbsp;<a href=\"https:\/\/g1.globo.com\/sp\/sao-paulo\/noticia\/2020\/07\/12\/medica-afastada-por-hospital-albert-einstein-apos-declaracao-sobre-nazismo-pede-desculpas-por-expressoes-e-interpretacoes-erroneas.ghtml\">Nise Yamaguchi [m\u00e9dica]<\/a>. Havia um m\u00e9dico sentado ao lado dela, n\u00e3o me recordo o nome&#8221;, explicou. Barra Torres disse ainda que n\u00e3o se lembrava da presen\u00e7a de outros ministros.<\/p><\/blockquote>\n\n\n\n<p>De acordo com o presidente da Anvisa, Yamaguchi defendeu a proposta. Ele admitiu que teve uma rea\u00e7\u00e3o &#8220;um pouco deselegante&#8221; ao rejeitar a ideia.&nbsp;<\/p>\n\n\n\n<blockquote class=\"wp-block-quote is-layout-flow wp-block-quote-is-layout-flow\"><p>&#8220;Esse documento foi comentado pela doutora Nise Yamaguchi, que provocou uma rea\u00e7\u00e3o um pouco deselegante minha, de dizer que aquilo n\u00e3o poderia ser. S\u00f3 quem pode modificar uma bula de medicamento registrado \u00e9 a agencia reguladora do pa\u00eds, desde que solicitado pelo detentor do produto&#8221;, disse Barra Torres.&nbsp;<\/p><\/blockquote>\n\n\n\n<p>Ele afirmou que a reuni\u00e3o terminou logo depois desse momento.<\/p>\n\n\n\n<h2 class=\"wp-block-heading\">Cloroquina<\/h2>\n\n\n\n<p>O presidente da Anvisa disse ainda que estudos feitos em todo mundo, &#8220;at\u00e9 o momento&#8221;, apontam que a cloroquina n\u00e3o deve ser usada contra a Covid.&nbsp;<\/p>\n\n\n\n<p>&#8220;At\u00e9 o momento as informa\u00e7\u00f5es v\u00e3o contra possibilidade de uso na Covid-19&#8221;, afirmou. Ele disse ainda que \u00e9 contra o uso da cloroquina no chamado tratamento precoce, defendido por Bolsonaro.&nbsp;<\/p>\n\n\n\n<figure class=\"wp-block-image\"><img data-recalc-dims=\"1\" decoding=\"async\" src=\"https:\/\/i0.wp.com\/s04.video.glbimg.com\/x240\/9505787.jpg?w=600&#038;ssl=1\" alt=\"'Minha posi\u00e7\u00e3o sobre o tratamento precoce da doen\u00e7a n\u00e3o contempla essa medica\u00e7\u00e3o', diz Barra Torres sobre cloroquina\"\/><\/figure>\n\n\n\n<p>&#8216;Minha posi\u00e7\u00e3o sobre o tratamento precoce da doen\u00e7a n\u00e3o contempla essa medica\u00e7\u00e3o&#8217;, diz Barra Torres sobre cloroquina&nbsp;<\/p>\n\n\n\n<p>Questionado pelo relator se incluiria a cloroquina entre os medicamentos do chamado tratamento precoce, como defende Bolsonaro, Barra Torres disse que n\u00e3o.&nbsp;<\/p>\n\n\n\n<p>&#8220;A minha posi\u00e7\u00e3o sobre o tratamento precoce da doen\u00e7a n\u00e3o contempla essa medica\u00e7\u00e3o, por exemplo, n\u00e3o contempla. E contempla, sim, a testagem e o diagn\u00f3stico precoce, obviamente. Observa\u00e7\u00e3o de todos os sintomas que a pessoa pode ter e trat\u00e1-los, combat\u00ea-los o quanto antes&#8221;, completou Barra Torres.<\/p>\n\n\n\n<h2 class=\"wp-block-heading\">Vacinas<\/h2>\n\n\n\n<figure class=\"wp-block-image\"><img data-recalc-dims=\"1\" decoding=\"async\" src=\"https:\/\/i0.wp.com\/s01.video.glbimg.com\/x240\/9505728.jpg?w=600&#038;ssl=1\" alt=\"Barra Torres fala sobre press\u00e3o p\u00fablica para aprova\u00e7\u00e3o da vacina Sputnik V\"\/><\/figure>\n\n\n\n<p>Barra Torres fala sobre press\u00e3o p\u00fablica para aprova\u00e7\u00e3o da vacina Sputnik V&nbsp;<\/p>\n\n\n\n<p>Um dos principais temas tratados no depoimento de Barra Torres foi a recusa, pela Anvisa, da libera\u00e7\u00e3o da vacina russa Sputnik V.&nbsp;<\/p>\n\n\n\n<p>Barra Torres disse que n\u00e3o houve preciosismo nem no indeferimento do pedido da&nbsp;<a href=\"https:\/\/g1.globo.com\/bemestar\/vacina\/noticia\/2021\/04\/26\/anvisa-nega-importacao-da-sputnik-analise-aponta-falta-de-dados-e-risco-de-doencas-por-falha-em-fabricacao.ghtml\">Sputnik V<\/a>&nbsp;nem da vacina indiana&nbsp;<a href=\"https:\/\/g1.globo.com\/bemestar\/vacina\/noticia\/2021\/03\/30\/anvisa-nega-certificacao-de-boas-praticas-a-empresa-fabricante-da-covaxin-vacina-da-india-para-covid-19.ghtml\">Covaxin<\/a>.&nbsp;<\/p>\n\n\n\n<p>Barra Torres afirmou que as duas vacinas n\u00e3o apresentaram os requisitos necess\u00e1rios para obter o sinal verde da Anvisa. Ele ressaltou que espera que os respons\u00e1veis pelos imunizantes apresentem as informa\u00e7\u00f5es requeridas para resolver as pend\u00eancias.&nbsp;<\/p>\n\n\n\n<p>O presidente da Anvisa afirmou ainda que a \u00cdndia, pa\u00eds de origem da Covaxin, costuma responder r\u00e1pido sobre pedidos de esclarecimentos de ag\u00eancias reguladoras.<\/p>\n\n\n\n<p>&#8220;A \u00cdndia tem um tradi\u00e7\u00e3o de responder r\u00e1pido a esses apontamentos, e o Minist\u00e9rio da Sa\u00fade tem feito reuni\u00f5es com a Anvisa a respeito desse novo pedido de import\u00e7\u00e3o, para que essas discrep\u00e2ncias sejam sanadas. E acreditamos que nos pr\u00f3ximos dias pode haver novo pedido por parte do minist\u00e9rio&#8221;, disse Barra Torres.&nbsp;<\/p>\n\n\n\n<p>Sobre a Sputnik V, o presidente da Anvisa disse que a rejei\u00e7\u00e3o inicial para o pedido de aprova\u00e7\u00e3o n\u00e3o deve gerar uma desconfian\u00e7a na popula\u00e7\u00e3o sobre o imunizante.&nbsp;<\/p>\n\n\n\n<p>&#8220;\u00c9 muito importante que se entenda que essa negativa de autoriza\u00e7\u00e3o excepcional de importa\u00e7\u00e3o n\u00e3o deve somar a essa marca Sputnik V nenhum pensamento negativo. Essa \u00e9 uma marca do processo. O que conclamo \u00e9 que, t\u00e3o logo essa situa\u00e7\u00e3o seja, e esperamos que seja resolvida, que n\u00e3o se credite a essa vacina nenhuma caracter\u00edstica ruim&#8221;, afirmou.&nbsp;<\/p>\n\n\n\n<p>Entre outros pontos, a ag\u00eancia argumentou que n\u00e3o recebeu relat\u00f3rio t\u00e9cnico capaz de comprovar que a Sputnik V atende a padr\u00f5es de qualidade. Tamb\u00e9m pontuou que o adenov\u00edrus usado para carregar o material gen\u00e9tico do coronav\u00edrus \u00e9 capaz de se reproduzir e pode causar doen\u00e7as.&nbsp;<\/p>\n\n\n\n<p>Ap\u00f3s a negativa da Anvisa, o Fundo Russo de Investimento Direto (RDIF, na sigla em ingl\u00eas), que comercializa a Sputnik V, produzida pelo laborat\u00f3rio russo Gamaleya, afirmou que os coment\u00e1rios da ag\u00eancia sobre a vacina estavam &#8220;incorretos&#8221; e que a decis\u00e3o de adiar a aprova\u00e7\u00e3o do imunizante poderia ter &#8220;motiva\u00e7\u00e3o pol\u00edtica&#8221;.<\/p>\n","protected":false},"excerpt":{"rendered":"<p>\u00c0 CPI, presidente da Anvisa disse que rejeitou a ideia e que n\u00e3o sabe de quem partiu a proposta. Ele disse ainda que tratamento precoce n\u00e3o deveria usar a cloroquina.&nbsp;<\/p>\n","protected":false},"author":1,"featured_media":0,"comment_status":"closed","ping_status":"open","sticky":false,"template":"","format":"standard","meta":{"_exactmetrics_skip_tracking":false,"_exactmetrics_sitenote_active":false,"_exactmetrics_sitenote_note":"","_exactmetrics_sitenote_category":0,"jetpack_post_was_ever_published":false,"_jetpack_newsletter_access":"","_jetpack_dont_email_post_to_subs":false,"_jetpack_newsletter_tier_id":0,"_jetpack_memberships_contains_paywalled_content":false,"_jetpack_memberships_contains_paid_content":false,"footnotes":"","jetpack_publicize_message":"","jetpack_publicize_feature_enabled":true,"jetpack_social_post_already_shared":true,"jetpack_social_options":{"image_generator_settings":{"template":"highway","enabled":false},"version":2}},"categories":[1],"tags":[],"class_list":["post-31851","post","type-post","status-publish","format-standard","hentry","category-notas"],"jetpack_publicize_connections":[],"jetpack_sharing_enabled":true,"jetpack_featured_media_url":"","jetpack_shortlink":"https:\/\/wp.me\/p7wKYW-8hJ","jetpack-related-posts":[],"_links":{"self":[{"href":"http:\/\/blogdalucianaoliveira.com.br\/blog\/wp-json\/wp\/v2\/posts\/31851","targetHints":{"allow":["GET"]}}],"collection":[{"href":"http:\/\/blogdalucianaoliveira.com.br\/blog\/wp-json\/wp\/v2\/posts"}],"about":[{"href":"http:\/\/blogdalucianaoliveira.com.br\/blog\/wp-json\/wp\/v2\/types\/post"}],"author":[{"embeddable":true,"href":"http:\/\/blogdalucianaoliveira.com.br\/blog\/wp-json\/wp\/v2\/users\/1"}],"replies":[{"embeddable":true,"href":"http:\/\/blogdalucianaoliveira.com.br\/blog\/wp-json\/wp\/v2\/comments?post=31851"}],"version-history":[{"count":1,"href":"http:\/\/blogdalucianaoliveira.com.br\/blog\/wp-json\/wp\/v2\/posts\/31851\/revisions"}],"predecessor-version":[{"id":31853,"href":"http:\/\/blogdalucianaoliveira.com.br\/blog\/wp-json\/wp\/v2\/posts\/31851\/revisions\/31853"}],"wp:attachment":[{"href":"http:\/\/blogdalucianaoliveira.com.br\/blog\/wp-json\/wp\/v2\/media?parent=31851"}],"wp:term":[{"taxonomy":"category","embeddable":true,"href":"http:\/\/blogdalucianaoliveira.com.br\/blog\/wp-json\/wp\/v2\/categories?post=31851"},{"taxonomy":"post_tag","embeddable":true,"href":"http:\/\/blogdalucianaoliveira.com.br\/blog\/wp-json\/wp\/v2\/tags?post=31851"}],"curies":[{"name":"wp","href":"https:\/\/api.w.org\/{rel}","templated":true}]}}