{"id":31864,"date":"2021-05-13T07:18:49","date_gmt":"2021-05-13T11:18:49","guid":{"rendered":"http:\/\/blogdalucianaoliveira.com.br\/blog\/?p=31864"},"modified":"2021-05-13T07:19:43","modified_gmt":"2021-05-13T11:19:43","slug":"45-reprovam-governo-bolsonaro-e-24-aprovam-aponta-pesquisa-datafolha","status":"publish","type":"post","link":"http:\/\/blogdalucianaoliveira.com.br\/blog\/2021\/05\/13\/45-reprovam-governo-bolsonaro-e-24-aprovam-aponta-pesquisa-datafolha\/","title":{"rendered":"45% reprovam governo Bolsonaro e 24% aprovam, aponta pesquisa Datafolha"},"content":{"rendered":"\n<figure class=\"wp-block-image size-large\"><img data-recalc-dims=\"1\" loading=\"lazy\" decoding=\"async\" width=\"600\" height=\"445\" data-attachment-id=\"31783\" data-permalink=\"http:\/\/blogdalucianaoliveira.com.br\/blog\/2021\/05\/03\/bolsonaro-insultou-grande-parte-do-mundo-diz-reportagem-do-washington-post\/jairbolsonaro-cupuladoclima-clima-palaciodoplanalto-22abr2021\/\" data-orig-file=\"https:\/\/i0.wp.com\/blogdalucianaoliveira.com.br\/blog\/wp-content\/uploads\/2021\/05\/85D7CB84-BDA4-4A0C-89A3-9AB409ACF000.jpeg?fit=868%2C644\" data-orig-size=\"868,644\" data-comments-opened=\"0\" data-image-meta=\"{&quot;aperture&quot;:&quot;0&quot;,&quot;credit&quot;:&quot;Sergio Lima&quot;,&quot;camera&quot;:&quot;&quot;,&quot;caption&quot;:&quot;Presidente Jair Bolsonaro participa da C\\u00fapula de L\\u00edderes sobre o Clima  por videoconfer\\u00eancia.  Marcos Corr\\u00eaa\\\/PR&quot;,&quot;created_timestamp&quot;:&quot;1599223835&quot;,&quot;copyright&quot;:&quot;Creative Commons&quot;,&quot;focal_length&quot;:&quot;0&quot;,&quot;iso&quot;:&quot;0&quot;,&quot;shutter_speed&quot;:&quot;0&quot;,&quot;title&quot;:&quot;JairBolsonaro-CupulaDoClima-Clima-PalacioDoPlanalto-22Abr2021&quot;,&quot;orientation&quot;:&quot;0&quot;}\" data-image-title=\"JairBolsonaro-CupulaDoClima-Clima-PalacioDoPlanalto-22Abr2021\" data-image-description=\"\" data-image-caption=\"&lt;p&gt;Presidente Jair Bolsonaro participa da C\u00fapula de L\u00edderes sobre o Clima  por videoconfer\u00eancia.  Marcos Corr\u00eaa\/PR&lt;\/p&gt;\n\" data-medium-file=\"https:\/\/i0.wp.com\/blogdalucianaoliveira.com.br\/blog\/wp-content\/uploads\/2021\/05\/85D7CB84-BDA4-4A0C-89A3-9AB409ACF000.jpeg?fit=300%2C223\" data-large-file=\"https:\/\/i0.wp.com\/blogdalucianaoliveira.com.br\/blog\/wp-content\/uploads\/2021\/05\/85D7CB84-BDA4-4A0C-89A3-9AB409ACF000.jpeg?fit=600%2C445\" src=\"https:\/\/i0.wp.com\/blogdalucianaoliveira.com.br\/blog\/wp-content\/uploads\/2021\/05\/85D7CB84-BDA4-4A0C-89A3-9AB409ACF000.jpeg?resize=600%2C445\" alt=\"\" class=\"wp-image-31783\" srcset=\"https:\/\/i0.wp.com\/blogdalucianaoliveira.com.br\/blog\/wp-content\/uploads\/2021\/05\/85D7CB84-BDA4-4A0C-89A3-9AB409ACF000.jpeg?w=868 868w, https:\/\/i0.wp.com\/blogdalucianaoliveira.com.br\/blog\/wp-content\/uploads\/2021\/05\/85D7CB84-BDA4-4A0C-89A3-9AB409ACF000.jpeg?resize=300%2C223 300w, https:\/\/i0.wp.com\/blogdalucianaoliveira.com.br\/blog\/wp-content\/uploads\/2021\/05\/85D7CB84-BDA4-4A0C-89A3-9AB409ACF000.jpeg?resize=768%2C570 768w, https:\/\/i0.wp.com\/blogdalucianaoliveira.com.br\/blog\/wp-content\/uploads\/2021\/05\/85D7CB84-BDA4-4A0C-89A3-9AB409ACF000.jpeg?resize=404%2C300 404w\" sizes=\"auto, (max-width: 600px) 100vw, 600px\" \/><figcaption>Presidente Jair Bolsonaro participa da C\u00fapula de L\u00edderes sobre o Clima  por videoconfer\u00eancia.  Marcos Corr\u00eaa\/PR<\/figcaption><\/figure>\n\n\n\n<h4 class=\"wp-block-heading\">A pesquisa ouviu 2.071 pessoas nos dias 11 e 12 de maio. A margem de erro \u00e9 de dois pontos para mais ou para menos.<\/h4>\n\n\n\n<!--more-->\n\n\n\n<p>Por G1<\/p>\n\n\n\n<p>Levantamento do Instituto Datafolha divulgado nesta quarta-feira (12) pelo site do jornal &#8220;Folha de S.Paulo&#8221; informa que a aprova\u00e7\u00e3o ao governo Bolsonaro caiu 6 pontos percentuais, enquanto a reprova\u00e7\u00e3o cresceu 1 ponto.&nbsp;<\/p>\n\n\n\n<h2 class=\"wp-block-heading\"><strong>Veja os resultados da pesquisa sobre avalia\u00e7\u00e3o de Bolsonaro:<\/strong><\/h2>\n\n\n\n<ul class=\"wp-block-list\"><li><strong>\u00d3timo\/bom:<\/strong>&nbsp;24% (eram 30% no levantamento anterior)<\/li><li><strong>Regular:&nbsp;<\/strong>30% (eram 24%)<\/li><li><strong>Ruim\/p\u00e9ssimo:<\/strong>&nbsp;45% (eram 44%)<\/li><li><strong>N\u00e3o sabe:&nbsp;<\/strong>1% (eram 2%)<\/li><\/ul>\n\n\n\n<p>A pesquisa ouviu 2.071 pessoas nos dias 11 e 12 de maio por telefone em raz\u00e3o das limita\u00e7\u00f5es motivadas pela pandemia de Covid-19. A margem de erro \u00e9 de dois pontos para mais ou para menos.<\/p>\n\n\n\n<figure class=\"wp-block-image size-large\"><img loading=\"lazy\" decoding=\"async\" width=\"828\" height=\"1298\" data-attachment-id=\"31865\" data-permalink=\"http:\/\/blogdalucianaoliveira.com.br\/blog\/2021\/05\/13\/45-reprovam-governo-bolsonaro-e-24-aprovam-aponta-pesquisa-datafolha\/b9bdc8a2-b75a-4da6-abc1-517bdd829f41\/\" data-orig-file=\"https:\/\/i0.wp.com\/blogdalucianaoliveira.com.br\/blog\/wp-content\/uploads\/2021\/05\/B9BDC8A2-B75A-4DA6-ABC1-517BDD829F41.jpeg?fit=828%2C1298\" data-orig-size=\"828,1298\" data-comments-opened=\"0\" data-image-meta=\"{&quot;aperture&quot;:&quot;0&quot;,&quot;credit&quot;:&quot;&quot;,&quot;camera&quot;:&quot;&quot;,&quot;caption&quot;:&quot;&quot;,&quot;created_timestamp&quot;:&quot;0&quot;,&quot;copyright&quot;:&quot;&quot;,&quot;focal_length&quot;:&quot;0&quot;,&quot;iso&quot;:&quot;0&quot;,&quot;shutter_speed&quot;:&quot;0&quot;,&quot;title&quot;:&quot;&quot;,&quot;orientation&quot;:&quot;1&quot;}\" data-image-title=\"B9BDC8A2-B75A-4DA6-ABC1-517BDD829F41\" data-image-description=\"\" data-image-caption=\"\" data-medium-file=\"https:\/\/i0.wp.com\/blogdalucianaoliveira.com.br\/blog\/wp-content\/uploads\/2021\/05\/B9BDC8A2-B75A-4DA6-ABC1-517BDD829F41.jpeg?fit=191%2C300\" data-large-file=\"https:\/\/i0.wp.com\/blogdalucianaoliveira.com.br\/blog\/wp-content\/uploads\/2021\/05\/B9BDC8A2-B75A-4DA6-ABC1-517BDD829F41.jpeg?fit=600%2C941\" src=\"https:\/\/i0.wp.com\/blogdalucianaoliveira.com.br\/blog\/wp-content\/uploads\/2021\/05\/B9BDC8A2-B75A-4DA6-ABC1-517BDD829F41.jpeg?fit=600%2C941\" alt=\"\" class=\"wp-image-31865\" srcset=\"https:\/\/i0.wp.com\/blogdalucianaoliveira.com.br\/blog\/wp-content\/uploads\/2021\/05\/B9BDC8A2-B75A-4DA6-ABC1-517BDD829F41.jpeg?w=828 828w, https:\/\/i0.wp.com\/blogdalucianaoliveira.com.br\/blog\/wp-content\/uploads\/2021\/05\/B9BDC8A2-B75A-4DA6-ABC1-517BDD829F41.jpeg?resize=191%2C300 191w, https:\/\/i0.wp.com\/blogdalucianaoliveira.com.br\/blog\/wp-content\/uploads\/2021\/05\/B9BDC8A2-B75A-4DA6-ABC1-517BDD829F41.jpeg?resize=653%2C1024 653w, https:\/\/i0.wp.com\/blogdalucianaoliveira.com.br\/blog\/wp-content\/uploads\/2021\/05\/B9BDC8A2-B75A-4DA6-ABC1-517BDD829F41.jpeg?resize=768%2C1204 768w\" sizes=\"auto, (max-width: 600px) 100vw, 600px\" \/><\/figure>\n\n\n\n<p>De acordo com o Datafolha, 45% dos entrevistados classificaram o governo como ruim ou p\u00e9ssimo \u2014&nbsp;<a href=\"https:\/\/g1.globo.com\/politica\/noticia\/2021\/03\/17\/44percent-reprovam-governo-bolsonaro-e-30percent-aprovam-aponta-pesquisa-datafolha.ghtml\">eram 44% no levantamento anterior, entre 15 e 16 de mar\u00e7o<\/a>.<\/p>\n\n\n\n<p>Os que consideravam o governo&nbsp;<a href=\"https:\/\/g1.globo.com\/politica\/noticia\/2021\/03\/17\/44percent-reprovam-governo-bolsonaro-e-30percent-aprovam-aponta-pesquisa-datafolha.ghtml\">\u00f3timo ou bom eram 30%<\/a>&nbsp;e agora s\u00e3o 24%, e os que julgavam regular&nbsp;<a href=\"https:\/\/g1.globo.com\/politica\/noticia\/2021\/03\/17\/44percent-reprovam-governo-bolsonaro-e-30percent-aprovam-aponta-pesquisa-datafolha.ghtml\">eram 24%<\/a>&nbsp;e agora s\u00e3o 30%, segundo o instituto.<\/p>\n","protected":false},"excerpt":{"rendered":"<p>A pesquisa ouviu 2.071 pessoas nos dias 11 e 12 de maio. A margem de erro \u00e9 de dois pontos para mais ou para menos.<\/p>\n","protected":false},"author":1,"featured_media":0,"comment_status":"closed","ping_status":"open","sticky":false,"template":"","format":"standard","meta":{"_exactmetrics_skip_tracking":false,"_exactmetrics_sitenote_active":false,"_exactmetrics_sitenote_note":"","_exactmetrics_sitenote_category":0,"jetpack_post_was_ever_published":false,"_jetpack_newsletter_access":"","_jetpack_dont_email_post_to_subs":false,"_jetpack_newsletter_tier_id":0,"_jetpack_memberships_contains_paywalled_content":false,"_jetpack_memberships_contains_paid_content":false,"footnotes":"","jetpack_publicize_message":"","jetpack_publicize_feature_enabled":true,"jetpack_social_post_already_shared":true,"jetpack_social_options":{"image_generator_settings":{"template":"highway","enabled":false},"version":2}},"categories":[1],"tags":[],"class_list":["post-31864","post","type-post","status-publish","format-standard","hentry","category-notas"],"jetpack_publicize_connections":[],"jetpack_sharing_enabled":true,"jetpack_featured_media_url":"","jetpack_shortlink":"https:\/\/wp.me\/p7wKYW-8hW","jetpack-related-posts":[],"_links":{"self":[{"href":"http:\/\/blogdalucianaoliveira.com.br\/blog\/wp-json\/wp\/v2\/posts\/31864","targetHints":{"allow":["GET"]}}],"collection":[{"href":"http:\/\/blogdalucianaoliveira.com.br\/blog\/wp-json\/wp\/v2\/posts"}],"about":[{"href":"http:\/\/blogdalucianaoliveira.com.br\/blog\/wp-json\/wp\/v2\/types\/post"}],"author":[{"embeddable":true,"href":"http:\/\/blogdalucianaoliveira.com.br\/blog\/wp-json\/wp\/v2\/users\/1"}],"replies":[{"embeddable":true,"href":"http:\/\/blogdalucianaoliveira.com.br\/blog\/wp-json\/wp\/v2\/comments?post=31864"}],"version-history":[{"count":2,"href":"http:\/\/blogdalucianaoliveira.com.br\/blog\/wp-json\/wp\/v2\/posts\/31864\/revisions"}],"predecessor-version":[{"id":31868,"href":"http:\/\/blogdalucianaoliveira.com.br\/blog\/wp-json\/wp\/v2\/posts\/31864\/revisions\/31868"}],"wp:attachment":[{"href":"http:\/\/blogdalucianaoliveira.com.br\/blog\/wp-json\/wp\/v2\/media?parent=31864"}],"wp:term":[{"taxonomy":"category","embeddable":true,"href":"http:\/\/blogdalucianaoliveira.com.br\/blog\/wp-json\/wp\/v2\/categories?post=31864"},{"taxonomy":"post_tag","embeddable":true,"href":"http:\/\/blogdalucianaoliveira.com.br\/blog\/wp-json\/wp\/v2\/tags?post=31864"}],"curies":[{"name":"wp","href":"https:\/\/api.w.org\/{rel}","templated":true}]}}