{"id":31869,"date":"2021-05-13T09:18:14","date_gmt":"2021-05-13T13:18:14","guid":{"rendered":"http:\/\/blogdalucianaoliveira.com.br\/blog\/?p=31869"},"modified":"2021-05-13T09:31:16","modified_gmt":"2021-05-13T13:31:16","slug":"no-senado-leila-barros-enfrenta-atitude-machista-e-cala-marcos-rogerio","status":"publish","type":"post","link":"http:\/\/blogdalucianaoliveira.com.br\/blog\/2021\/05\/13\/no-senado-leila-barros-enfrenta-atitude-machista-e-cala-marcos-rogerio\/","title":{"rendered":"No senado Leila Barros enfrenta atitude machista e cala Marcos Rog\u00e9rio"},"content":{"rendered":"\n<figure class=\"wp-block-image size-large\"><img data-recalc-dims=\"1\" loading=\"lazy\" decoding=\"async\" width=\"600\" height=\"400\" data-attachment-id=\"31870\" data-permalink=\"http:\/\/blogdalucianaoliveira.com.br\/blog\/2021\/05\/13\/no-senado-leila-barros-enfrenta-atitude-machista-e-cala-marcos-rogerio\/387fb64f-18a8-4cff-ad24-f37dd3c13040\/\" data-orig-file=\"https:\/\/i0.wp.com\/blogdalucianaoliveira.com.br\/blog\/wp-content\/uploads\/2021\/05\/387FB64F-18A8-4CFF-AD24-F37DD3C13040.jpeg?fit=840%2C560\" data-orig-size=\"840,560\" data-comments-opened=\"0\" data-image-meta=\"{&quot;aperture&quot;:&quot;0&quot;,&quot;credit&quot;:&quot;&quot;,&quot;camera&quot;:&quot;&quot;,&quot;caption&quot;:&quot;&quot;,&quot;created_timestamp&quot;:&quot;0&quot;,&quot;copyright&quot;:&quot;&quot;,&quot;focal_length&quot;:&quot;0&quot;,&quot;iso&quot;:&quot;0&quot;,&quot;shutter_speed&quot;:&quot;0&quot;,&quot;title&quot;:&quot;&quot;,&quot;orientation&quot;:&quot;0&quot;}\" data-image-title=\"387FB64F-18A8-4CFF-AD24-F37DD3C13040\" data-image-description=\"\" data-image-caption=\"\" data-medium-file=\"https:\/\/i0.wp.com\/blogdalucianaoliveira.com.br\/blog\/wp-content\/uploads\/2021\/05\/387FB64F-18A8-4CFF-AD24-F37DD3C13040.jpeg?fit=300%2C200\" data-large-file=\"https:\/\/i0.wp.com\/blogdalucianaoliveira.com.br\/blog\/wp-content\/uploads\/2021\/05\/387FB64F-18A8-4CFF-AD24-F37DD3C13040.jpeg?fit=600%2C400\" src=\"https:\/\/i0.wp.com\/blogdalucianaoliveira.com.br\/blog\/wp-content\/uploads\/2021\/05\/387FB64F-18A8-4CFF-AD24-F37DD3C13040.jpeg?resize=600%2C400\" alt=\"\" class=\"wp-image-31870\" srcset=\"https:\/\/i0.wp.com\/blogdalucianaoliveira.com.br\/blog\/wp-content\/uploads\/2021\/05\/387FB64F-18A8-4CFF-AD24-F37DD3C13040.jpeg?w=840 840w, https:\/\/i0.wp.com\/blogdalucianaoliveira.com.br\/blog\/wp-content\/uploads\/2021\/05\/387FB64F-18A8-4CFF-AD24-F37DD3C13040.jpeg?resize=300%2C200 300w, https:\/\/i0.wp.com\/blogdalucianaoliveira.com.br\/blog\/wp-content\/uploads\/2021\/05\/387FB64F-18A8-4CFF-AD24-F37DD3C13040.jpeg?resize=768%2C512 768w, https:\/\/i0.wp.com\/blogdalucianaoliveira.com.br\/blog\/wp-content\/uploads\/2021\/05\/387FB64F-18A8-4CFF-AD24-F37DD3C13040.jpeg?resize=450%2C300 450w\" sizes=\"auto, (max-width: 600px) 100vw, 600px\" \/><\/figure>\n\n\n\n<p>O senador Marcos Rog\u00e9rio (DEM -RO), vem protagonizando seguidos vexames na tentativa tresloucada de defender o governo Bolsonaro na CPI da Covid.<\/p>\n\n\n\n<p>Na sess\u00e3o desta quarta-feira, 13,  que ouviu o ex-chefe da Comunica\u00e7\u00e3o do governo, F\u00e1bio Wanjgarten, ele teve um rompante machista.<\/p>\n\n\n\n<!--more-->\n\n\n\n<p>Marcos interrompeu a fala da senadora Leila Barros (PSB &#8211; DF) para impedir que ela divulgasse \u00e1udio que desmentia a testemunha<\/p>\n\n\n\n<p>O senador recorreu a uma frase cl\u00e1ssica de machistas para calar uma mulher.<\/p>\n\n\n\n<p>\u201cN\u00e3o fique nervosa\u201d, disse. <br><\/p>\n\n\n\n<div class=\"fb-post\" data-href=\"https:\/\/www.facebook.com\/100001977379087\/posts\/4107633992645806\/?d=n\" data-width=\"552\"><\/div>\n\n\n\n<p>Leila n\u00e3o se intimidou e seguiu esfregando a verdade na cara dele e demais aliados de Bolsonaro na gest\u00e3o da pandemia, que pode se provar criminosa. <\/p>\n\n\n\n<p>No Twitter a jornalista Sandra Annemberg denunciou a atitude machista:<\/p>\n\n\n\n<figure class=\"wp-block-image size-large\"><img data-recalc-dims=\"1\" loading=\"lazy\" decoding=\"async\" width=\"600\" height=\"258\" data-attachment-id=\"31873\" data-permalink=\"http:\/\/blogdalucianaoliveira.com.br\/blog\/2021\/05\/13\/no-senado-leila-barros-enfrenta-atitude-machista-e-cala-marcos-rogerio\/4aac87c4-596f-4b8e-85d7-b62d0ba7b204\/\" data-orig-file=\"https:\/\/i0.wp.com\/blogdalucianaoliveira.com.br\/blog\/wp-content\/uploads\/2021\/05\/4AAC87C4-596F-4B8E-85D7-B62D0BA7B204.jpeg?fit=828%2C356\" data-orig-size=\"828,356\" data-comments-opened=\"0\" data-image-meta=\"{&quot;aperture&quot;:&quot;0&quot;,&quot;credit&quot;:&quot;&quot;,&quot;camera&quot;:&quot;&quot;,&quot;caption&quot;:&quot;&quot;,&quot;created_timestamp&quot;:&quot;0&quot;,&quot;copyright&quot;:&quot;&quot;,&quot;focal_length&quot;:&quot;0&quot;,&quot;iso&quot;:&quot;0&quot;,&quot;shutter_speed&quot;:&quot;0&quot;,&quot;title&quot;:&quot;&quot;,&quot;orientation&quot;:&quot;1&quot;}\" data-image-title=\"4AAC87C4-596F-4B8E-85D7-B62D0BA7B204\" data-image-description=\"\" data-image-caption=\"\" data-medium-file=\"https:\/\/i0.wp.com\/blogdalucianaoliveira.com.br\/blog\/wp-content\/uploads\/2021\/05\/4AAC87C4-596F-4B8E-85D7-B62D0BA7B204.jpeg?fit=300%2C129\" data-large-file=\"https:\/\/i0.wp.com\/blogdalucianaoliveira.com.br\/blog\/wp-content\/uploads\/2021\/05\/4AAC87C4-596F-4B8E-85D7-B62D0BA7B204.jpeg?fit=600%2C258\" src=\"https:\/\/i0.wp.com\/blogdalucianaoliveira.com.br\/blog\/wp-content\/uploads\/2021\/05\/4AAC87C4-596F-4B8E-85D7-B62D0BA7B204.jpeg?resize=600%2C258\" alt=\"\" class=\"wp-image-31873\" srcset=\"https:\/\/i0.wp.com\/blogdalucianaoliveira.com.br\/blog\/wp-content\/uploads\/2021\/05\/4AAC87C4-596F-4B8E-85D7-B62D0BA7B204.jpeg?w=828 828w, https:\/\/i0.wp.com\/blogdalucianaoliveira.com.br\/blog\/wp-content\/uploads\/2021\/05\/4AAC87C4-596F-4B8E-85D7-B62D0BA7B204.jpeg?resize=300%2C129 300w, https:\/\/i0.wp.com\/blogdalucianaoliveira.com.br\/blog\/wp-content\/uploads\/2021\/05\/4AAC87C4-596F-4B8E-85D7-B62D0BA7B204.jpeg?resize=768%2C330 768w, https:\/\/i0.wp.com\/blogdalucianaoliveira.com.br\/blog\/wp-content\/uploads\/2021\/05\/4AAC87C4-596F-4B8E-85D7-B62D0BA7B204.jpeg?resize=698%2C300 698w\" sizes=\"auto, (max-width: 600px) 100vw, 600px\" \/><\/figure>\n\n\n\n<p>Quem acabou calado e humilhado foi Marcos Rog\u00e9rio que s\u00f3 tem passado vergonha na CPI. <br><\/p>\n\n\n\n<figure class=\"wp-block-image size-large\"><img data-recalc-dims=\"1\" loading=\"lazy\" decoding=\"async\" width=\"554\" height=\"312\" data-attachment-id=\"31871\" data-permalink=\"http:\/\/blogdalucianaoliveira.com.br\/blog\/2021\/05\/13\/no-senado-leila-barros-enfrenta-atitude-machista-e-cala-marcos-rogerio\/7861c61d-1841-4d3e-8ad2-06a71ffd49c7\/\" data-orig-file=\"https:\/\/i0.wp.com\/blogdalucianaoliveira.com.br\/blog\/wp-content\/uploads\/2021\/05\/7861C61D-1841-4D3E-8AD2-06A71FFD49C7.jpeg?fit=554%2C312\" data-orig-size=\"554,312\" data-comments-opened=\"0\" data-image-meta=\"{&quot;aperture&quot;:&quot;0&quot;,&quot;credit&quot;:&quot;&quot;,&quot;camera&quot;:&quot;&quot;,&quot;caption&quot;:&quot;&quot;,&quot;created_timestamp&quot;:&quot;0&quot;,&quot;copyright&quot;:&quot;&quot;,&quot;focal_length&quot;:&quot;0&quot;,&quot;iso&quot;:&quot;0&quot;,&quot;shutter_speed&quot;:&quot;0&quot;,&quot;title&quot;:&quot;&quot;,&quot;orientation&quot;:&quot;0&quot;}\" data-image-title=\"7861C61D-1841-4D3E-8AD2-06A71FFD49C7\" data-image-description=\"\" data-image-caption=\"\" data-medium-file=\"https:\/\/i0.wp.com\/blogdalucianaoliveira.com.br\/blog\/wp-content\/uploads\/2021\/05\/7861C61D-1841-4D3E-8AD2-06A71FFD49C7.jpeg?fit=300%2C169\" data-large-file=\"https:\/\/i0.wp.com\/blogdalucianaoliveira.com.br\/blog\/wp-content\/uploads\/2021\/05\/7861C61D-1841-4D3E-8AD2-06A71FFD49C7.jpeg?fit=554%2C312\" src=\"https:\/\/i0.wp.com\/blogdalucianaoliveira.com.br\/blog\/wp-content\/uploads\/2021\/05\/7861C61D-1841-4D3E-8AD2-06A71FFD49C7.jpeg?resize=554%2C312\" alt=\"\" class=\"wp-image-31871\" srcset=\"https:\/\/i0.wp.com\/blogdalucianaoliveira.com.br\/blog\/wp-content\/uploads\/2021\/05\/7861C61D-1841-4D3E-8AD2-06A71FFD49C7.jpeg?w=554 554w, https:\/\/i0.wp.com\/blogdalucianaoliveira.com.br\/blog\/wp-content\/uploads\/2021\/05\/7861C61D-1841-4D3E-8AD2-06A71FFD49C7.jpeg?resize=300%2C169 300w, https:\/\/i0.wp.com\/blogdalucianaoliveira.com.br\/blog\/wp-content\/uploads\/2021\/05\/7861C61D-1841-4D3E-8AD2-06A71FFD49C7.jpeg?resize=533%2C300 533w\" sizes=\"auto, (max-width: 554px) 100vw, 554px\" \/><\/figure>\n\n\n\n<p>Por outro epis\u00f3dio vergonhoso, recentemente o jornalista Reinaldo Azevedo classificou o senador como \u201cpau mandado\u201d de Bolsonaro.<\/p>\n\n\n\n<p><\/p>\n","protected":false},"excerpt":{"rendered":"<p>O senador Marcos Rog\u00e9rio (DEM -RO), vem protagonizando seguidos vexames na tentativa tresloucada de defender o governo Bolsonaro na CPI da Covid. Na sess\u00e3o desta quarta-feira, 13, que ouviu o ex-chefe da Comunica\u00e7\u00e3o do governo, F\u00e1bio Wanjgarten, ele teve um rompante machista.<\/p>\n","protected":false},"author":1,"featured_media":0,"comment_status":"closed","ping_status":"open","sticky":false,"template":"","format":"standard","meta":{"_exactmetrics_skip_tracking":false,"_exactmetrics_sitenote_active":false,"_exactmetrics_sitenote_note":"","_exactmetrics_sitenote_category":0,"jetpack_post_was_ever_published":false,"_jetpack_newsletter_access":"","_jetpack_dont_email_post_to_subs":false,"_jetpack_newsletter_tier_id":0,"_jetpack_memberships_contains_paywalled_content":false,"_jetpack_memberships_contains_paid_content":false,"footnotes":"","jetpack_publicize_message":"","jetpack_publicize_feature_enabled":true,"jetpack_social_post_already_shared":true,"jetpack_social_options":{"image_generator_settings":{"template":"highway","enabled":false},"version":2}},"categories":[1],"tags":[363,478,529],"class_list":["post-31869","post","type-post","status-publish","format-standard","hentry","category-notas","tag-covid","tag-cpi","tag-marcos-rogerio"],"jetpack_publicize_connections":[],"jetpack_sharing_enabled":true,"jetpack_featured_media_url":"","jetpack_shortlink":"https:\/\/wp.me\/p7wKYW-8i1","jetpack-related-posts":[],"_links":{"self":[{"href":"http:\/\/blogdalucianaoliveira.com.br\/blog\/wp-json\/wp\/v2\/posts\/31869","targetHints":{"allow":["GET"]}}],"collection":[{"href":"http:\/\/blogdalucianaoliveira.com.br\/blog\/wp-json\/wp\/v2\/posts"}],"about":[{"href":"http:\/\/blogdalucianaoliveira.com.br\/blog\/wp-json\/wp\/v2\/types\/post"}],"author":[{"embeddable":true,"href":"http:\/\/blogdalucianaoliveira.com.br\/blog\/wp-json\/wp\/v2\/users\/1"}],"replies":[{"embeddable":true,"href":"http:\/\/blogdalucianaoliveira.com.br\/blog\/wp-json\/wp\/v2\/comments?post=31869"}],"version-history":[{"count":5,"href":"http:\/\/blogdalucianaoliveira.com.br\/blog\/wp-json\/wp\/v2\/posts\/31869\/revisions"}],"predecessor-version":[{"id":31878,"href":"http:\/\/blogdalucianaoliveira.com.br\/blog\/wp-json\/wp\/v2\/posts\/31869\/revisions\/31878"}],"wp:attachment":[{"href":"http:\/\/blogdalucianaoliveira.com.br\/blog\/wp-json\/wp\/v2\/media?parent=31869"}],"wp:term":[{"taxonomy":"category","embeddable":true,"href":"http:\/\/blogdalucianaoliveira.com.br\/blog\/wp-json\/wp\/v2\/categories?post=31869"},{"taxonomy":"post_tag","embeddable":true,"href":"http:\/\/blogdalucianaoliveira.com.br\/blog\/wp-json\/wp\/v2\/tags?post=31869"}],"curies":[{"name":"wp","href":"https:\/\/api.w.org\/{rel}","templated":true}]}}