{"id":31887,"date":"2021-05-13T16:52:35","date_gmt":"2021-05-13T20:52:35","guid":{"rendered":"http:\/\/blogdalucianaoliveira.com.br\/blog\/?p=31887"},"modified":"2021-05-13T16:54:59","modified_gmt":"2021-05-13T20:54:59","slug":"cpi-da-covid-executivo-da-pfizer-confirma-que-governo-bolsonaro-ignorou-ofertas-de-70-milhoes-de-doses-de-vacinas","status":"publish","type":"post","link":"http:\/\/blogdalucianaoliveira.com.br\/blog\/2021\/05\/13\/cpi-da-covid-executivo-da-pfizer-confirma-que-governo-bolsonaro-ignorou-ofertas-de-70-milhoes-de-doses-de-vacinas\/","title":{"rendered":"CPI da Covid: executivo da Pfizer confirma que governo Bolsonaro ignorou ofertas de 70 milh\u00f5es de doses de vacinas"},"content":{"rendered":"\n<figure class=\"wp-block-image size-large\"><img data-recalc-dims=\"1\" loading=\"lazy\" decoding=\"async\" width=\"600\" height=\"338\" data-attachment-id=\"31889\" data-permalink=\"http:\/\/blogdalucianaoliveira.com.br\/blog\/2021\/05\/13\/cpi-da-covid-executivo-da-pfizer-confirma-que-governo-bolsonaro-ignorou-ofertas-de-70-milhoes-de-doses-de-vacinas\/mu-4\/\" data-orig-file=\"https:\/\/i0.wp.com\/blogdalucianaoliveira.com.br\/blog\/wp-content\/uploads\/2021\/05\/MU.jpg?fit=800%2C450\" data-orig-size=\"800,450\" data-comments-opened=\"0\" data-image-meta=\"{&quot;aperture&quot;:&quot;0&quot;,&quot;credit&quot;:&quot;&quot;,&quot;camera&quot;:&quot;&quot;,&quot;caption&quot;:&quot;&quot;,&quot;created_timestamp&quot;:&quot;0&quot;,&quot;copyright&quot;:&quot;&quot;,&quot;focal_length&quot;:&quot;0&quot;,&quot;iso&quot;:&quot;0&quot;,&quot;shutter_speed&quot;:&quot;0&quot;,&quot;title&quot;:&quot;&quot;,&quot;orientation&quot;:&quot;0&quot;}\" data-image-title=\"MU\" data-image-description=\"\" data-image-caption=\"\" data-medium-file=\"https:\/\/i0.wp.com\/blogdalucianaoliveira.com.br\/blog\/wp-content\/uploads\/2021\/05\/MU.jpg?fit=300%2C169\" data-large-file=\"https:\/\/i0.wp.com\/blogdalucianaoliveira.com.br\/blog\/wp-content\/uploads\/2021\/05\/MU.jpg?fit=600%2C338\" src=\"https:\/\/i0.wp.com\/blogdalucianaoliveira.com.br\/blog\/wp-content\/uploads\/2021\/05\/MU.jpg?resize=600%2C338&#038;ssl=1\" alt=\"\" class=\"wp-image-31889\" srcset=\"https:\/\/i0.wp.com\/blogdalucianaoliveira.com.br\/blog\/wp-content\/uploads\/2021\/05\/MU.jpg?w=800 800w, https:\/\/i0.wp.com\/blogdalucianaoliveira.com.br\/blog\/wp-content\/uploads\/2021\/05\/MU.jpg?resize=300%2C169 300w, https:\/\/i0.wp.com\/blogdalucianaoliveira.com.br\/blog\/wp-content\/uploads\/2021\/05\/MU.jpg?resize=768%2C432 768w, https:\/\/i0.wp.com\/blogdalucianaoliveira.com.br\/blog\/wp-content\/uploads\/2021\/05\/MU.jpg?resize=533%2C300 533w\" sizes=\"auto, (max-width: 600px) 100vw, 600px\" \/><\/figure>\n\n\n\n<p><strong>BBC<\/strong> &#8211; O gerente-geral da farmac\u00eautica Pfizer na Am\u00e9rica Latina, Carlos Murillo, confirmou em seu depoimento aos senadores da CPI da Covid que o governo de Jair Bolsonaro rejeitou tr\u00eas ofertas de 70 milh\u00f5es de doses da vacina Pfizer\/BioNTech, cujas primeiras doses poderiam ter sido entregues em dezembro de 2020. A CPI investiga a\u00e7\u00f5es e omiss\u00f5es do governo durante a pandemia.<\/p>\n\n\n\n<!--more-->\n\n\n\n<p>Segundo o executivo, que era presidente da Pfizer no Brasil em 2020, a primeira oferta de 70 milh\u00f5es de doses, em 14 agosto, tinha prazo para resposta de 15 dias \u2014 governo ignorou o prazo e a oferta expirou.<\/p>\n\n\n\n<p>A segunda e terceira ofertas de 70 milh\u00f5es de doses foram feitas em 18 e 26 de agosto, e tamb\u00e9m n\u00e3o foram aceitas pelo governo, segundo Carlos Murillo.<\/p>\n\n\n\n<p>Todas as ofertas tinham cronograma de in\u00edcio da entrega em 2020. A terceira oferta, em 26 de agosto, previa a entrega de 1,5 milh\u00e3o de doses ainda em dezembro do ano passado e mais 3 milh\u00f5es no primeiro trimestre de 2021 \u2014 o resto seria entregue ao longo do ano.<\/p>\n\n\n\n<p>Segundo Murillo, n\u00e3o houve atrasos at\u00e9 agora no cronograma de entrega da empresa \u2014 ou seja, se o governo tivesse aceito alguma das propostas, as primeiras vacinas da Pfizer teriam chegado ao Brasil ainda em dezembro de 2020 e a vacina\u00e7\u00e3o poderia ter sido iniciada com um pedido de aprova\u00e7\u00e3o da Anvisa para uso emergencial do imunizante.<br><\/p>\n\n\n\n<p>Foi isso que aconteceu com a Coronavac, do Instituto Butantan, contratada pelo governo de S\u00e3o Paulo antes da aprova\u00e7\u00e3o da ag\u00eancia. A vacina\u00e7\u00e3o come\u00e7ou em 17 de janeiro, dia em que a Anvisa (Ag\u00eancia Nacional de Vigil\u00e2ncia Sanit\u00e1ria) concedeu autoriza\u00e7\u00e3o de uso emergencial \u00e0 Coronavac.<\/p>\n\n\n\n<p>Em fevereiro, a Anvisa deu aprova\u00e7\u00e3o definitiva para a vacina da Pfizer, um dos primeiros pa\u00edses do mundo a faz\u00ea-lo. Mas o contrato com a empresa s\u00f3 foi fechado em mar\u00e7o e a primeira remessa de cerca de 1 milh\u00e3o de doses da vacina da Pfizer\/BioNTech chegou ao Brasil no final do \u00faltimo m\u00eas de abril.<\/p>\n\n\n\n<p>Murillo afirmou \u00e0 CPI que os outros pa\u00edses fecharam o contrato de compra antes da aprova\u00e7\u00e3o das ag\u00eancias regulat\u00f3rias. Nos EUA, a vacina\u00e7\u00e3o come\u00e7ou em 14 de dezembro de 2020 com aprova\u00e7\u00e3o emergencial pela FDA, a ag\u00eancia regulat\u00f3ria americana.<\/p>\n\n\n\n<figure class=\"wp-block-image\"><img data-recalc-dims=\"1\" decoding=\"async\" src=\"https:\/\/i0.wp.com\/ichef.bbci.co.uk\/news\/640\/cpsprodpb\/293C\/production\/_118465501_51171934904_d6c498ae9e_k-1.jpg?w=600&#038;ssl=1\" alt=\"Chegada de doses da Pfizer a Porto Alegre, em 10 de maio\"\/><figcaption>Legenda da foto,Chegada de doses da Pfizer a Porto Alegre, em 10 de maio; cr\u00edticos afirmam que Brasil ficou &#8216;no fim da fila&#8217; global para receber imunizante<\/figcaption><\/figure>\n\n\n\n<h2 class=\"wp-block-heading\" id=\"Fechamento-do-contrato-e-pre\u00e7os\">Fechamento do contrato e pre\u00e7os<\/h2>\n\n\n\n<p>Segundo Murillo, em novembro o governo brasileiro afirmou que o contrato s\u00f3 poderia ser feito ap\u00f3s a aprova\u00e7\u00e3o da Anvisa, portanto novas ofertas s\u00f3 foram feitas em 2021, depois que a ag\u00eancia regulat\u00f3ria deu seu parecer positivo para a vacina da Pfizer.<\/p>\n\n\n\n<p>O contato do governo federal com a empresa s\u00f3 foi fechado em 8 mar\u00e7o, quando a pandemia atingia pico no Brasil e o n\u00famero de mortos por covid-19 chegava a 400 mil. O contrato fechado prev\u00ea 100 milh\u00f5es de doses, com as primeiras 14 milh\u00f5es de doses chegando no segundo trimestre de 2021.<\/p>\n\n\n\n<p>As primeiras 1 milh\u00e3o de doses da vacina da Pfizer\/BioNTech chegaram ao Brasil no final do \u00faltimo m\u00eas de abril.<\/p>\n\n\n\n<p>A pol\u00edtica de pre\u00e7os da empresa, disse o executivo, \u00e9 de tr\u00eas pre\u00e7os diferentes para tr\u00eas tipos de pa\u00edses: na\u00e7\u00f5es com renda alta, m\u00e9dia e baixa. O Brasil se situaria entre as na\u00e7\u00f5es com renda m\u00e9dia e o pre\u00e7o ofertado sempre foi de 10 d\u00f3lares por dose.<\/p>\n\n\n\n<p>O executivo tamb\u00e9m afirmou que todos os pa\u00edses foram procurados pela Pfizer ao mesmo momento.<\/p>\n\n\n\n<figure class=\"wp-block-image\"><img data-recalc-dims=\"1\" decoding=\"async\" src=\"https:\/\/i0.wp.com\/ichef.bbci.co.uk\/news\/640\/cpsprodpb\/18480\/production\/_118465499_51169851167_4c4dd5cab9_k.jpg?w=600&#038;ssl=1\" alt=\"Chegada de doses da Pfizer ao Distrito Federal, em 10 de maio\"\/><figcaption>Legenda da foto,Doses da vacina da Pfizer; empresa afirmou que governo federal rejeitou compra de 70 milh\u00f5es de doses no ano passado<\/figcaption><\/figure>\n\n\n\n<h2 class=\"wp-block-heading\" id=\"Carta-a-Bolsonaro-e-envolvimento-de-Wajngarten\">Carta a Bolsonaro e envolvimento de Wajngarten<\/h2>\n\n\n\n<p>Murillo tamb\u00e9m confirmou que a empresa enviou uma carta ao presidente Jair Bolsonaro assinada pelo presidente global da empresa, no final do ano passado. O objetivo era tentar fazer com que as negocia\u00e7\u00f5es avan\u00e7assem.<\/p>\n\n\n\n<p>O documento mencionava as tr\u00eas ofertas feitas em agosto e a inten\u00e7\u00e3o da empresa de avan\u00e7ar as negocia\u00e7\u00f5es com o Brasil. Segundo Murillo, essa carta n\u00e3o foi respondida nem pelo presidente nem pelo minist\u00e9rio da Sa\u00fade.<\/p>\n\n\n\n<p>&#8220;N\u00e3o recebemos resposta da presid\u00eancia&#8221;, disse Murillo.<\/p>\n\n\n\n<p>Em novembro, no entanto, houve uma reuni\u00e3o presencial entre Carlos Murillo e membros do minist\u00e9rio da Economia para tratar sobre a compra das vacinas. De acordo com o executivo, todas as informa\u00e7\u00f5es dispon\u00edveis foram apresentadas.<\/p>\n\n\n\n<p>Murillo confirmou que conversou com o ex-secret\u00e1rio de Comunica\u00e7\u00f5es F\u00e1bio Wajngarten sobre o imunizante. Disse que foi Wajngarten que procurou a empresa e n\u00e3o o contr\u00e1rio.<\/p>\n\n\n\n<p>&#8220;As conversas com o F\u00e1bio Wajngarten, no nosso entendimento, foi para uma poss\u00edvel coordena\u00e7\u00e3o dele&#8221;, disse Wajngarten, mas negocia\u00e7\u00e3o em si, afirmou, foi sempre com o minist\u00e9rio da Sa\u00fade. Depois, questionado novamente sobre o assunto, Murillo afirmou que nunca houve &#8220;expectativa formal&#8221; de que ele coordenasse, mas que a empresa considerou importante o contato pois Wajngarten tinha circula\u00e7\u00e3o entre outros minist\u00e9rios.<\/p>\n\n\n\n<p>&#8220;Eu n\u00e3o conhe\u00e7o o funcionamento dos \u00f3rg\u00e3os governamentais e n\u00e3o posso indicar a fun\u00e7\u00e3o (que ele tinha), mas posso enfatizar que nossa negocia\u00e7\u00e3o foi com o minist\u00e9rio da Sa\u00fade&#8221;<\/p>\n\n\n\n<p>As discuss\u00f5es em torno da demora para adquirir vacinas foram respons\u00e1veis por alguns dos momentos mais tensos do depoimento do ex-secret\u00e1rio de Comunica\u00e7\u00e3o do governo, Fabio Wajngarten, \u00e0 CPI na quarta-feira, em que ele&nbsp;<a href=\"https:\/\/www.bbc.com\/portuguese\/brasil-57094906\">confirmou ter se envolvido nas tratativas e confirmou a lentid\u00e3o do governo em responder \u00e0 Pfizer<\/a>&nbsp;.<\/p>\n\n\n\n<p>O ex-secret\u00e1rio de Comunica\u00e7\u00f5es havia dito \u00e0 revista Veja que as negocia\u00e7\u00f5es n\u00e3o avan\u00e7aram por &#8220;incompet\u00eancia&#8221; do minist\u00e9rio da Sa\u00fade.<\/p>\n\n\n\n<p>Durante a CPI, no entanto, Wajgarten disse \u00e0 CPI que nunca tinha feito parte destas negocia\u00e7\u00f5es e que apenas participou com reuni\u00f5es com a Pfizer &#8220;para ajudar&#8221;.<\/p>\n\n\n\n<p>O ex-secret\u00e1rio tamb\u00e9m disse que procurou Bolsonaro para falar do assunto e cobrar que o assunto avan\u00e7asse.<\/p>\n\n\n\n<p>Wajngarten tamb\u00e9m disse que procurou pessoas p\u00fablicas e empres\u00e1rios para tentar viabilizar a compra de doses desta vacina. &#8220;Tenho muito orgulho disso.&#8221;<\/p>\n\n\n\n<h2 class=\"wp-block-heading\" id=\"A\u00e7\u00f5es-de-Pazuello\">A\u00e7\u00f5es de Pazuello<\/h2>\n\n\n\n<p>Carlos Murillo afirmou que teve apenas duas intera\u00e7\u00f5es com o ministro da Sa\u00fade Eduardo Pazuello.<\/p>\n\n\n\n<p>A primeira, disse ele, foi em novembro, quando ele ligou ao executivo por celular se colocando \u00e0 disposi\u00e7\u00e3o para negociar \u2014 neste momento t\u00ednhamos feito uma nova oferta (al\u00e9m das tr\u00eas iniciais de agosto) de 70 milh\u00f5es.<\/p>\n\n\n\n<p>A segunda foi pessoalmente no minist\u00e9rio da Sa\u00fade, em uma reuni\u00e3o em 22 de dezembro, com a equipe do minist\u00e9rio que estava cuidando das tratativas.<\/p>\n\n\n\n<p>&#8220;Ele disse que as negocia\u00e7\u00f5es estavam avan\u00e7ando e que precis\u00e1vamos de mais doses para o Brasil. E eu afirmei nosso compromisso de buscar cada vez mais doses para o Brasil.&#8221;<\/p>\n\n\n\n<p>Em nenhum dos momentos houve fechamento de compromisso de compra.<\/p>\n\n\n\n<h2 class=\"wp-block-heading\" id=\"Cl\u00e1usulas-leoninas-e-dificuldades-da-negocia\u00e7\u00e3o\">Cl\u00e1usulas &#8216;leoninas&#8217; e dificuldades da negocia\u00e7\u00e3o<\/h2>\n\n\n\n<p>Questionado sobre as dificuldades na negocia\u00e7\u00e3o com o minist\u00e9rio da Sa\u00fade, Murillo afirmou que inicialmente &#8220;os temas complexos da negocia\u00e7\u00e3o&#8221; eram relacionados \u00e0 quest\u00e3o log\u00edstica.<\/p>\n\n\n\n<p>&#8220;O minist\u00e9rio tinha preocupa\u00e7\u00e3o porque nossa vacina requer um armazenamento de -70\u00ba C e isso era uma preocupa\u00e7\u00e3o. Mas em novembro apresentamos uma caixa de armazenamento que era um avan\u00e7o da ci\u00eancia que permitia manter a temperatura apenas com gelo seco&#8221;, disse.<\/p>\n\n\n\n<p>Em seguida, afirmou, as preocupa\u00e7\u00f5es do minist\u00e9rio se tornaram outras duas quest\u00f5es, disse Murillo.<\/p>\n\n\n\n<p>&#8220;Uma era o registro da Anvisa e a segunda era uma autoriza\u00e7\u00e3o legislativa espec\u00edfica para atender as condi\u00e7\u00f5es contratuais&#8221;, isso foi objeto das negocia\u00e7\u00f5es entre dezembro e fevereiro.<\/p>\n\n\n\n<p>Carlos Murillo afirmou que n\u00e3o \u00e9 verdade a informa\u00e7\u00e3o passada pelo ministro da sa\u00fade Eduardo Pazuello ao senado, em fevereiro, de que a Pfizer tinha oferecido apenas 6 milh\u00f5es de doses.<\/p>\n\n\n\n<p>Murillo disse novamente que as ofertas da Pfizer ao governo brasileiro foram de 70 milh\u00f5es de doses, e n\u00e3o de 6 milh\u00f5es.<\/p>\n\n\n\n<p>O executivo tamb\u00e9m disse que n\u00e3o concorda com o posicionamento de Pazuello de que as condi\u00e7\u00f5es contratuais eram &#8220;leoninas&#8221;.<\/p>\n\n\n\n<p>&#8220;As condi\u00e7\u00f5es que oferecemos para o Brasil s\u00e3o exatamente as mesmas que a Pfizer negociou com 110 pa\u00edses no mundo&#8221;, disse Murillo.<\/p>\n\n\n\n<p>&#8220;Nesse pandemia a Pfizer correu um risco sem precedente e exigiu a todos os pa\u00edses as mesmas condi\u00e7\u00f5es que exigiu para o Brasil.&#8221;<\/p>\n\n\n\n<h2 class=\"wp-block-heading\" id=\"Falas-de-Bolsonaro\">Falas de Bolsonaro<\/h2>\n\n\n\n<p>O relator Renan Calheiros tamb\u00e9m perguntou sobre as falas do presidente da Rep\u00fablica contr\u00e1rias \u00e0 vacina, como em dezembro, quando Bolsonaro falou que quem tomasse vacina poderia &#8220;virar jacar\u00e9&#8221;.<\/p>\n\n\n\n<p>&#8220;N\u00f3s somos uma companhia baseada na ci\u00eancia. Apesar dessas declara\u00e7\u00f5es, continuamos com nosso objetivo de tornar a vacina dispon\u00edvel para o p\u00fablico brasileiro&#8221;, disse Murillo. &#8220;Eu nunca ouvi essas palavras de parte das pessoas que eu estava negociando. Elas nunca fizeram declara\u00e7\u00f5es assim.&#8221;<\/p>\n\n\n\n<h2 class=\"wp-block-heading\" id=\"Pergunta-com-base-em-informa\u00e7\u00e3o-errada\">Pergunta com base em informa\u00e7\u00e3o errada<\/h2>\n\n\n\n<p>Apesar de ser composta majoritariamente por senadores oposicionistas ou independentes, a CPI tamb\u00e9m tem a participa\u00e7\u00e3o de alguns senadores governistas.<\/p>\n\n\n\n<p>Um deles \u00e9 o senador Marcos Rog\u00e9rio (DEM-RO), que tamb\u00e9m questionou o executivo da Pfizer.<\/p>\n\n\n\n<p>Algumas de suas perguntas, no entanto, foram baseadas em informa\u00e7\u00f5es erradas. Rog\u00e9rio afirmou que &#8220;a informa\u00e7\u00e3o que eu tenho \u00e9 que a vacina\u00e7\u00e3o nos EUA n\u00e3o come\u00e7ou em dezembro&#8221; e questionou como a Pfizer entregaria vacinas ao Brasil naquele m\u00eas se, segundo ele, a vacina\u00e7\u00e3o n\u00e3o tinha come\u00e7ado em dezembro nos EUA.<\/p>\n\n\n\n<p>No entanto, essa informa\u00e7\u00e3o do senador n\u00e3o \u00e9 verdadeira.<\/p>\n\n\n\n<p>A vacina\u00e7\u00e3o contra covid, com vacinas da Pfizer\/BioNTech, come\u00e7ou no dia 14 de dezembro de 2020 nos Estados Unidos, alguns dias depois da FDA (ag\u00eancia regulat\u00f3ria americana) aprovar, em 11 de dezembro, uma autoriza\u00e7\u00e3o emergencial para o seu uso.<\/p>\n\n\n\n<p>Os Estados Unidos foi um dos pa\u00edses que fechou o contrato de compra com a empresa antes a autoriza\u00e7\u00e3o de sua ag\u00eancia regulat\u00f3ria, e iniciou a vacina\u00e7\u00e3o pouco tempo depois da entrega das vacinas.<\/p>\n\n\n\n<h2 class=\"wp-block-heading\" id=\"Reuni\u00e3o-com-Wajngarten-e-Carlos-Bolsonaro\">Reuni\u00e3o com Wajngarten e Carlos Bolsonaro<\/h2>\n\n\n\n<p>Murillo afirmou que a reuni\u00e3o de Wajngarten com uma representante do departamento jur\u00eddico da Pfizer no Pal\u00e1cio do Planalto no ano passado contou com a presen\u00e7a do vereador Carlos Bolsonaro, filho do presidente, e do assessor internacional da presid\u00eancia da Rep\u00fablica, Filipe Martins.<\/p>\n\n\n\n<p>Em uma descri\u00e7\u00e3o do encontro lida pelo executivo diz-se que ap\u00f3s cerca de uma hora de reuni\u00e3o, Wajngarten recebe uma liga\u00e7\u00e3o e sai da sala. Minutos depois, entram Martins e Carlos Bolsonaro.<\/p>\n\n\n\n<p>Em seu depoimento na quarta (12\/05), Wajngarten negou que tivesse contato frequente com o filho do presidente, disse que n\u00e3o costumava se reunir com ele e que a quantidade de vezes que os dois haviam trocado palavras cabia em uma m\u00e3o.<\/p>\n\n\n\n<p>O epis\u00f3dio foi revisitado outras vezes durante a sess\u00e3o. O senador Rog\u00e9rio Carvalho (PT-SE) chamou aten\u00e7\u00e3o para o fato de que o filho do presidente n\u00e3o exerce cargo na administra\u00e7\u00e3o federal, j\u00e1 que \u00e9 vereador pelo Rio de Janeiro.<\/p>\n\n\n\n<p>&#8220;Isso n\u00e3o \u00e9 justific\u00e1vel e nem republicano&#8221;, afirmou.<\/p>\n\n\n\n<p>J\u00e1 Fernando Bezerra (MDB-PE) pediu que Murillo repetisse a informa\u00e7\u00e3o para confirmar que Carlos n\u00e3o havia permanecido durante a reuni\u00e3o.<\/p>\n\n\n\n<p>As anota\u00e7\u00f5es relatavam, contudo, que, ap\u00f3s a entrada de Carlos e Filipe na sala, Wajngarten teria explicado para ambos os esclarecimentos dados pela empresa e que o filho do presidente teria ficado &#8220;brevemente&#8221; antes de sair da sala.<\/p>\n\n\n\n<p><br><\/p>\n","protected":false},"excerpt":{"rendered":"<p>BBC &#8211; O gerente-geral da farmac\u00eautica Pfizer na Am\u00e9rica Latina, Carlos Murillo, confirmou em seu depoimento aos senadores da CPI da Covid que o governo de Jair Bolsonaro rejeitou tr\u00eas ofertas de 70 milh\u00f5es de doses da vacina Pfizer\/BioNTech, cujas primeiras doses poderiam ter sido entregues em dezembro de 2020. A CPI investiga a\u00e7\u00f5es e&#8230;<a class=\"more-link\" href=\"http:\/\/blogdalucianaoliveira.com.br\/blog\/2021\/05\/13\/cpi-da-covid-executivo-da-pfizer-confirma-que-governo-bolsonaro-ignorou-ofertas-de-70-milhoes-de-doses-de-vacinas\/\">Continue a leitura <span class=\"meta-nav\">&raquo;<\/span><\/a><\/p>\n","protected":false},"author":1,"featured_media":0,"comment_status":"closed","ping_status":"open","sticky":false,"template":"","format":"standard","meta":{"_exactmetrics_skip_tracking":false,"_exactmetrics_sitenote_active":false,"_exactmetrics_sitenote_note":"","_exactmetrics_sitenote_category":0,"jetpack_post_was_ever_published":false,"_jetpack_newsletter_access":"","_jetpack_dont_email_post_to_subs":false,"_jetpack_newsletter_tier_id":0,"_jetpack_memberships_contains_paywalled_content":false,"_jetpack_memberships_contains_paid_content":false,"footnotes":"","jetpack_publicize_message":"","jetpack_publicize_feature_enabled":true,"jetpack_social_post_already_shared":true,"jetpack_social_options":{"image_generator_settings":{"template":"highway","enabled":false},"version":2}},"categories":[1],"tags":[],"class_list":["post-31887","post","type-post","status-publish","format-standard","hentry","category-notas"],"jetpack_publicize_connections":[],"jetpack_sharing_enabled":true,"jetpack_featured_media_url":"","jetpack_shortlink":"https:\/\/wp.me\/p7wKYW-8ij","jetpack-related-posts":[],"_links":{"self":[{"href":"http:\/\/blogdalucianaoliveira.com.br\/blog\/wp-json\/wp\/v2\/posts\/31887","targetHints":{"allow":["GET"]}}],"collection":[{"href":"http:\/\/blogdalucianaoliveira.com.br\/blog\/wp-json\/wp\/v2\/posts"}],"about":[{"href":"http:\/\/blogdalucianaoliveira.com.br\/blog\/wp-json\/wp\/v2\/types\/post"}],"author":[{"embeddable":true,"href":"http:\/\/blogdalucianaoliveira.com.br\/blog\/wp-json\/wp\/v2\/users\/1"}],"replies":[{"embeddable":true,"href":"http:\/\/blogdalucianaoliveira.com.br\/blog\/wp-json\/wp\/v2\/comments?post=31887"}],"version-history":[{"count":2,"href":"http:\/\/blogdalucianaoliveira.com.br\/blog\/wp-json\/wp\/v2\/posts\/31887\/revisions"}],"predecessor-version":[{"id":31890,"href":"http:\/\/blogdalucianaoliveira.com.br\/blog\/wp-json\/wp\/v2\/posts\/31887\/revisions\/31890"}],"wp:attachment":[{"href":"http:\/\/blogdalucianaoliveira.com.br\/blog\/wp-json\/wp\/v2\/media?parent=31887"}],"wp:term":[{"taxonomy":"category","embeddable":true,"href":"http:\/\/blogdalucianaoliveira.com.br\/blog\/wp-json\/wp\/v2\/categories?post=31887"},{"taxonomy":"post_tag","embeddable":true,"href":"http:\/\/blogdalucianaoliveira.com.br\/blog\/wp-json\/wp\/v2\/tags?post=31887"}],"curies":[{"name":"wp","href":"https:\/\/api.w.org\/{rel}","templated":true}]}}