{"id":31897,"date":"2021-05-14T06:09:37","date_gmt":"2021-05-14T10:09:37","guid":{"rendered":"http:\/\/blogdalucianaoliveira.com.br\/blog\/?p=31897"},"modified":"2021-05-14T06:09:42","modified_gmt":"2021-05-14T10:09:42","slug":"prazo-de-execucao-dos-projetos-oriundos-da-lei-aldir-blanc-em-rondonia-e-prorrogado","status":"publish","type":"post","link":"http:\/\/blogdalucianaoliveira.com.br\/blog\/2021\/05\/14\/prazo-de-execucao-dos-projetos-oriundos-da-lei-aldir-blanc-em-rondonia-e-prorrogado\/","title":{"rendered":"Prazo de execu\u00e7\u00e3o dos projetos oriundos da Lei Aldir Blanc em Rond\u00f4nia \u00e9 prorrogado"},"content":{"rendered":"\n<figure class=\"wp-block-image size-large\"><img data-recalc-dims=\"1\" loading=\"lazy\" decoding=\"async\" width=\"600\" height=\"400\" data-attachment-id=\"31898\" data-permalink=\"http:\/\/blogdalucianaoliveira.com.br\/blog\/2021\/05\/14\/prazo-de-execucao-dos-projetos-oriundos-da-lei-aldir-blanc-em-rondonia-e-prorrogado\/aeb4f755-333b-4cd2-8c4f-08dd66f8d929\/\" data-orig-file=\"https:\/\/i0.wp.com\/blogdalucianaoliveira.com.br\/blog\/wp-content\/uploads\/2021\/05\/AEB4F755-333B-4CD2-8C4F-08DD66F8D929.jpeg?fit=870%2C580\" data-orig-size=\"870,580\" data-comments-opened=\"0\" data-image-meta=\"{&quot;aperture&quot;:&quot;0&quot;,&quot;credit&quot;:&quot;&quot;,&quot;camera&quot;:&quot;&quot;,&quot;caption&quot;:&quot;&quot;,&quot;created_timestamp&quot;:&quot;0&quot;,&quot;copyright&quot;:&quot;&quot;,&quot;focal_length&quot;:&quot;0&quot;,&quot;iso&quot;:&quot;0&quot;,&quot;shutter_speed&quot;:&quot;0&quot;,&quot;title&quot;:&quot;&quot;,&quot;orientation&quot;:&quot;0&quot;}\" data-image-title=\"AEB4F755-333B-4CD2-8C4F-08DD66F8D929\" data-image-description=\"\" data-image-caption=\"\" data-medium-file=\"https:\/\/i0.wp.com\/blogdalucianaoliveira.com.br\/blog\/wp-content\/uploads\/2021\/05\/AEB4F755-333B-4CD2-8C4F-08DD66F8D929.jpeg?fit=300%2C200\" data-large-file=\"https:\/\/i0.wp.com\/blogdalucianaoliveira.com.br\/blog\/wp-content\/uploads\/2021\/05\/AEB4F755-333B-4CD2-8C4F-08DD66F8D929.jpeg?fit=600%2C400\" src=\"https:\/\/i0.wp.com\/blogdalucianaoliveira.com.br\/blog\/wp-content\/uploads\/2021\/05\/AEB4F755-333B-4CD2-8C4F-08DD66F8D929.jpeg?resize=600%2C400\" alt=\"\" class=\"wp-image-31898\" srcset=\"https:\/\/i0.wp.com\/blogdalucianaoliveira.com.br\/blog\/wp-content\/uploads\/2021\/05\/AEB4F755-333B-4CD2-8C4F-08DD66F8D929.jpeg?w=870 870w, https:\/\/i0.wp.com\/blogdalucianaoliveira.com.br\/blog\/wp-content\/uploads\/2021\/05\/AEB4F755-333B-4CD2-8C4F-08DD66F8D929.jpeg?resize=300%2C200 300w, https:\/\/i0.wp.com\/blogdalucianaoliveira.com.br\/blog\/wp-content\/uploads\/2021\/05\/AEB4F755-333B-4CD2-8C4F-08DD66F8D929.jpeg?resize=768%2C512 768w, https:\/\/i0.wp.com\/blogdalucianaoliveira.com.br\/blog\/wp-content\/uploads\/2021\/05\/AEB4F755-333B-4CD2-8C4F-08DD66F8D929.jpeg?resize=450%2C300 450w\" sizes=\"auto, (max-width: 600px) 100vw, 600px\" \/><\/figure>\n\n\n\n<p><strong>Assessoria<\/strong> &#8211; O Governo de Rond\u00f4nia, por meio da Superintend\u00eancia Estadual da Juventude, Cultura, Esporte e Lazer (Sejucel), informa que foram prorrogados os prazos para execu\u00e7\u00e3o de projetos culturais oriundos de recursos da\u00a0<a href=\"http:\/\/www.planalto.gov.br\/ccivil_03\/_ato2019-2022\/2020\/lei\/L14017.htm\">Lei Aldir Blanc<\/a>\u00a0do Governo Federal, utilizados por meio de editais publicados em 2020. <br><\/p>\n\n\n\n<!--more-->\n\n\n\n<p>Com a prorroga\u00e7\u00e3o, todos os proponentes que aderiram ao investimento, mas, que ainda n\u00e3o conseguiram finalizar ou colocar seu trabalho em pr\u00e1tica, ter\u00e3o agora mais tempo e tranquilidade durante a produ\u00e7\u00e3o.<\/p>\n\n\n\n<p>A iniciativa est\u00e1 em conson\u00e2ncia com a&nbsp;<a href=\"http:\/\/www.rondonia.ro.gov.br\/Users\/Sugespe\/Downloads\/SEI_ABC%20-%200017925253%20-%20Portaria.pdf\">Portaria n\u00ba 82, de 13 de maio de 2021<\/a>, que determina a atribui\u00e7\u00e3o de um prazo de 60 dias a mais aos contemplados do benef\u00edcio. A Sejucel esclarece, que logo que o recurso foi repassado aos proponentes, havia um prazo de 120 dias (contados a partir do recebimento) para a execu\u00e7\u00e3o dos projetos. No entanto, uma an\u00e1lise t\u00e9cnica da Coordenadoria de Cultura, constatou que alguns participantes n\u00e3o conseguiram concluir seus trabalhos no tempo estipulado, principalmente, por motivo de doen\u00e7a, sendo necess\u00e1rio atender a este p\u00fablico com a presente determina\u00e7\u00e3o.<\/p>\n\n\n\n<p>Vale ressaltar que \u00e9 interesse do pr\u00f3prio Poder Executivo desenvolver a\u00e7\u00f5es mais assertivas no \u00e2mbito rondoniense, uma vez que, a sociedade em geral vem enfrentando um momento at\u00edpico devido a pandemia provocada pelo coronav\u00edrus. Assim, considera-se que a Lei Aldir Blanc foi criada para atender ao setor da cultura, que foi um dos principais segmentos da classe trabalhadora afetado pelas medidas restritivas de combate ao v\u00edrus.<\/p>\n\n\n\n<p>Todo recurso desta lei \u00e9 gerenciado pela Sejucel, que constata, no ano passado, a contempla\u00e7\u00e3o de mais de 300 profissionais da Cultura entre as oito publica\u00e7\u00f5es dos&nbsp;<a href=\"http:\/\/www.rondonia.ro.gov.br\/secel\/institucional\/2-cultura\/editais-lei-aldir-blanc\/\">editais<\/a>&nbsp;para fins de produ\u00e7\u00e3o art\u00edstico-cultural, em meio a diferentes tipos de projetos. De acordo com o titular da Superintend\u00eancia, Jobson Bandeira, \u201cdecidir prorrogar os prazos de elabora\u00e7\u00e3o dos trabalhos \u00e9 o mais adequado, tendo em vista sua relev\u00e2ncia para o interesse p\u00fablico, em especial, a vida humana, sendo esta devidamente assegurada\u201d.<\/p>\n\n\n\n<p><strong>PRAZOS<\/strong><\/p>\n\n\n\n<p>No mesmo ato normativo, a Sejucel convoca os proponentes que se enquadram na Portaria de Prorroga\u00e7\u00e3o dos oito editais de chamamento p\u00fablico e premia\u00e7\u00f5es, os quais encaminharam documenta\u00e7\u00e3o complementar que foi paga na forma da Portaria n\u00ba 176, de 10 de setembro de 2020, a apresentarem um Cronograma de Execu\u00e7\u00e3o atualizado de a\u00e7\u00f5es planejadas.<\/p>\n\n\n\n<p>O prazo para envio de item ou qualquer outra solicita\u00e7\u00e3o de altera\u00e7\u00e3o do projeto ter\u00e1 in\u00edcio a partir da data da publica\u00e7\u00e3o desta portaria, encerrando-se no dia 24 de maio de 2021, \u00e0s 23h59. Ap\u00f3s este per\u00edodo, n\u00e3o ser\u00e1 aceito o recebimento de solicita\u00e7\u00f5es ou questionamentos por parte da Comiss\u00e3o T\u00e9cnica de respostas aos e-mails oficiais dos oito editais de convoca\u00e7\u00e3o.<\/p>\n\n\n\n<p>A Coordenadoria de Cultura tamb\u00e9m destaca que, de acordo com a decis\u00e3o legal, o Cronograma de Execu\u00e7\u00e3o atualizado deve ser enviado para o e-mail:&nbsp;<a href=\"mailto:culturasecelro@gmail.com\">culturasecelro@gmail.com<\/a>, em formul\u00e1rio pr\u00f3prio, conforme modelo dispon\u00edvel no site:&nbsp;<a href=\"http:\/\/www.rondonia.ro.gov.br\/secel\/cronograma-de-execucao\/\">http:\/\/www.rondonia.ro.gov.br\/secel\/cronograma-de-execucao\/<\/a><\/p>\n\n\n\n<p><\/p>\n","protected":false},"excerpt":{"rendered":"<p>Assessoria &#8211; O Governo de Rond\u00f4nia, por meio da Superintend\u00eancia Estadual da Juventude, Cultura, Esporte e Lazer (Sejucel), informa que foram prorrogados os prazos para execu\u00e7\u00e3o de projetos culturais oriundos de recursos da\u00a0Lei Aldir Blanc\u00a0do Governo Federal, utilizados por meio de editais publicados em 2020.<\/p>\n","protected":false},"author":1,"featured_media":0,"comment_status":"closed","ping_status":"open","sticky":false,"template":"","format":"standard","meta":{"_exactmetrics_skip_tracking":false,"_exactmetrics_sitenote_active":false,"_exactmetrics_sitenote_note":"","_exactmetrics_sitenote_category":0,"jetpack_post_was_ever_published":false,"_jetpack_newsletter_access":"","_jetpack_dont_email_post_to_subs":false,"_jetpack_newsletter_tier_id":0,"_jetpack_memberships_contains_paywalled_content":false,"_jetpack_memberships_contains_paid_content":false,"footnotes":"","jetpack_publicize_message":"","jetpack_publicize_feature_enabled":true,"jetpack_social_post_already_shared":true,"jetpack_social_options":{"image_generator_settings":{"template":"highway","enabled":false},"version":2}},"categories":[1],"tags":[],"class_list":["post-31897","post","type-post","status-publish","format-standard","hentry","category-notas"],"jetpack_publicize_connections":[],"jetpack_sharing_enabled":true,"jetpack_featured_media_url":"","jetpack_shortlink":"https:\/\/wp.me\/p7wKYW-8it","jetpack-related-posts":[],"_links":{"self":[{"href":"http:\/\/blogdalucianaoliveira.com.br\/blog\/wp-json\/wp\/v2\/posts\/31897","targetHints":{"allow":["GET"]}}],"collection":[{"href":"http:\/\/blogdalucianaoliveira.com.br\/blog\/wp-json\/wp\/v2\/posts"}],"about":[{"href":"http:\/\/blogdalucianaoliveira.com.br\/blog\/wp-json\/wp\/v2\/types\/post"}],"author":[{"embeddable":true,"href":"http:\/\/blogdalucianaoliveira.com.br\/blog\/wp-json\/wp\/v2\/users\/1"}],"replies":[{"embeddable":true,"href":"http:\/\/blogdalucianaoliveira.com.br\/blog\/wp-json\/wp\/v2\/comments?post=31897"}],"version-history":[{"count":1,"href":"http:\/\/blogdalucianaoliveira.com.br\/blog\/wp-json\/wp\/v2\/posts\/31897\/revisions"}],"predecessor-version":[{"id":31899,"href":"http:\/\/blogdalucianaoliveira.com.br\/blog\/wp-json\/wp\/v2\/posts\/31897\/revisions\/31899"}],"wp:attachment":[{"href":"http:\/\/blogdalucianaoliveira.com.br\/blog\/wp-json\/wp\/v2\/media?parent=31897"}],"wp:term":[{"taxonomy":"category","embeddable":true,"href":"http:\/\/blogdalucianaoliveira.com.br\/blog\/wp-json\/wp\/v2\/categories?post=31897"},{"taxonomy":"post_tag","embeddable":true,"href":"http:\/\/blogdalucianaoliveira.com.br\/blog\/wp-json\/wp\/v2\/tags?post=31897"}],"curies":[{"name":"wp","href":"https:\/\/api.w.org\/{rel}","templated":true}]}}