{"id":31903,"date":"2021-05-14T06:53:43","date_gmt":"2021-05-14T10:53:43","guid":{"rendered":"http:\/\/blogdalucianaoliveira.com.br\/blog\/?p=31903"},"modified":"2021-05-14T06:53:46","modified_gmt":"2021-05-14T10:53:46","slug":"isso-nao-e-uma-guerra-olhares-palestinos-sobre-ataques-em-burin-gaza-e-jerusalem","status":"publish","type":"post","link":"http:\/\/blogdalucianaoliveira.com.br\/blog\/2021\/05\/14\/isso-nao-e-uma-guerra-olhares-palestinos-sobre-ataques-em-burin-gaza-e-jerusalem\/","title":{"rendered":"&#8220;Isso n\u00e3o \u00e9 uma guerra&#8221;: olhares palestinos sobre ataques em Burin, Gaza e Jerusal\u00e9m"},"content":{"rendered":"\n<figure class=\"wp-block-image size-large\"><img data-recalc-dims=\"1\" loading=\"lazy\" decoding=\"async\" width=\"600\" height=\"401\" data-attachment-id=\"31904\" data-permalink=\"http:\/\/blogdalucianaoliveira.com.br\/blog\/2021\/05\/14\/isso-nao-e-uma-guerra-olhares-palestinos-sobre-ataques-em-burin-gaza-e-jerusalem\/israel-palestinian-conflict\/\" data-orig-file=\"https:\/\/i0.wp.com\/blogdalucianaoliveira.com.br\/blog\/wp-content\/uploads\/2021\/05\/4E8F59DA-69F7-4D97-941F-8BB07C0CE384.jpeg?fit=800%2C534\" data-orig-size=\"800,534\" data-comments-opened=\"0\" data-image-meta=\"{&quot;aperture&quot;:&quot;0&quot;,&quot;credit&quot;:&quot;AFP&quot;,&quot;camera&quot;:&quot;&quot;,&quot;caption&quot;:&quot;Israeli soldiers fire a 155mm self-propelled howitzer towards the Gaza Strip from their position near the southern Israeli city of Sderot on May 12, 2021. - Israel&#039;s Defence Minister Benny Gantz vowed more attacks on Hamas and other Palestinian militant groups in Gaza to bring \\&quot;total, long-term quiet\\&quot; before considering a ceasefire. (Photo by Menahem KAHANA \\\/ AFP)&quot;,&quot;created_timestamp&quot;:&quot;1620825982&quot;,&quot;copyright&quot;:&quot;AFP or licensors&quot;,&quot;focal_length&quot;:&quot;0&quot;,&quot;iso&quot;:&quot;0&quot;,&quot;shutter_speed&quot;:&quot;0&quot;,&quot;title&quot;:&quot;ISRAEL-PALESTINIAN-CONFLICT&quot;,&quot;orientation&quot;:&quot;1&quot;}\" data-image-title=\"ISRAEL-PALESTINIAN-CONFLICT\" data-image-description=\"\" data-image-caption=\"&lt;p&gt;Israeli soldiers fire a 155mm self-propelled howitzer towards the Gaza Strip from their position near the southern Israeli city of Sderot on May 12, 2021. &amp;#8211; Israel&amp;#8217;s Defence Minister Benny Gantz vowed more attacks on Hamas and other Palestinian militant groups in Gaza to bring &amp;#8220;total, long-term quiet&amp;#8221; before considering a ceasefire. (Photo by Menahem KAHANA \/ AFP)&lt;\/p&gt;\n\" data-medium-file=\"https:\/\/i0.wp.com\/blogdalucianaoliveira.com.br\/blog\/wp-content\/uploads\/2021\/05\/4E8F59DA-69F7-4D97-941F-8BB07C0CE384.jpeg?fit=300%2C200\" data-large-file=\"https:\/\/i0.wp.com\/blogdalucianaoliveira.com.br\/blog\/wp-content\/uploads\/2021\/05\/4E8F59DA-69F7-4D97-941F-8BB07C0CE384.jpeg?fit=600%2C401\" src=\"https:\/\/i0.wp.com\/blogdalucianaoliveira.com.br\/blog\/wp-content\/uploads\/2021\/05\/4E8F59DA-69F7-4D97-941F-8BB07C0CE384.jpeg?resize=600%2C401\" alt=\"\" class=\"wp-image-31904\" srcset=\"https:\/\/i0.wp.com\/blogdalucianaoliveira.com.br\/blog\/wp-content\/uploads\/2021\/05\/4E8F59DA-69F7-4D97-941F-8BB07C0CE384.jpeg?w=800 800w, https:\/\/i0.wp.com\/blogdalucianaoliveira.com.br\/blog\/wp-content\/uploads\/2021\/05\/4E8F59DA-69F7-4D97-941F-8BB07C0CE384.jpeg?resize=300%2C200 300w, https:\/\/i0.wp.com\/blogdalucianaoliveira.com.br\/blog\/wp-content\/uploads\/2021\/05\/4E8F59DA-69F7-4D97-941F-8BB07C0CE384.jpeg?resize=768%2C513 768w, https:\/\/i0.wp.com\/blogdalucianaoliveira.com.br\/blog\/wp-content\/uploads\/2021\/05\/4E8F59DA-69F7-4D97-941F-8BB07C0CE384.jpeg?resize=449%2C300 449w\" sizes=\"auto, (max-width: 600px) 100vw, 600px\" \/><\/figure>\n\n\n\n<h4 class=\"wp-block-heading\">H\u00e1 exatos 73 anos, cria\u00e7\u00e3o do Estado de Israel dava in\u00edcio a um processo de \u201climpeza \u00e9tnica\u201d que prossegue at\u00e9 hoje<\/h4>\n\n\n\n<!--more-->\n\n\n\n<p>Daniel Giovanaz &#8211; Brasil de Fato\u00a0<\/p>\n\n\n\n<p>Fogo na vila de Burin&nbsp;<a href=\"https:\/\/www.brasildefato.com.br\/2021\/05\/07\/dia-de-al-quds-palestinos-celebram-resistencia-em-meio-a-ataques-da-extrema-direita\" target=\"_blank\" rel=\"noreferrer noopener\">destr\u00f3i casas e p\u00e9s de oliveira<\/a>. Ataques contra mu\u00e7ulmanos que oravam na mesquita de Al-Aqsa, terceiro lugar mais sagrado do Isl\u00e3,&nbsp;<a href=\"https:\/\/www.brasildefato.com.br\/2021\/05\/10\/conflito-arabe-israelense-se-agrava-em-pleno-ramada-9-palestinos-sao-mortos-em-gaza\" target=\"_blank\" rel=\"noreferrer noopener\">deixam 300 feridos<\/a>. Bombardeios&nbsp;<a href=\"https:\/\/www.brasildefato.com.br\/2021\/05\/12\/palestina-registra-48-mortos-por-bombardeios-de-israel-na-faixa-de-gaza\" target=\"_blank\" rel=\"noreferrer noopener\">matam 48 e ferem mais de mil na Faixa de Gaza<\/a>. Em paralelo, Israel mant\u00e9m o despejo de 38 fam\u00edlias palestinas no bairro Sheikh Jarrah, em Jerusal\u00e9m Oriental.<\/p>\n\n\n\n<p>Essa sequ\u00eancia brutal de acontecimentos ocorreu nos \u00faltimos dez dias de&nbsp;<a href=\"https:\/\/www.brasildefato.com.br\/2021\/05\/07\/solidariedade-fe-e-jejum-entenda-o-que-e-o-ramada-o-mes-sagrado-para-os-muculmanos\" target=\"_blank\" rel=\"noreferrer noopener\">Ramad\u00e3<\/a>, m\u00eas sagrado para os mu\u00e7ulmanos.<\/p>\n\n\n\n<p>O Estado de Israel afirma que apenas responde \u00e0 viol\u00eancia. O Al-Qassam, bra\u00e7o militar do grupo isl\u00e2mico Hamas, reivindicou o disparo de foguetes no \u00faltimo domingo (9), ferindo militares israelenses.<\/p>\n\n\n\n<p>Por\u00e9m, o que as ag\u00eancias de not\u00edcia internacionais chamam de \u201ctens\u00e3o\u201d e \u201cconflito\u201d segue uma&nbsp;<a href=\"https:\/\/www.brasildefato.com.br\/2021\/05\/13\/repressao-de-israel-durante-ramada-e-golpe-no-coracao-de-muculmanos-diz-especialista\" target=\"_blank\" rel=\"noreferrer noopener\">tend\u00eancia irrefut\u00e1vel h\u00e1 73 anos<\/a>: a quase totalidade das v\u00edtimas \u00e9&nbsp;palestina.<\/p>\n\n\n\n<p>\u201c\u00c9 apavorante. As pessoas saem de casa pela manh\u00e3 sem saber se v\u00e3o voltar \u00e0 noite. O Ex\u00e9rcito de Israel usa qualquer pretexto para atacar inocentes\u201d, relata a engenheira civil Sama Sawalha. Ela \u00e9 mu\u00e7ulmana e vive no vilarejo Asira ash-Shamaliya, no norte da Palestina.<\/p>\n\n\n\n<p>\u201cSe as leis internacionais fossem aplicadas, e Israel tivesse sido responsabilizado pelos crimes cometidos h\u00e1 d\u00e9cadas, n\u00e3o chegar\u00edamos a esse grau de viol\u00eancia hoje, com cada vez mais v\u00edtimas inocentes\u201d, lamenta.<\/p>\n\n\n\n<p>Antecedentes<\/p>\n\n\n\n<p>Palestina \u00e9 a denomina\u00e7\u00e3o hist\u00f3rica da \u00e1rea que hoje cobre o Estado de Israel, a Cisjord\u00e2nia e a Faixa de Gaza. Por mais de 800 anos, a regi\u00e3o fazia parte do Imp\u00e9rio Otomano \u2013 e j\u00e1 se chamava Palestina.<\/p>\n\n\n\n<p>Em maio de 1916, durante a 1\u00aa Guerra Mundial, Fran\u00e7a e Inglaterra assinaram secretamente&nbsp;o acordo de&nbsp;Sykes-Picot, dividindo o&nbsp;territ\u00f3rio do Imp\u00e9rio Otomano&nbsp;antes mesmo de derrot\u00e1-lo. Com o fim da guerra, a Palestina manteve seu nome, mas ficou sob dom\u00ednio brit\u00e2nico.<\/p>\n\n\n\n<p>J\u00e1 nos debates do&nbsp;acordo de 1916&nbsp;havia men\u00e7\u00e3o a um projeto sionista, para cria\u00e7\u00e3o de um Estado de Israel na regi\u00e3o. Essa promessa se concretizou em 14 de maio de 1948, com base em uma recomenda\u00e7\u00e3o da&nbsp;<a href=\"https:\/\/news.un.org\/pt\/\" target=\"_blank\" rel=\"noreferrer noopener\">Organiza\u00e7\u00e3o das Na\u00e7\u00f5es Unidas (ONU)<\/a>.<\/p>\n\n\n\n<p>A proposta original era dividir a Palestina em dois Estados \u2013 um \u00e1rabe e outro judeu. Jerusal\u00e9m seria uma \u201ccidade internacional\u201d, administrada pelas Na\u00e7\u00f5es Unidas, para evitar conflitos.<\/p>\n\n\n\n<p>Israel se autodeclarou independente em 14 de maio de 1948, mas nunca respeitou os limites recomendados pela ONU. Mesmo assim, foi aceito como membro da organiza\u00e7\u00e3o multilateral no ano seguinte.<\/p>\n\n\n\n<p>Em novembro de 1967, o Ex\u00e9rcito de Israel venceu a chamada Guerra dos Seis Dias e tomou a&nbsp;Faixa de Gaza,&nbsp;a Pen\u00ednsula do Sinai,&nbsp;Jerusal\u00e9m Oriental&nbsp;e as Colinas de Gol\u00e3. Mais de 15 mil \u00e1rabes foram mortos na defesa de seus territ\u00f3rios. Do lado israelense, foram cerca de 900 \u00f3bitos.<\/p>\n\n\n\n<p>A Resolu\u00e7\u00e3o 242 das Na\u00e7\u00f5es Unidas, que determinou a&nbsp;retirada de Israel de territ\u00f3rios ocupados, jamais foi cumprida.<\/p>\n\n\n\n<figure class=\"wp-block-image\"><img data-recalc-dims=\"1\" decoding=\"async\" src=\"https:\/\/i0.wp.com\/images01.brasildefato.com.br\/db792f51a15e21174b4b663fd0aa486b.jpeg?w=600&#038;ssl=1\" alt=\"\"\/><\/figure>\n\n\n\n<p><br>Mulheres palestinas em protesto contra a ocupa\u00e7\u00e3o israelense: uma realidade que j\u00e1 dura mais de 70 anosa \/ Reprodu\u00e7\u00e3o Carta Capital<\/p>\n\n\n\n<p>Filhos da di\u00e1spora<\/p>\n\n\n\n<p>A anexa\u00e7\u00e3o violenta do territ\u00f3rio palestino provocou a destrui\u00e7\u00e3o de centenas de aldeias. Dentre os que conseguiram&nbsp;sobreviver, a maioria buscou ref\u00fagio em outros lugares do planeta. Mais de 711 mil \u00e1rabes deixaram a regi\u00e3o entre 1948 e 1949, segundo as Na\u00e7\u00f5es Unidas.<\/p>\n\n\n\n<p>Enfermeira em Porto Alegre (RS), F\u00e1tima Ali \u00e9 filha da di\u00e1spora palestina, que se intensificou nas d\u00e9cadas seguintes.<\/p>\n\n\n\n<p>\u201cPara fundar um pa\u00eds onde j\u00e1 h\u00e1 povoa\u00e7\u00e3o, \u00e9 preciso eliminar a popula\u00e7\u00e3o daquele local. Por isso, a gente diz que a Palestina sobrevive a um processo de limpeza \u00e9tnica. \u00c9 isso que o nosso povo sofre desde 1948\u201d, resume.<\/p>\n\n\n\n<p>O pai de F\u00e1tima emigrou da Palestina em 1961. De um total de sete irm\u00e3os, ele foi o \u00fanico que veio ao Brasil. Tr\u00eas j\u00e1 faleceram, um est\u00e1 na Espanha, outro na It\u00e1lia, e apenas Mahmoud \u2013 pai de Sama, que aparece no in\u00edcio da reportagem \u2013 permanece na Palestina.<\/p>\n\n\n\n<p>\u201cGuardo at\u00e9 hoje um documento de quando meu pai chega no Brasil, que diz<em>&nbsp;sem nacionalidade<\/em>\u201d, conta F\u00e1tima, que cresceu junto \u00e0 comunidade palestina no Rio Grande do Sul.<\/p>\n\n\n\n<p>\u201cA minha vida toda, a gente sempre vivenciou muito a hist\u00f3ria da ocupa\u00e7\u00e3o na Palestina, porque o meu pai dizia que n\u00f3s t\u00ednhamos a responsabilidade de dar continuidade \u00e0 resist\u00eancia\u201d, relata.<\/p>\n\n\n\n<p>Hoje, F\u00e1tima \u00e9 vice-presidenta da&nbsp;<a href=\"https:\/\/fepal.com.br\/sobre\/\" target=\"_blank\" rel=\"noreferrer noopener\">Federa\u00e7\u00e3o \u00c1rabe Palestina do Brasil (FEPAL)<\/a>.<\/p>\n\n\n\n<p>O contato com a prima Sama e com os parentes espalhados pelo mundo \u00e9 facilitado pela internet e pelas redes sociais. \u201cUm tempo atr\u00e1s, era uma liga\u00e7\u00e3o por ano. Lembro da ang\u00fastia de esperar por uma carta, com not\u00edcias deles\u201d, lembra a brasileira.<\/p>\n\n\n\n<p>Sem direito de ir e vir<\/p>\n\n\n\n<p>Embora a escalada de viol\u00eancia ocorra a centenas de quil\u00f4metros de onde vive sua fam\u00edlia, F\u00e1tima sabe que os moradores do territ\u00f3rio palestino s\u00e3o v\u00edtimas constantes de opress\u00e3o. Ela trabalhou como enfermeira na Faixa de Gaza durante a Primeira Intifada (1987-1993), manifesta\u00e7\u00e3o espont\u00e2nea da popula\u00e7\u00e3o palestina, com paus e pedras, contra a ocupa\u00e7\u00e3o israelense.<\/p>\n\n\n\n<p>\u201cTemos prisioneiros sem julgamento, crian\u00e7as em pris\u00f5es palestinas, mulheres palestinas em pris\u00f5es israelenses&#8230; \u00c9&nbsp;um projeto genocida\u201d, define.<\/p>\n\n\n\n<p>A prima dela, Sama, ressalta as viola\u00e7\u00f5es ao direito de ir e vir dentro do territ\u00f3rio palestino. \u201cTemos mais de 400&nbsp;<em>checkpoints&nbsp;<\/em>[barreiras israelenses] entre as cidades palestinas sobre a Cisjord\u00e2nia. Quando os conflitos come\u00e7am, eles fecham o acesso \u00e0s cidades\u201d, conta.<\/p>\n\n\n\n<p>\u201cSe voc\u00ea trabalha ou estuda em uma cidade vizinha, acaba se atrasando quatro ou cinco horas, at\u00e9 conseguir autoriza\u00e7\u00e3o para passar.\u201d<\/p>\n\n\n\n<figure class=\"wp-block-image\"><img data-recalc-dims=\"1\" decoding=\"async\" src=\"https:\/\/i0.wp.com\/images01.brasildefato.com.br\/5ac0d0336ae54e11c7c153c323c12d2e.jpeg?w=600&#038;ssl=1\" alt=\"\"\/><\/figure>\n\n\n\n<p><br>F\u00e1tima Ali [ao centro, de camisa branca] em visita \u00e0 fam\u00edlia na Palestina, em 2012 \/ Arquivo pessoal<\/p>\n\n\n\n<p>Raja Abu Nabah \u00e9 mu\u00e7ulmano, nasceu na regi\u00e3o da Cisjord\u00e2nia e passou anos no Brasil trabalhando como comerciante. De volta ao Oriente M\u00e9dio, trabalhou como tradutor de treinadores de futebol brasileiros, como Sebasti\u00e3o Lazaroni e P\u00e9ricles Chamusca.<\/p>\n\n\n\n<p>A busca por oportunidades fora da Palestina atravessa gera\u00e7\u00f5es. Dos quatro filhos, apenas um vive com ele. \u201cEst\u00e1 estudando para o vestibular e ainda n\u00e3o sabe para onde vai\u201d, diz Raja, em portugu\u00eas fluente.<\/p>\n\n\n\n<p>Perguntado sobre os ataques recentes, ele diz que n\u00e3o \u00e9 analista pol\u00edtico, por isso n\u00e3o se sente \u00e0 vontade para comentar.<\/p>\n\n\n\n<p>\u201cQuem mais sente a viol\u00eancia e a humilha\u00e7\u00e3o, aqui onde eu moro, \u00e9 quem trabalha em outra cidade e precisa viajar todo dia\u201d, conta.<\/p>\n\n\n\n<p>\u201cSe voc\u00ea perguntar a qualquer pessoa o que ela mais deseja na vida, \u00e9 viver em paz. \u00c9 os filhos poderem ir e vir sem medo de tiro, sem serem parados no caminho por um soldado que os humilhe. Andar com liberdade\u201d, acrescenta.<\/p>\n\n\n\n<p>Desde a cria\u00e7\u00e3o do Estado de Israel, em maio de 1948, esse sonho parece mais distante.<\/p>\n\n\n\n<p>\u201cQuando algu\u00e9m entra em um pa\u00eds e n\u00e3o respeita seus moradores, fica dif\u00edcil. Imagina eu entrar no Brasil, criar um outro pa\u00eds e n\u00e3o respeitar os moradores que estavam l\u00e1\u201d, compara.<\/p>\n\n\n\n<p>Perto do fogo<\/p>\n\n\n\n<p>Antes que o mundo voltasse aos olhos para os ataques recentes em Gaza e Jerusal\u00e9m, agricultores na prov\u00edncia de Nablus j\u00e1 viviam noites de terror.<\/p>\n\n\n\n<p>Entre os dias 3 e 4, colonos judeus de extrema direita atearam fogo em fazendas palestinas e atacaram casas na vila ocupada de Burin, segundo a ag\u00eancia de not\u00edcias Wafa.<\/p>\n\n\n\n<p>A psic\u00f3loga palestina Reema Al Kilani vive em Nablus, capital da prov\u00edncia de mesmo nome, a 9 km de Burin.<\/p>\n\n\n\n<p>\u201cEstamos sob ocupa\u00e7\u00e3o desde 1967, e esses ataques s\u00e3o um problema que existe desde que come\u00e7aram os assentamentos ilegais sobre terras palestinas na nossa regi\u00e3o\u201d, relata.<\/p>\n\n\n\n<p>Cerca de 600 mil colonos judeus vivem em mais de 250 assentamentos ilegais na Cisjord\u00e2nia. Destes, cerca de 40 est\u00e3o na prov\u00edncia de Nablus.<\/p>\n\n\n\n<p>\u201cEles atacam as pessoas, especialmente as crian\u00e7as, para que elas se sintam for\u00e7adas a deixar suas terras\u201d, diz Reema. \u201cAs crian\u00e7as, para eles, s\u00e3o uma amea\u00e7a porque representam o futuro, a possibilidade de perman\u00eancia dos palestinos em suas terras pelos pr\u00f3ximos anos.\u201d<\/p>\n\n\n\n<p>A psic\u00f3loga conta que os alvos de ataques geralmente s\u00e3o escolas, para atingir crian\u00e7as, e cultivos de azeitonas. \u201cEles queimam especialmente as oliveiras, porque a renda das fam\u00edlias depende delas\u201d, diz.<\/p>\n\n\n\n<p>\u201cE tamb\u00e9m porque essas \u00e1rvores s\u00e3o uma esp\u00e9cie de testamento, provando que estamos aqui h\u00e1 centenas de anos e somos os donos da terra. Queimar as oliveiras \u00e9 queimar toda nossa exist\u00eancia passada na terra\u201d, completa Reema.<\/p>\n\n\n\n<p>Os ataques geralmente ocorrem no entorno de Nablus, e n\u00e3o na \u00e1rea urbana da cidade. Para a psic\u00f3loga, a maior dificuldade hoje \u00e9 o deslocamento dentro do pa\u00eds.<\/p>\n\n\n\n<p>\u201c\u00c9 mais f\u00e1cil visitar meu filho que est\u00e1 na Argentina, do outro lado do mundo, do que os parentes que vivem mais perto. Tenho outro filho em Gaza, por exemplo, e n\u00e3o conseguimos nos encontrar nos \u00faltimos doze anos. S\u00e3o 90 minutos de viagem\u201d, lamenta.<\/p>\n\n\n\n<p>\u201cMinha prima, que mora em Jerusal\u00e9m, tamb\u00e9m fiquei anos sem visitar, por n\u00e3o conseguir permiss\u00e3o. S\u00e3o 50 minutos daqui at\u00e9 l\u00e1\u201d, acrescenta.<\/p>\n\n\n\n<p>N\u00e3o \u00e9 guerra<\/p>\n\n\n\n<p>Ali Abur&nbsp;vive em uma vila perto de Ramallah, na Palestina. Ele morou no Brasil entre os 15 e os 55 anos, e voltou em 2007 para cuidar dos cultivos de oliveira que herdou de seu pai. \u201cEssas \u00e1rvores de azeitona s\u00e3o aben\u00e7oadas por Deus, segundo o Alcor\u00e3o\u201d, lembra.<\/p>\n\n\n\n<p>As not\u00edcias dos ataques em Gaza e em Jerusal\u00e9m, ele recebe pela televis\u00e3o. \u201cQueremos paz para o \u00e1rabe, para o israelense. Queremos que nossos filhos vivam como as crian\u00e7as do outro lado do mundo, que tenham estudo, liberdade de ir e voltar sem problema nenhum\u201d, diz.<\/p>\n\n\n\n<p>\u201cNo momento em que houver&nbsp;paz entre Palestina e Israel, acredito que o mundo inteiro ficar\u00e1 em paz e harmonia.\u201d O agricultor, que \u00e9 mu\u00e7ulmano, afirma que a paz deve ser garantida a todos, independentemente da religi\u00e3o:<\/p>\n\n\n\n<p>\u201cMorei 40 anos no Brasil, e meu vizinho era judeu. Uma pessoa excelente! Eu trabalhava com com\u00e9rcio, ent\u00e3o ia comprar em S\u00e3o Paulo, e a maioria dos vendedores eram judeus. Meus amigos, gente fina, sempre tive boa rela\u00e7\u00e3o\u201d, recorda.<\/p>\n\n\n\n<p>Jerusal\u00e9m \u00e9 uma cidade sagrada para judeus, crist\u00e3os e mu\u00e7ulmanos. \u201cDeveria ser a cidade mais bonita do mundo, justamente por isso\u201d, afirma Ali.<\/p>\n\n\n\n<p>A paz que ele sonha parece cada vez mais distante.<\/p>\n\n\n\n<p>\u201cIsrael viola o direito dos mu\u00e7ulmanos \u00e0 ora\u00e7\u00e3o\u201d, diz a engenheira civil Sama Sawalha, que tem p\u00e9ssimas lembran\u00e7as das vezes em que esteve em Jerusal\u00e9m.<\/p>\n\n\n\n<p>\u201cAs for\u00e7as de seguran\u00e7a de Israel protegem os judeus conservadores por qualquer a\u00e7\u00e3o ilegal contra a mesquita Al-Aqsa e contra os mu\u00e7ulmanos que vivem no entorno dela\u201d, diz.<\/p>\n\n\n\n<p>\u201cEra para ser uma cidade com tr\u00eas religi\u00f5es, mas hoje est\u00e1 dominada por uma.\u201d<\/p>\n\n\n\n<p>Vivendo em Porto Alegre, mas com o cora\u00e7\u00e3o junto da fam\u00edlia, em Asira ash-Shamaliya, F\u00e1tima Ali lembra que as palavras t\u00eam grande peso simb\u00f3lico e pol\u00edtico quando o assunto \u00e9 Palestina.<\/p>\n\n\n\n<p>\u201cN\u00e3o se trata de um&nbsp;<em>conflito religioso<\/em>. A Palestina hist\u00f3rica era um territ\u00f3rio onde conviviam palestinos mu\u00e7ulmanos, em sua maioria, mas tamb\u00e9m&nbsp;crist\u00e3os e judeus\u201d, diz.<\/p>\n\n\n\n<p>\u201cE tamb\u00e9m n\u00e3o h\u00e1&nbsp;<em>guerra<\/em>. H\u00e1 uma tentativa de genoc\u00eddio, um projeto de coloniza\u00e7\u00e3o, de dom\u00ednio de um povo, com for\u00e7as completamente desproporcionais\u201d, completa, lembrando que Israel \u00e9 um dos maiores produtores de armas do mundo.<\/p>\n\n\n\n<p>\u201cEnfim, nesses dias tenho dito que Palestina deveria ser um verbo. Sobreviver, resistir, existir. Ela \u00e9 sin\u00f4nimo disso, e de&nbsp;<em>esperan\u00e7ar<\/em>, como diria Paulo Freire\u201d, finaliza.<\/p>\n\n\n\n<p>Edi\u00e7\u00e3o: Vin\u00edcius Segalla<\/p>\n","protected":false},"excerpt":{"rendered":"<p>H\u00e1 exatos 73 anos, cria\u00e7\u00e3o do Estado de Israel dava in\u00edcio a um processo de \u201climpeza \u00e9tnica\u201d que prossegue at\u00e9 hoje<\/p>\n","protected":false},"author":1,"featured_media":0,"comment_status":"closed","ping_status":"open","sticky":false,"template":"","format":"standard","meta":{"_exactmetrics_skip_tracking":false,"_exactmetrics_sitenote_active":false,"_exactmetrics_sitenote_note":"","_exactmetrics_sitenote_category":0,"jetpack_post_was_ever_published":false,"_jetpack_newsletter_access":"","_jetpack_dont_email_post_to_subs":false,"_jetpack_newsletter_tier_id":0,"_jetpack_memberships_contains_paywalled_content":false,"_jetpack_memberships_contains_paid_content":false,"footnotes":"","jetpack_publicize_message":"","jetpack_publicize_feature_enabled":true,"jetpack_social_post_already_shared":true,"jetpack_social_options":{"image_generator_settings":{"template":"highway","enabled":false},"version":2}},"categories":[1],"tags":[],"class_list":["post-31903","post","type-post","status-publish","format-standard","hentry","category-notas"],"jetpack_publicize_connections":[],"jetpack_sharing_enabled":true,"jetpack_featured_media_url":"","jetpack_shortlink":"https:\/\/wp.me\/p7wKYW-8iz","jetpack-related-posts":[],"_links":{"self":[{"href":"http:\/\/blogdalucianaoliveira.com.br\/blog\/wp-json\/wp\/v2\/posts\/31903","targetHints":{"allow":["GET"]}}],"collection":[{"href":"http:\/\/blogdalucianaoliveira.com.br\/blog\/wp-json\/wp\/v2\/posts"}],"about":[{"href":"http:\/\/blogdalucianaoliveira.com.br\/blog\/wp-json\/wp\/v2\/types\/post"}],"author":[{"embeddable":true,"href":"http:\/\/blogdalucianaoliveira.com.br\/blog\/wp-json\/wp\/v2\/users\/1"}],"replies":[{"embeddable":true,"href":"http:\/\/blogdalucianaoliveira.com.br\/blog\/wp-json\/wp\/v2\/comments?post=31903"}],"version-history":[{"count":1,"href":"http:\/\/blogdalucianaoliveira.com.br\/blog\/wp-json\/wp\/v2\/posts\/31903\/revisions"}],"predecessor-version":[{"id":31905,"href":"http:\/\/blogdalucianaoliveira.com.br\/blog\/wp-json\/wp\/v2\/posts\/31903\/revisions\/31905"}],"wp:attachment":[{"href":"http:\/\/blogdalucianaoliveira.com.br\/blog\/wp-json\/wp\/v2\/media?parent=31903"}],"wp:term":[{"taxonomy":"category","embeddable":true,"href":"http:\/\/blogdalucianaoliveira.com.br\/blog\/wp-json\/wp\/v2\/categories?post=31903"},{"taxonomy":"post_tag","embeddable":true,"href":"http:\/\/blogdalucianaoliveira.com.br\/blog\/wp-json\/wp\/v2\/tags?post=31903"}],"curies":[{"name":"wp","href":"https:\/\/api.w.org\/{rel}","templated":true}]}}