{"id":31906,"date":"2021-05-14T07:09:34","date_gmt":"2021-05-14T11:09:34","guid":{"rendered":"http:\/\/blogdalucianaoliveira.com.br\/blog\/?p=31906"},"modified":"2021-05-14T07:09:38","modified_gmt":"2021-05-14T11:09:38","slug":"alceu-valenca-do-nada-a-internet-descobriu-uma-musica-dos-anos-setenta-e-foi-esse-pipoco","status":"publish","type":"post","link":"http:\/\/blogdalucianaoliveira.com.br\/blog\/2021\/05\/14\/alceu-valenca-do-nada-a-internet-descobriu-uma-musica-dos-anos-setenta-e-foi-esse-pipoco\/","title":{"rendered":"Alceu Valen\u00e7a: \u201cDo nada, a internet descobriu uma m\u00fasica dos anos setenta e foi esse pipoco!\u201d"},"content":{"rendered":"\n<figure class=\"wp-block-image size-large\"><img data-recalc-dims=\"1\" loading=\"lazy\" decoding=\"async\" width=\"600\" height=\"400\" data-attachment-id=\"31907\" data-permalink=\"http:\/\/blogdalucianaoliveira.com.br\/blog\/2021\/05\/14\/alceu-valenca-do-nada-a-internet-descobriu-uma-musica-dos-anos-setenta-e-foi-esse-pipoco\/e9f5c421-fb32-4f66-ba0b-9ed2664f22fb\/\" data-orig-file=\"https:\/\/i0.wp.com\/blogdalucianaoliveira.com.br\/blog\/wp-content\/uploads\/2021\/05\/E9F5C421-FB32-4F66-BA0B-9ED2664F22FB.jpeg?fit=828%2C552\" data-orig-size=\"828,552\" data-comments-opened=\"0\" data-image-meta=\"{&quot;aperture&quot;:&quot;7.1&quot;,&quot;credit&quot;:&quot;LEO AVERSA&quot;,&quot;camera&quot;:&quot;Canon EOS 5D Mark IV&quot;,&quot;caption&quot;:&quot;&quot;,&quot;created_timestamp&quot;:&quot;1613751308&quot;,&quot;copyright&quot;:&quot;LEO AVERSA\\nleo@leoaversa.com&quot;,&quot;focal_length&quot;:&quot;28&quot;,&quot;iso&quot;:&quot;200&quot;,&quot;shutter_speed&quot;:&quot;0.0125&quot;,&quot;title&quot;:&quot;&quot;,&quot;orientation&quot;:&quot;1&quot;}\" data-image-title=\"E9F5C421-FB32-4F66-BA0B-9ED2664F22FB\" data-image-description=\"\" data-image-caption=\"\" data-medium-file=\"https:\/\/i0.wp.com\/blogdalucianaoliveira.com.br\/blog\/wp-content\/uploads\/2021\/05\/E9F5C421-FB32-4F66-BA0B-9ED2664F22FB.jpeg?fit=300%2C200\" data-large-file=\"https:\/\/i0.wp.com\/blogdalucianaoliveira.com.br\/blog\/wp-content\/uploads\/2021\/05\/E9F5C421-FB32-4F66-BA0B-9ED2664F22FB.jpeg?fit=600%2C400\" src=\"https:\/\/i0.wp.com\/blogdalucianaoliveira.com.br\/blog\/wp-content\/uploads\/2021\/05\/E9F5C421-FB32-4F66-BA0B-9ED2664F22FB.jpeg?resize=600%2C400\" alt=\"\" class=\"wp-image-31907\" srcset=\"https:\/\/i0.wp.com\/blogdalucianaoliveira.com.br\/blog\/wp-content\/uploads\/2021\/05\/E9F5C421-FB32-4F66-BA0B-9ED2664F22FB.jpeg?w=828 828w, https:\/\/i0.wp.com\/blogdalucianaoliveira.com.br\/blog\/wp-content\/uploads\/2021\/05\/E9F5C421-FB32-4F66-BA0B-9ED2664F22FB.jpeg?resize=300%2C200 300w, https:\/\/i0.wp.com\/blogdalucianaoliveira.com.br\/blog\/wp-content\/uploads\/2021\/05\/E9F5C421-FB32-4F66-BA0B-9ED2664F22FB.jpeg?resize=768%2C512 768w, https:\/\/i0.wp.com\/blogdalucianaoliveira.com.br\/blog\/wp-content\/uploads\/2021\/05\/E9F5C421-FB32-4F66-BA0B-9ED2664F22FB.jpeg?resize=450%2C300 450w\" sizes=\"auto, (max-width: 600px) 100vw, 600px\" \/><\/figure>\n\n\n\n<p>Cantor e compositor pernambucano revisita suas m\u00fasicas em discos de voz e viol\u00e3o, enquanto v\u00ea sucessos como \u2018Anuncia\u00e7\u00e3o\u2019 e \u2018Belle de Jour\u201d virarem fen\u00f4meno entre gera\u00e7\u00f5es mais jovens na internet.<\/p>\n\n\n\n<!--more-->\n\n\n\n<p>El Pa\u00eds, por Joana Oliveira<\/p>\n\n\n\n<p>Morre uma asa branca cada vez que algu\u00e9m toca a vers\u00e3o remix de\u00a0<em>Anuncia\u00e7\u00e3o<\/em>, diz um meme sobre a m\u00fasica que \u00e9\u00a0<a rel=\"noreferrer noopener\" href=\"https:\/\/brasil.elpais.com\/brasil\/2018\/02\/10\/album\/1518273494_458577.html\" target=\"_blank\">festa em bloquinhos de Carnaval<\/a>, hino de\u00a0<a rel=\"noreferrer noopener\" href=\"https:\/\/brasil.elpais.com\/brasil\/2014\/12\/19\/internacional\/1419018235_801849.html\" target=\"_blank\">partos humanizados<\/a>\u00a0(<em>Tu vens, tu vens, eu j\u00e1 escuto teus sinais<\/em>, cantam as m\u00e3es da internet durante as contra\u00e7\u00f5es) e agora batida eletr\u00f4nica que anima festas no<a rel=\"noreferrer noopener\" href=\"https:\/\/brasil.elpais.com\/noticias\/big-brother-brasil\/\" target=\"_blank\">\u00a0<em>Big Brother Brasil (BBB)<\/em><\/a><em>.\u00a0<\/em>Seu autor parece n\u00e3o gostar nem desgostar da vers\u00e3o\u00a0<em>moderna. \u201c<\/em>Existe at\u00e9 m\u00fasica dos\u00a0<a rel=\"noreferrer noopener\" href=\"https:\/\/brasil.elpais.com\/babelia\/2020-03-31\/musica-na-quarentena-os-beatles-na-voz-de-caetano-milton-gil-e-rita.html?rel=listapoyo?rel=listapoyo\" target=\"_blank\">Beatles tocada como chorinho<\/a>&#8230; Eu amo chorinho, mas prefiro a m\u00fasica dos Beatles mais do jeito deles. Beatles como chorinho fica meio\u00a0<em>apulso\u00a0<\/em>[for\u00e7ado], n\u00e9?\u201d, diz Alceu Valen\u00e7a (S\u00e3o Bento do Una, 74 anos).<\/p>\n\n\n\n<p>O cantor e compositor pernambucano se maravilha, no entanto, com o sucesso contempor\u00e2neo de can\u00e7\u00f5es como&nbsp;<em>Belle de Jour<\/em>, que n\u00e3o tiveram \u00eaxito quando foram lan\u00e7adas em d\u00e9cadas passadas. Alceu n\u00e3o hesitou, por exemplo, em aceitar o convite para tocar na festa do&nbsp;<em>BBB<\/em>, no Primeiro de Maio,&nbsp;<a href=\"https:\/\/brasil.elpais.com\/cultura\/2021-04-07\/juliette-uma-dose-de-otimismo-para-o-cerebro.html\" target=\"_blank\" rel=\"noreferrer noopener\">levando \u00e0s l\u00e1grimas os participantes Juliette Freire&nbsp;<\/a>e Gilberto Nogueira (Gil do Vigor), f\u00e3s do artista. \u201cEu n\u00e3o uso rede social, mas acho tudo absolutamente impressionante! Do nada, a internet descobriu uma m\u00fasica dos anos setenta e foi esse pipoco!\u201d, comenta ele na entrevista em v\u00eddeo com o EL PA\u00cdS. Mesmo assim, sabe quase de cor os n\u00fameros de seu sucesso digital: s\u00e3o mais de 250 milh\u00f5es de reprodu\u00e7\u00f5es da can\u00e7\u00e3o sobre a \u201cmo\u00e7a bonita da praia de Boa Viagem\u201d no YouTube e mais de 41 milh\u00f5es de visualiza\u00e7\u00f5es de&nbsp;<em>Anuncia\u00e7\u00e3o.&nbsp;<\/em>Mas o que Alceu mais gosta s\u00e3o os v\u00eddeos de crian\u00e7as de colo dormindo ao som de suas composi\u00e7\u00f5es. \u201cEu ou\u00e7o m\u00fasica muito pouco, inclusive as minhas. Como eu tenho ins\u00f4nia, j\u00e1 pensei at\u00e9 em botar minhas m\u00fasicas para ver se durmo tamb\u00e9m\u201d, brinca, com um sorriso no rosto.<\/p>\n\n\n\n<p>Para a conversa com o EL PA\u00cdS, Alceu aparece na tela sentado na sala de sua casa no Rio de Janeiro, com seu caracter\u00edstico chap\u00e9u sobre os longos cachos de cabelo. Veste uma camiseta branca e um blazer de veludo em tom marrom. \u201cComprei isso aqui para o frio em Paris, h\u00e1 tempos, mas nunca uso. Agora esfriou no Rio, a\u00ed peguei\u201d, diz ele, como que desculpando-se pelo traje de corte mais formal.<\/p>\n\n\n\n<p>Andarilho, viajante, estradeiro, Alceu Valen\u00e7a viu-se obrigado a cancelar, em mar\u00e7o do ano passado, 45 shows marcados pelo Brasil e 16 na Europa, e sentiu\u00a0<a rel=\"noreferrer noopener\" href=\"https:\/\/brasil.elpais.com\/opiniao\/2020-05-03\/confinados-em-uma-sociedade-democratica.html\" target=\"_blank\">o peso do confinamento imposto pela pandemia\u00a0<\/a>de covid-19. \u201cSempre tive muito mais intimidade com a estrada e com os hot\u00e9is do que com minha pr\u00f3pria em casa\u201d, confessa. Na falta do que fazer,\u00a0<a rel=\"noreferrer noopener\" href=\"https:\/\/brasil.elpais.com\/cultura\/2021-04-30\/tom-ze-a-musica-brasileira-de-hoje-e-digna-do-tropicalismo.html\" target=\"_blank\">fez do viol\u00e3o uma de suas principais companhias<\/a>\u00a0e passou a tocar as pr\u00f3prias m\u00fasicas incessantemente. Da\u00ed nasceram tr\u00eas discos em voz e viol\u00e3o.\u00a0<em>Sem pensar no amanh\u00e3 \u2014<\/em>que traz uma can\u00e7\u00e3o hom\u00f4nima in\u00e9dita, al\u00e9m de cl\u00e1ssicos da carreira do pernambucano\u2014, \u00e9 o primeiro deles e foi lan\u00e7ado em mar\u00e7o.<\/p>\n\n\n\n<p>\u201cN\u00e3o foi uma inspira\u00e7\u00e3o, foi mais uma coincid\u00eancia\u201d, diz Alceu. \u201cEm 1979, sa\u00ed do Brasil para morar na Fran\u00e7a e me apeguei muito ao viol\u00e3o tamb\u00e9m. Paulinho Rafael, que toca comigo h\u00e1 uma porrada de tempo, foi e fizemos uma turn\u00ea de voz e viol\u00e3o juntos.\u201d Dessa parceria na Europa nasceu o disco\u00a0<em>Saudade de Pernambuco<\/em>. \u201cFui embora porque estava com saco cheio de ditadura,\u00a0<a rel=\"noreferrer noopener\" href=\"https:\/\/brasil.elpais.com\/brasil\/2021-04-10\/amor-e-militancia-contra-a-ditadura-a-morte-de-merlino-nos-uniu-definitivamente.html\" target=\"_blank\">cansado de ver amigos meus sendo torturados<\/a>, inclusive amigos que sequer eram militantes pol\u00edticos. Em Paris, eu estava confinado num apartamento e essa mesma situa\u00e7\u00e3o se repetiu aqui: fiquei tocando viol\u00e3o e, de repente, uma m\u00fasica chamava outra\u201d.<\/p>\n\n\n\n<p>As m\u00fasicas de Alceu Valen\u00e7a t\u00eam todas uma conex\u00e3o. N\u00e3o \u00e0 toa, o&nbsp;<a href=\"https:\/\/brasil.elpais.com\/cultura\/2021-03-05\/com-oxeaxeexu-baianasystem-refaz-os-caminhos-afro-latinos-atraves-da-musica.html\" target=\"_blank\" rel=\"noreferrer noopener\">novo disco \u00e9 pensando como um roteiro cinematogr\u00e1fico<\/a>&nbsp;\u2014ele dirigiu&nbsp;<em>A luneta do tempo<\/em>, em 2015\u2014 ou uma viagem. Ouvir Alceu \u00e9 passear pela praia recifense de Boa Viagem,<strong>&nbsp;<\/strong>sobrevoar as igrejas de Olinda em&nbsp;<em>Mensageira dos anjos<\/em>, ir do&nbsp;<em>T\u00e1xi lunar&nbsp;<\/em>ao trem da&nbsp;<em>Esta\u00e7\u00e3o da Luz.&nbsp;<\/em>E ele adora contar as hist\u00f3rias de como surgiu cada uma delas. \u201cEm 1973, eu estava olhando pela janela do apartamento dos meus pais, no Recife, e vi, num dia azul,&nbsp;<a href=\"https:\/\/brasil.elpais.com\/brasil\/2016\/08\/18\/cultura\/1471518012_342071.html\" target=\"_blank\" rel=\"noreferrer noopener\">uma mo\u00e7a dan\u00e7ando bal\u00e9 cl\u00e1ssico<\/a>&nbsp;na praia vazia. Dois dias depois, no p\u00e1tio da Ladeira da Miseric\u00f3rdia, em Olinda, encontrei Paulinho [Rafael] tocando viol\u00e3o e come\u00e7amos a tocar juntos. De repente, aparece uma mo\u00e7a com o cabelo pintado de lil\u00e1s e o rosto coberto de purpurina. Ela passou, deu uma rodada assim [Alceu faz um gesto de volteio com os bra\u00e7os], e foi embora no meio da escurid\u00e3o. A\u00ed eu digo: \u2018Essa \u00e9 a mensageira dos anjos! Que loucura!\u2019\u201d&nbsp;<em>Mensageira dos anjos&nbsp;<\/em>\u00e9 outra das m\u00fasicas que ele comp\u00f4s nos anos setenta.<\/p>\n\n\n\n<p>Alceu ainda n\u00e3o sabia que a mo\u00e7a da praia de Boa Viagem que inspirou&nbsp;<em>Belle du Jour<\/em>&nbsp;era a mesma que rodopiou em Olinda. A&nbsp;<em>bela linda criatura&nbsp;<\/em>tamb\u00e9m inspirou um trecho de&nbsp;<em>T\u00e1xi lunar<\/em>, feita com o parceiro Geraldo Azevedo. \u201cQuando ele me mostrou, alguns anos depois, no Rio de Janeiro, uma m\u00fasica que estava fazendo, escrevi esses versos:&nbsp;<em>pela sua cabeleira vermelha, pelos raios desse sol, lil\u00e1s, pelo fogo do seu fogo, centelha, pelo raio desse sol. T<\/em>em espelho no seu rosto de neve \u2014lembrei da purpurina no rosto dela\u2014,&nbsp;<em>nem menina nem mulher.\u201d<\/em><\/p>\n\n\n\n<p>Mas a bailarina solit\u00e1ria da praia, dona dos raios de sol lil\u00e1s nos cabelos, divide a inspira\u00e7\u00e3o de\u00a0<em>Belle du Jour<\/em>\u00a0com a atriz inglesa Jacqueline Bisset, que certa vez encontrou Alceu num bar parisiense e pediu que lhe escrevesse um poema. Na hora de compor, o cantor confundiu Bisset com a francesa\u00a0<a rel=\"noreferrer noopener\" href=\"https:\/\/brasil.elpais.com\/noticias\/catherine-deneuve\/\" target=\"_blank\">Catherine Deneuve<\/a>, atriz do filme\u00a0<em>A Bela da Tarde<\/em>\u00a0(1967, do espanhol<a rel=\"noreferrer noopener\" href=\"https:\/\/brasil.elpais.com\/noticias\/luis-bunuel\/\" target=\"_blank\">\u00a0Luis Bu\u00f1uel<\/a>). E assim nasceu\u00a0<em>la belle de jour<\/em>.<\/p>\n\n\n\n<h3 class=\"wp-block-heading\">Quarentena<\/h3>\n\n\n\n<p>Isolado h\u00e1 mais de um ano em casa com sua esposa e produtora Yan\u00ea Montenegro, Alceu admite que&nbsp;<a href=\"https:\/\/brasil.elpais.com\/ciencia\/2021-01-30\/as-outras-sequelas-da-covid-19.html#:~:text=Saudade%20da%20rotina&amp;text=As%20palavras%20mais%20repetidas%20nos,a%20rotina%20e%20a%20tranquilidade.\" target=\"_blank\" rel=\"noreferrer noopener\">a rotina, mesmo com o viol\u00e3o, lhe trouxe uma certa nostalgia<\/a>. \u201cTem dias que d\u00e1 uma tristeza na gente, mas depois passa. Eu costumo acabar com minha tristeza andando\u201d, diz ele, que d\u00e1 entre 10.000 e 18.000 passos por dia, segundo suas contas. Depois de tomar a segunda dose da&nbsp;<a href=\"https:\/\/brasil.elpais.com\/brasil\/2021-05-02\/impasse-entre-sputnik-e-anvisa-traz-ecos-da-guerra-fria-e-governadores-a-espera-de-milhoes-de-doses.html\" target=\"_blank\" rel=\"noreferrer noopener\">vacina contra a covid-19<\/a>, \u00e0s vezes vai caminhar em um clube perto de casa. \u201cNunca tem ningu\u00e9m l\u00e1. Vou de m\u00e1scara e \u00f3culos de prote\u00e7\u00e3o, mesmo estando vacinado. Porque a quest\u00e3o \u00e9 empatia.\u201d<\/p>\n\n\n\n<p>Alceu pensa, cada vez mais, em solidariedade. \u201cDepois de uma pandemia como essa, temos que pensar muito nisso e&nbsp;<a href=\"https:\/\/brasil.elpais.com\/cultura\/2021-04-27\/gilberto-gil-um-evento-drastico-como-a-pandemia-ajuda-a-fortalecer-o-desejo-da-humanidade-avancar.html\" target=\"_blank\" rel=\"noreferrer noopener\">tentar fazer um mundo realmente mais global.<\/a>&nbsp;Eu nasci em S\u00e3o Bento do Una, eu sou pernambucano, sou brasileiro, eu sou planet\u00e1rio. Temos que ter empatia e dar o bom exemplo. Estar de m\u00e1scara na rua \u00e9 um bom exemplo, mesmo que voc\u00ea j\u00e1 tenha tido o v\u00edrus etc\u00e9tera e tal\u201d.<\/p>\n\n\n\n<p>H\u00e1 exatamente um ano, o artista foi atacado pelas mil\u00edcias virtuais ao dizer o mesmo \u2014principalmente sobre\u00a0<a rel=\"noreferrer noopener\" href=\"https:\/\/brasil.elpais.com\/internacional\/2020-07-27\/verdades-e-mentiras-sobre-o-uso-de-mascaras-contra-o-coronavirus.html\" target=\"_blank\">a import\u00e2ncia do uso de m\u00e1scaras<\/a>\u2014 com outras palavras. \u201cFa\u00e7o tudo ao contr\u00e1rio do que o presidente manda\u201d, afirmou em uma entrevista ao\u00a0<em>Estad\u00e3o.\u00a0<\/em>Com o EL PA\u00cdS, Alceu n\u00e3o fala diretamente sobre Jair Bolsonaro, prefere\u00a0<a rel=\"noreferrer noopener\" href=\"https:\/\/brasil.elpais.com\/opiniao\/2021-04-29\/para-o-ministro-guedes-o-sus-esta-quebrado-porque-as-pessoas-querem-viver-demais.html\" target=\"_blank\">elogiar o Sistema \u00danico de Sa\u00fade<\/a>, que, segundo ele, tem salvado o pa\u00eds. \u201cO Brasil tem uma coisa bacana, n\u00e9? O SUS. Se n\u00e3o fosse o SUS nessa pandemia, a trag\u00e9dia seria maior.\u201d<\/p>\n\n\n\n<p>Quando fala especificamente do coronav\u00edrus, no entanto, usa um tom de&nbsp;<a href=\"https:\/\/brasil.elpais.com\/noticias\/revolucion-francesa\/\" target=\"_blank\" rel=\"noreferrer noopener\">Revolu\u00e7\u00e3o Francesa<\/a>&nbsp;que, qui\u00e7\u00e1, gostaria de endere\u00e7ar a outros destinat\u00e1rios: \u201cTenho esperan\u00e7a de vencermos esse canalha!.. Esse corona canalha, de degol\u00e1-lo. Queria uma guilhotina para o corona.\u201d<\/p>\n\n\n\n<p>Alceu e sua fam\u00edlia pegaram covid-19, provavelmente no<a href=\"https:\/\/brasil.elpais.com\/brasil\/2020\/02\/25\/album\/1582664973_930943.html\" target=\"_blank\" rel=\"noreferrer noopener\">&nbsp;Carnaval de 2020<\/a>, quando estavam na estrada, fazendo shows. \u201cTive uma tosse seca para caramba, dores musculares e cansa\u00e7o. Minha mulher s\u00f3 dormia, com muita dor de cabe\u00e7a e dor no corpo. O rapaz que tocava baixo comigo foi internado com falta de ar, mas ningu\u00e9m sabia o que era naquela altura. S\u00f3 muito depois que fomos fazer os testes e comprovaram que todos t\u00ednhamos tido contato com o v\u00edrus.\u201d \u00c9 tamb\u00e9m por isso que ele combate, com bom humor inteligente, os<a href=\"https:\/\/brasil.elpais.com\/brasil\/2021-03-25\/chip-do-diabo-e-medo-de-ser-cobaia-afastam-indigenas-da-vacina-contra-a-covid-19.html\" target=\"_blank\" rel=\"noreferrer noopener\">&nbsp;boatos sobre supostos efeitos nocivos das vacinas<\/a>: \u201cTomei a Coronavac. O \u00fanico efeito colateral que eu tive foi que agora eu falo mandarim\u201d, afirma, s\u00e9rio, e se p\u00f5e a reproduzir ru\u00eddos inintelig\u00edveis em tom de piada. Depois gargalha. \u201cSe eu tivesse tomado a de Oxford, teria aprendido a falar ingl\u00eas com sotaque brit\u00e2nico.\u201d<\/p>\n\n\n\n<p>Alceu franze o cenho e adota um tom realmente s\u00e9rio ao criticar as \u201cjogadas pol\u00edticas e comerciais\u201d tanto de governantes quanto de empresas farmac\u00eauticas neste momento de emerg\u00eancia sanit\u00e1ria. Para ele, dinheiro n\u00e3o deveria ser prioridade agora. \u201c\u00c9 chato falar disso, mas vou te dizer: eu, que n\u00e3o tenho uma empresa grande, estou sustentando, com um sal\u00e1rio que n\u00e3o \u00e9 sal\u00e1rio [porque n\u00e3o tem v\u00ednculo empregat\u00edcio], os m\u00fasicos que s\u00e3o c\u00famplices, que sempre tocam comigo.\u00a0<a rel=\"noreferrer noopener\" href=\"https:\/\/brasil.elpais.com\/brasil\/2021-04-30\/todos-os-credos-contra-a-fome-na-pandemia.html\" target=\"_blank\">A gente tem que fazer o que pode para ajudar<\/a>. Que porra de dinheiro, rapaz? N\u00e3o \u00e9 hora de pensar em dinheiro, n\u00e3o! \u00c9 hora de solidariedade!\u201c, diz, enquanto agita os bra\u00e7os no ar, contrariado.<\/p>\n\n\n\n<p>A indigna\u00e7\u00e3o se dissipa quando ele volta a falar de m\u00fasica, dos seus \u201csurtos criativos\u201d nas madrugadas insones em que se p\u00f5e a escrever, n\u00e3o s\u00f3 can\u00e7\u00f5es, mas tamb\u00e9m poesia. Guarda muitas m\u00fasicas in\u00e9ditas no celular, mas quer degust\u00e1-las pouco a pouco. \u201cEstou dando um tempo para poder me divertir, porque, se gravar tudo de vez, depois n\u00e3o tenho o que fazer. \u00c9 como se eu estivesse fazendo um show para mim mesmo. Sou meio doido assim, sabe?\u201d, ri.<\/p>\n","protected":false},"excerpt":{"rendered":"<p>Cantor e compositor pernambucano revisita suas m\u00fasicas em discos de voz e viol\u00e3o, enquanto v\u00ea sucessos como \u2018Anuncia\u00e7\u00e3o\u2019 e \u2018Belle de Jour\u201d virarem fen\u00f4meno entre gera\u00e7\u00f5es mais jovens na internet.<\/p>\n","protected":false},"author":1,"featured_media":0,"comment_status":"closed","ping_status":"open","sticky":false,"template":"","format":"standard","meta":{"_exactmetrics_skip_tracking":false,"_exactmetrics_sitenote_active":false,"_exactmetrics_sitenote_note":"","_exactmetrics_sitenote_category":0,"jetpack_post_was_ever_published":false,"_jetpack_newsletter_access":"","_jetpack_dont_email_post_to_subs":false,"_jetpack_newsletter_tier_id":0,"_jetpack_memberships_contains_paywalled_content":false,"_jetpack_memberships_contains_paid_content":false,"footnotes":"","jetpack_publicize_message":"","jetpack_publicize_feature_enabled":true,"jetpack_social_post_already_shared":true,"jetpack_social_options":{"image_generator_settings":{"template":"highway","enabled":false},"version":2}},"categories":[1],"tags":[],"class_list":["post-31906","post","type-post","status-publish","format-standard","hentry","category-notas"],"jetpack_publicize_connections":[],"jetpack_sharing_enabled":true,"jetpack_featured_media_url":"","jetpack_shortlink":"https:\/\/wp.me\/p7wKYW-8iC","jetpack-related-posts":[],"_links":{"self":[{"href":"http:\/\/blogdalucianaoliveira.com.br\/blog\/wp-json\/wp\/v2\/posts\/31906","targetHints":{"allow":["GET"]}}],"collection":[{"href":"http:\/\/blogdalucianaoliveira.com.br\/blog\/wp-json\/wp\/v2\/posts"}],"about":[{"href":"http:\/\/blogdalucianaoliveira.com.br\/blog\/wp-json\/wp\/v2\/types\/post"}],"author":[{"embeddable":true,"href":"http:\/\/blogdalucianaoliveira.com.br\/blog\/wp-json\/wp\/v2\/users\/1"}],"replies":[{"embeddable":true,"href":"http:\/\/blogdalucianaoliveira.com.br\/blog\/wp-json\/wp\/v2\/comments?post=31906"}],"version-history":[{"count":1,"href":"http:\/\/blogdalucianaoliveira.com.br\/blog\/wp-json\/wp\/v2\/posts\/31906\/revisions"}],"predecessor-version":[{"id":31908,"href":"http:\/\/blogdalucianaoliveira.com.br\/blog\/wp-json\/wp\/v2\/posts\/31906\/revisions\/31908"}],"wp:attachment":[{"href":"http:\/\/blogdalucianaoliveira.com.br\/blog\/wp-json\/wp\/v2\/media?parent=31906"}],"wp:term":[{"taxonomy":"category","embeddable":true,"href":"http:\/\/blogdalucianaoliveira.com.br\/blog\/wp-json\/wp\/v2\/categories?post=31906"},{"taxonomy":"post_tag","embeddable":true,"href":"http:\/\/blogdalucianaoliveira.com.br\/blog\/wp-json\/wp\/v2\/tags?post=31906"}],"curies":[{"name":"wp","href":"https:\/\/api.w.org\/{rel}","templated":true}]}}