{"id":31909,"date":"2021-05-14T16:18:40","date_gmt":"2021-05-14T20:18:40","guid":{"rendered":"http:\/\/blogdalucianaoliveira.com.br\/blog\/?p=31909"},"modified":"2021-05-14T16:18:43","modified_gmt":"2021-05-14T20:18:43","slug":"saude-admite-ao-ministerio-publico-risco-de-perda-de-23-milhoes-de-testes-de-covid","status":"publish","type":"post","link":"http:\/\/blogdalucianaoliveira.com.br\/blog\/2021\/05\/14\/saude-admite-ao-ministerio-publico-risco-de-perda-de-23-milhoes-de-testes-de-covid\/","title":{"rendered":"Sa\u00fade admite ao Minist\u00e9rio P\u00fablico risco de perda de 2,3 milh\u00f5es de testes de Covid"},"content":{"rendered":"\n<figure class=\"wp-block-image size-large\"><img data-recalc-dims=\"1\" loading=\"lazy\" decoding=\"async\" width=\"600\" height=\"450\" data-attachment-id=\"31910\" data-permalink=\"http:\/\/blogdalucianaoliveira.com.br\/blog\/2021\/05\/14\/saude-admite-ao-ministerio-publico-risco-de-perda-de-23-milhoes-de-testes-de-covid\/90d2ed8d-ce34-488f-a5a7-5e158b707fb5\/\" data-orig-file=\"https:\/\/i0.wp.com\/blogdalucianaoliveira.com.br\/blog\/wp-content\/uploads\/2021\/05\/90D2ED8D-CE34-488F-A5A7-5E158B707FB5.jpeg?fit=640%2C480\" data-orig-size=\"640,480\" data-comments-opened=\"0\" data-image-meta=\"{&quot;aperture&quot;:&quot;0&quot;,&quot;credit&quot;:&quot;&quot;,&quot;camera&quot;:&quot;&quot;,&quot;caption&quot;:&quot;&quot;,&quot;created_timestamp&quot;:&quot;0&quot;,&quot;copyright&quot;:&quot;&quot;,&quot;focal_length&quot;:&quot;0&quot;,&quot;iso&quot;:&quot;0&quot;,&quot;shutter_speed&quot;:&quot;0&quot;,&quot;title&quot;:&quot;&quot;,&quot;orientation&quot;:&quot;0&quot;}\" data-image-title=\"90D2ED8D-CE34-488F-A5A7-5E158B707FB5\" data-image-description=\"\" data-image-caption=\"\" data-medium-file=\"https:\/\/i0.wp.com\/blogdalucianaoliveira.com.br\/blog\/wp-content\/uploads\/2021\/05\/90D2ED8D-CE34-488F-A5A7-5E158B707FB5.jpeg?fit=300%2C225\" data-large-file=\"https:\/\/i0.wp.com\/blogdalucianaoliveira.com.br\/blog\/wp-content\/uploads\/2021\/05\/90D2ED8D-CE34-488F-A5A7-5E158B707FB5.jpeg?fit=600%2C450\" src=\"https:\/\/i0.wp.com\/blogdalucianaoliveira.com.br\/blog\/wp-content\/uploads\/2021\/05\/90D2ED8D-CE34-488F-A5A7-5E158B707FB5.jpeg?resize=600%2C450\" alt=\"\" class=\"wp-image-31910\" srcset=\"https:\/\/i0.wp.com\/blogdalucianaoliveira.com.br\/blog\/wp-content\/uploads\/2021\/05\/90D2ED8D-CE34-488F-A5A7-5E158B707FB5.jpeg?w=640 640w, https:\/\/i0.wp.com\/blogdalucianaoliveira.com.br\/blog\/wp-content\/uploads\/2021\/05\/90D2ED8D-CE34-488F-A5A7-5E158B707FB5.jpeg?resize=300%2C225 300w, https:\/\/i0.wp.com\/blogdalucianaoliveira.com.br\/blog\/wp-content\/uploads\/2021\/05\/90D2ED8D-CE34-488F-A5A7-5E158B707FB5.jpeg?resize=400%2C300 400w\" sizes=\"auto, (max-width: 600px) 100vw, 600px\" \/><\/figure>\n\n\n\n<h4 class=\"wp-block-heading\">Informa\u00e7\u00e3o est\u00e1 em documento que foi enviado \u00e0 CPI. Apesar de testagem no Brasil ser baixa, de acordo com especialistas, Sa\u00fade pediu adiamento no envio de testes devido ao ac\u00famulo dos itens em galp\u00e3o do governo.&nbsp;<\/h4>\n\n\n\n<!--more-->\n\n\n\n<p>Por Jornal Hoje<\/p>\n\n\n\n<p>O Minist\u00e9rio da Sa\u00fade admitiu ao Minist\u00e9rio P\u00fablico Federal o risco de perda de 2,3 milh\u00f5es testes de Covid. Os testes est\u00e3o estocados num almoxarifado e vencem neste m\u00eas. O documento foi encaminhado \u00e0&nbsp;<a href=\"https:\/\/g1.globo.com\/economia\/blog\/ana-flor\/post\/2021\/05\/13\/sala-cofre-da-cpi-da-covid-ja-guarda-81-documentos.ghtml\">CPI da Covid<\/a>.<\/p>\n\n\n\n<p>Na ter\u00e7a-feira (11), a Procuradoria-geral da Rep\u00fablica encaminhou \u00e0 CPI&nbsp;<a href=\"https:\/\/g1.globo.com\/economia\/blog\/ana-flor\/post\/2021\/05\/13\/sala-cofre-da-cpi-da-covid-ja-guarda-81-documentos.ghtml\">documentos<\/a>&nbsp;de um inqu\u00e9rito sigiloso sobre a atua\u00e7\u00e3o da Uni\u00e3o na aquisi\u00e7\u00e3o e distribui\u00e7\u00e3o de testes. A investiga\u00e7\u00e3o \u00e9 feita pela Procuradoria da Rep\u00fablica no Distrito Federal. A informa\u00e7\u00e3o foi divulgada pelo jornal &#8220;Folha de S.Paulo&#8221;. A TV Globo tamb\u00e9m teve acesso ao documento.&nbsp;<\/p>\n\n\n\n<p>Em um dos documentos, o Minist\u00e9rio da Sa\u00fade informou ao Minist\u00e9rio P\u00fablico sobre o risco do&nbsp;<a href=\"https:\/\/g1.globo.com\/economia\/noticia\/2021\/04\/12\/tcu-determina-que-ministerio-da-saude-utilize-testes-de-covid-com-vencimento-proximo.ghtml\">vencimento dos testes<\/a>.<\/p>\n\n\n\n<p>&#8220;Portanto, analisando o cen\u00e1rio atual, o Minist\u00e9rio da Sa\u00fade possui no almoxarifado central aproximadamente 4,3 milh\u00f5es de testes moleculares com vencimento para maio de 2021, e que considerando uma rede laboratorial com capacidade instalada de processamento de aproximadamente 1,5 milh\u00f5es exames\/m\u00eas e uma estimativa de perda por validade de pelo menos 2,3 milh\u00f5es de testes moleculares&#8221;, afirmou o minist\u00e9rio.<\/p>\n\n\n\n<p>Nesta sexta (14), o minist\u00e9rio reconheceu que deixou 1,7 milh\u00e3o de testes perderem a validade. Cada teste custou ao cofres p\u00fablicos R$ 42.&nbsp;<\/p>\n\n\n\n<p>O minist\u00e9rio afirmou, sem dar mais detalhes, que os testes vencidos v\u00e3o ser substitu\u00eddos pelo fornecedor, sem nenhum custo.<\/p>\n\n\n\n<p>O documento chegou \u00e0 CPI a partir de um requerimento do senador Ciro Nogueira (PP-PI), um dos governistas que integram o colegiado.&nbsp;<\/p>\n\n\n\n<p>Ele pediu que &#8220;cada uma das 27 procuradorias gerais de Justi\u00e7a (dos estados e do Distrito federal)&#8221; e o Minist\u00e9rio P\u00fablico Federal enviasssem um arquivo &#8220;de todos os inqu\u00e9ritos ou investiga\u00e7\u00f5es em qualquer fase, relativos \u00e0 aplica\u00e7\u00e3o de todos os recursos federais destinados aos estados, DF e munic\u00edpios de at\u00e9 200 mil habitantes para o combate \u00e0 Covid&#8221;.<\/p>\n\n\n\n<h2 class=\"wp-block-heading\">Hist\u00f3rico<\/h2>\n\n\n\n<p>Em novembro do ano passado, o n\u00famero de testes encalhados era ainda maior: quase 7 milh\u00f5es, com validade entre dezembro e janeiro deste ano.<\/p>\n\n\n\n<p>A pedido do minist\u00e9rio,&nbsp;<a href=\"https:\/\/g1.globo.com\/bemestar\/coronavirus\/noticia\/2020\/12\/09\/anvisa-aprova-extensao-de-validade-de-testes-para-covid-estocados-pelo-governo-diz-secretario.ghtml\">a Anvisa aprovou<\/a>&nbsp;a extens\u00e3o do prazo de vencimento por quatro meses, terminando entre maio e junho.&nbsp;<\/p>\n\n\n\n<p>A testagem em massa foi \u00e9 defendida pela Organiza\u00e7\u00e3o Mundial da Sa\u00fade (OMS) como medida necess\u00e1ria para conter a dissemina\u00e7\u00e3o da doen\u00e7a desde o in\u00edcio da pandemia, no ano passado.&nbsp;<\/p>\n\n\n\n<p>Apesar de sucessivas promessas de ministros da Sa\u00fade, o Brasil \u00e9 um dos pa\u00edses que ainda t\u00eam uma testagem considerada baixa.<\/p>\n\n\n\n<h2 class=\"wp-block-heading\">Pedido de paralisa\u00e7\u00e3o na entrega de testes&nbsp;<\/h2>\n\n\n\n<p>No mesmo documento enviado \u00e0 CPI, o Minist\u00e9rio da Sa\u00fade encaminhou um comunicado, que enviou em junho do ano passado, \u00e0 Organiza\u00e7\u00e3o Pan-Americana de Sa\u00fade (Opas), pedindo a paralisa\u00e7\u00e3o provis\u00f3ria da entrega de 4 milh\u00f5es de testes.<\/p>\n\n\n\n<p>No documento, a pasta reclama que a Opas &#8220;quer obrigar o minist\u00e9rio a receber uma quantidade remanescente dos referidos kits, que ainda n\u00e3o foram entregues, totalizando 40 mil kits, ou num total de 4 milh\u00f5es de testes, sem que o minist\u00e9rio tenha aceito o cronograma de entrega&#8221;.<\/p>\n\n\n\n<p>O minist\u00e9rio, ent\u00e3o, pediu para suspender o fornecimento.&nbsp;<\/p>\n\n\n\n<p>&#8220;A solicita\u00e7\u00e3o da suspens\u00e3o do fornecimentos dos insumos se jusfica pela pouca sa\u00edda dos kits, superlota\u00e7\u00e3o do almoxarifado do MS em Guarulhos, vencimento dos kits que j\u00e1 est\u00e3o no almoxarifado (40 mil kits, ou seja 4 milh\u00f5es de testes), os quais tem vencimento previsto para dezembro de 2020 e a falta do testes de extra\u00e7\u00e3o RNA&#8221;, afirmou a pasta.&nbsp;<\/p>\n\n\n\n<p>Segundo o minist\u00e9rio, se n\u00e3o houvesse a paralisa\u00e7\u00e3o haveria &#8220;problemas de m\u00e9dio a longo prazo que podem gerar custos ao Minist\u00e9rio da Sa\u00fade&#8221;.<\/p>\n\n\n\n<p>O minist\u00e9rio disse ainda que, se n\u00e3o houvesse a paralisa\u00e7\u00e3o, teria que descartar os kits por incinera\u00e7\u00e3o.<\/p>\n\n\n\n<p>Questionado, o Minist\u00e9rio da Sa\u00fade n\u00e3o respondeu se queimou os testes no ano passado, diante da falta de espa\u00e7o no galp\u00e3o em Guarulhos.<\/p>\n","protected":false},"excerpt":{"rendered":"<p>Informa\u00e7\u00e3o est\u00e1 em documento que foi enviado \u00e0 CPI. Apesar de testagem no Brasil ser baixa, de acordo com especialistas, Sa\u00fade pediu adiamento no envio de testes devido ao ac\u00famulo dos itens em galp\u00e3o do governo.&nbsp;<\/p>\n","protected":false},"author":1,"featured_media":0,"comment_status":"closed","ping_status":"open","sticky":false,"template":"","format":"standard","meta":{"_exactmetrics_skip_tracking":false,"_exactmetrics_sitenote_active":false,"_exactmetrics_sitenote_note":"","_exactmetrics_sitenote_category":0,"jetpack_post_was_ever_published":false,"_jetpack_newsletter_access":"","_jetpack_dont_email_post_to_subs":false,"_jetpack_newsletter_tier_id":0,"_jetpack_memberships_contains_paywalled_content":false,"_jetpack_memberships_contains_paid_content":false,"footnotes":"","jetpack_publicize_message":"","jetpack_publicize_feature_enabled":true,"jetpack_social_post_already_shared":true,"jetpack_social_options":{"image_generator_settings":{"template":"highway","enabled":false},"version":2}},"categories":[1],"tags":[],"class_list":["post-31909","post","type-post","status-publish","format-standard","hentry","category-notas"],"jetpack_publicize_connections":[],"jetpack_sharing_enabled":true,"jetpack_featured_media_url":"","jetpack_shortlink":"https:\/\/wp.me\/p7wKYW-8iF","jetpack-related-posts":[],"_links":{"self":[{"href":"http:\/\/blogdalucianaoliveira.com.br\/blog\/wp-json\/wp\/v2\/posts\/31909","targetHints":{"allow":["GET"]}}],"collection":[{"href":"http:\/\/blogdalucianaoliveira.com.br\/blog\/wp-json\/wp\/v2\/posts"}],"about":[{"href":"http:\/\/blogdalucianaoliveira.com.br\/blog\/wp-json\/wp\/v2\/types\/post"}],"author":[{"embeddable":true,"href":"http:\/\/blogdalucianaoliveira.com.br\/blog\/wp-json\/wp\/v2\/users\/1"}],"replies":[{"embeddable":true,"href":"http:\/\/blogdalucianaoliveira.com.br\/blog\/wp-json\/wp\/v2\/comments?post=31909"}],"version-history":[{"count":1,"href":"http:\/\/blogdalucianaoliveira.com.br\/blog\/wp-json\/wp\/v2\/posts\/31909\/revisions"}],"predecessor-version":[{"id":31911,"href":"http:\/\/blogdalucianaoliveira.com.br\/blog\/wp-json\/wp\/v2\/posts\/31909\/revisions\/31911"}],"wp:attachment":[{"href":"http:\/\/blogdalucianaoliveira.com.br\/blog\/wp-json\/wp\/v2\/media?parent=31909"}],"wp:term":[{"taxonomy":"category","embeddable":true,"href":"http:\/\/blogdalucianaoliveira.com.br\/blog\/wp-json\/wp\/v2\/categories?post=31909"},{"taxonomy":"post_tag","embeddable":true,"href":"http:\/\/blogdalucianaoliveira.com.br\/blog\/wp-json\/wp\/v2\/tags?post=31909"}],"curies":[{"name":"wp","href":"https:\/\/api.w.org\/{rel}","templated":true}]}}