{"id":31913,"date":"2021-05-14T16:28:31","date_gmt":"2021-05-14T20:28:31","guid":{"rendered":"http:\/\/blogdalucianaoliveira.com.br\/blog\/?p=31913"},"modified":"2021-05-14T16:29:06","modified_gmt":"2021-05-14T20:29:06","slug":"tse-divulga-campanha-sobre-a-seguranca-da-urna-eletronica","status":"publish","type":"post","link":"http:\/\/blogdalucianaoliveira.com.br\/blog\/2021\/05\/14\/tse-divulga-campanha-sobre-a-seguranca-da-urna-eletronica\/","title":{"rendered":"TSE divulga campanha sobre a seguran\u00e7a da urna eletr\u00f4nica"},"content":{"rendered":"\n<figure class=\"wp-block-image size-large\"><img data-recalc-dims=\"1\" loading=\"lazy\" decoding=\"async\" width=\"600\" height=\"445\" data-attachment-id=\"31914\" data-permalink=\"http:\/\/blogdalucianaoliveira.com.br\/blog\/2021\/05\/14\/tse-divulga-campanha-sobre-a-seguranca-da-urna-eletronica\/urna-urnaeletronica-tre-df-19set2018\/\" data-orig-file=\"https:\/\/i0.wp.com\/blogdalucianaoliveira.com.br\/blog\/wp-content\/uploads\/2021\/05\/03933444-19A3-4587-9496-803BCAABDC1C.jpeg?fit=868%2C644\" data-orig-size=\"868,644\" data-comments-opened=\"0\" data-image-meta=\"{&quot;aperture&quot;:&quot;4&quot;,&quot;credit&quot;:&quot;Poder 360&quot;,&quot;camera&quot;:&quot;Canon EOS 5D Mark III&quot;,&quot;caption&quot;:&quot;Urnas eletr\\u00f4nicas sendo preparadas para  serem enviadas as embaixadas do Brasil no exterior. Brasilia, 19-09-2018. Foto: S\\u00e9rgio Lima\\\/Poder 360&quot;,&quot;created_timestamp&quot;:&quot;1537349714&quot;,&quot;copyright&quot;:&quot;\\u00a9Sergio Lima\\\/Poder 360&quot;,&quot;focal_length&quot;:&quot;100&quot;,&quot;iso&quot;:&quot;2000&quot;,&quot;shutter_speed&quot;:&quot;0.005&quot;,&quot;title&quot;:&quot;Urna-UrnaEletronica-TRE-DF-19Set2018&quot;,&quot;orientation&quot;:&quot;1&quot;}\" data-image-title=\"Urna-UrnaEletronica-TRE-DF-19Set2018\" data-image-description=\"\" data-image-caption=\"&lt;p&gt;Urnas eletr\u00f4nicas sendo preparadas para  serem enviadas as embaixadas do Brasil no exterior. Brasilia, 19-09-2018. Foto: S\u00e9rgio Lima\/Poder 360&lt;\/p&gt;\n\" data-medium-file=\"https:\/\/i0.wp.com\/blogdalucianaoliveira.com.br\/blog\/wp-content\/uploads\/2021\/05\/03933444-19A3-4587-9496-803BCAABDC1C.jpeg?fit=300%2C223\" data-large-file=\"https:\/\/i0.wp.com\/blogdalucianaoliveira.com.br\/blog\/wp-content\/uploads\/2021\/05\/03933444-19A3-4587-9496-803BCAABDC1C.jpeg?fit=600%2C445\" src=\"https:\/\/i0.wp.com\/blogdalucianaoliveira.com.br\/blog\/wp-content\/uploads\/2021\/05\/03933444-19A3-4587-9496-803BCAABDC1C.jpeg?resize=600%2C445\" alt=\"\" class=\"wp-image-31914\" srcset=\"https:\/\/i0.wp.com\/blogdalucianaoliveira.com.br\/blog\/wp-content\/uploads\/2021\/05\/03933444-19A3-4587-9496-803BCAABDC1C.jpeg?w=868 868w, https:\/\/i0.wp.com\/blogdalucianaoliveira.com.br\/blog\/wp-content\/uploads\/2021\/05\/03933444-19A3-4587-9496-803BCAABDC1C.jpeg?resize=300%2C223 300w, https:\/\/i0.wp.com\/blogdalucianaoliveira.com.br\/blog\/wp-content\/uploads\/2021\/05\/03933444-19A3-4587-9496-803BCAABDC1C.jpeg?resize=768%2C570 768w, https:\/\/i0.wp.com\/blogdalucianaoliveira.com.br\/blog\/wp-content\/uploads\/2021\/05\/03933444-19A3-4587-9496-803BCAABDC1C.jpeg?resize=404%2C300 404w\" sizes=\"auto, (max-width: 600px) 100vw, 600px\" \/><\/figure>\n\n\n\n<p>Poder 360 &#8211; O TSE (Tribunal Superior Eleitoral) lan\u00e7ou, nesta 6\u00aa feira (14.mai.2021), uma campanha sobre a transpar\u00eancia do sistema de vota\u00e7\u00e3o eletr\u00f4nico no Brasil. O evento celebra os 25 anos da urna eletr\u00f4nica no pa\u00eds, comemorado nessa 5\u00aa feira (13.mai.2021). Eis a&nbsp;<a rel=\"noreferrer noopener\" href=\"http:\/\/static.poder360.com.br\/2021\/05\/TSE-campanha-seguranca-transparencia-auditabilidade-processoeleitoral.pdf\" target=\"_blank\">\u00edntegra<\/a>&nbsp;(2 MB).<\/p>\n\n\n\n<!--more-->\n\n\n\n<p>O presidente do Tribunal, ministro Roberto Barroso, disse que o in\u00edcio do uso das urnas eletr\u00f4nicas no Brasil, nas elei\u00e7\u00f5es municipais de 1996,&nbsp;<em>\u201cserviram para terminar um passado de fraudes eleitorais, que marcavam o processo democr\u00e1tico brasileiro&nbsp;desde a Rep\u00fablica Velha, quando os votos eram de papel\u201d<\/em>.<\/p>\n\n\n\n<p>Ainda de acordo com Barroso, mesmo sob a vig\u00eancia do C\u00f3digo Eleitoral de 1932, o Brasil teve historicamente problemas na contagem das urnas com votos de papel que n\u00e3o haviam sido colocados pelos eleitores.<\/p>\n\n\n\n<p><em>\u201cTivemos problemas pavorosos na contagem dos votos de papel. De modo que o advento das urnas eletr\u00f4nicas mudou a qualidade da democracia no Brasil e desde ent\u00e3o ela vem sendo utilizada pelo sucesso, jamais sendo documentado se quer um caso de fraude\u201d<\/em>.<\/p>\n\n\n\n<p>Barroso afirmou que as urnas eletr\u00f4nicas foram usadas ao longo dos anos sem que em nenhum momento cidades brasileiras duvidassem dos resultados, desde a elei\u00e7\u00e3o de Fernando Henrique Cardoso para o segundo mandato at\u00e9 o atual presidente da Rep\u00fablica, Jair Bolsonaro.<\/p>\n\n\n\n<p><em>\u201cSem que em momento algum a cidadania brasileira tivesse alguma d\u00favida de que os resultados eleitorais correspondiam a efetiva manifesta\u00e7\u00e3o da vontade popular\u201d.<\/em><\/p>\n\n\n\n<p>De acordo com o presidente do TSE, ainda assim, foi feita uma campanha para demonstrar a seguran\u00e7a, transpar\u00eancia do sistema e a auditabilidade de cada passo relevante do processo eleitoral brasileiro, desde o desenvolvimento dos programas que s\u00e3o utilizados nas urnas at\u00e9 a totaliza\u00e7\u00e3o. \u201c<em>De forma com que qualquer observador externo verifique a autenticidade e a idoneidade do que est\u00e1 sendo feito\u201d,&nbsp;<\/em>disse.<\/p>\n\n\n\n<p>Barroso disse que<em>&nbsp;\u201ca urna tem se mostrado t\u00e3o segura que as desconfian\u00e7as em rela\u00e7\u00e3o a ela, como regra, decorrem de desinforma\u00e7\u00e3o\u201d.<\/em>&nbsp;Por isso, explicou que o TSE estar\u00e1 constituindo uma comiss\u00e3o externa de observa\u00e7\u00e3o que atuar\u00e1 internamente no Tribunal para acompanhar cada passo do processo eleitoral, desde o desenvolvimento do sistema at\u00e9 o momento da totaliza\u00e7\u00e3o.<\/p>\n\n\n\n<p><em>\u201cPretendemos chamar para esta observa\u00e7\u00e3o externa, para que atuem dentro do tribunal com a todas as informa\u00e7\u00f5es, representantes das universidades, de institui\u00e7\u00f5es p\u00fablicas, de entidades de tecnologia da informa\u00e7\u00e3o, entidades da sociedade civil e do Congresso Nacional\u201d,&nbsp;<\/em>afirmou.<\/p>\n\n\n\n<p>Segundo Barroso&nbsp;<em>\u201cO TSE joga limpo, de boa f\u00e9 [\u2026] a campanha n\u00e3o \u00e9 uma resposta para ningu\u00e9m\u201d<\/em>.<\/p>\n\n\n\n<h2 class=\"wp-block-heading\">CONTRARIA BOLSONARO<\/h2>\n\n\n\n<p>A comiss\u00e3o especial da C\u00e2mara destinada a discutir a&nbsp;PEC (Proposta de Emenda \u00e0 Constitui\u00e7\u00e3o) do&nbsp;<a href=\"https:\/\/www.poder360.com.br\/eleicoes\/lira-le-ato-de-instalacao-de-comissao-que-analisara-voto-impresso\/\" target=\"_blank\" rel=\"noreferrer noopener\">voto impresso<\/a>&nbsp;elegeu seu presidente na tarde dessa 5\u00aa feira (13.mai.2021). Ser\u00e1&nbsp;<a href=\"https:\/\/www.poder360.com.br\/congresso\/presidente-da-comissao-do-voto-impresso-desconfianca-ja-causou-revolucao\/\" target=\"_blank\" rel=\"noreferrer noopener\">Paulo Eduardo Martins (PSC-PR)<\/a>.<\/p>\n\n\n\n<p>O presidente&nbsp;<a href=\"https:\/\/www.poder360.com.br\/politicos-do-brasil\/\" target=\"_blank\" rel=\"noreferrer noopener\">Jair Bolsonaro<\/a>&nbsp;falou nessa 4\u00aa feira (12.mai.2021) sobre a aprova\u00e7\u00e3o do&nbsp;<a href=\"https:\/\/www.poder360.com.br\/eleicoes\/se-nao-tiver-voto-impresso-nao-tera-eleicao-diz-bolsonaro\/\" target=\"_blank\" rel=\"noreferrer noopener\">voto impresso<\/a>. Em evento no Planalto, o chefe do Executivo afirmou que, caso o Congresso aprove a medida at\u00e9 outubro deste ano, as elei\u00e7\u00f5es de 2022 j\u00e1 contar\u00e3o com o voto impresso e \u201c<em>audit\u00e1vel<\/em>\u201c. O presidente tamb\u00e9m repetiu que \u201c<a href=\"https:\/\/www.poder360.com.br\/governo\/so-deus-me-tira-daqui-diz-bolsonaro-ao-falar-de-voto-impresso\/\"><em>s\u00f3 Deus o tira<\/em><\/a>\u201d da cadeira de presidente.<\/p>\n\n\n\n<p>Sobre o voto impresso, o presidente afirmou que por meio da medida \u201c<em>n\u00e3o pairar\u00e1 qualquer sombra de d\u00favida na cabe\u00e7a de qualquer cidad\u00e3o brasileiro se o processo foi conduzido com lisura ou n\u00e3o<\/em>\u201d. Em mar\u00e7o de 2020, Bolsonaro afirmou que apresentaria provas sobre fraude nas elei\u00e7\u00f5es de 2018, o que nunca fez. Na \u00e9poca, afirmou que teria vencido no primeiro turno.<\/p>\n","protected":false},"excerpt":{"rendered":"<p>Poder 360 &#8211; O TSE (Tribunal Superior Eleitoral) lan\u00e7ou, nesta 6\u00aa feira (14.mai.2021), uma campanha sobre a transpar\u00eancia do sistema de vota\u00e7\u00e3o eletr\u00f4nico no Brasil. O evento celebra os 25 anos da urna eletr\u00f4nica no pa\u00eds, comemorado nessa 5\u00aa feira (13.mai.2021). Eis a&nbsp;\u00edntegra&nbsp;(2 MB).<\/p>\n","protected":false},"author":1,"featured_media":0,"comment_status":"closed","ping_status":"open","sticky":false,"template":"","format":"standard","meta":{"_exactmetrics_skip_tracking":false,"_exactmetrics_sitenote_active":false,"_exactmetrics_sitenote_note":"","_exactmetrics_sitenote_category":0,"jetpack_post_was_ever_published":false,"_jetpack_newsletter_access":"","_jetpack_dont_email_post_to_subs":false,"_jetpack_newsletter_tier_id":0,"_jetpack_memberships_contains_paywalled_content":false,"_jetpack_memberships_contains_paid_content":false,"footnotes":"","jetpack_publicize_message":"","jetpack_publicize_feature_enabled":true,"jetpack_social_post_already_shared":true,"jetpack_social_options":{"image_generator_settings":{"template":"highway","enabled":false},"version":2}},"categories":[1],"tags":[],"class_list":["post-31913","post","type-post","status-publish","format-standard","hentry","category-notas"],"jetpack_publicize_connections":[],"jetpack_sharing_enabled":true,"jetpack_featured_media_url":"","jetpack_shortlink":"https:\/\/wp.me\/p7wKYW-8iJ","jetpack-related-posts":[],"_links":{"self":[{"href":"http:\/\/blogdalucianaoliveira.com.br\/blog\/wp-json\/wp\/v2\/posts\/31913","targetHints":{"allow":["GET"]}}],"collection":[{"href":"http:\/\/blogdalucianaoliveira.com.br\/blog\/wp-json\/wp\/v2\/posts"}],"about":[{"href":"http:\/\/blogdalucianaoliveira.com.br\/blog\/wp-json\/wp\/v2\/types\/post"}],"author":[{"embeddable":true,"href":"http:\/\/blogdalucianaoliveira.com.br\/blog\/wp-json\/wp\/v2\/users\/1"}],"replies":[{"embeddable":true,"href":"http:\/\/blogdalucianaoliveira.com.br\/blog\/wp-json\/wp\/v2\/comments?post=31913"}],"version-history":[{"count":2,"href":"http:\/\/blogdalucianaoliveira.com.br\/blog\/wp-json\/wp\/v2\/posts\/31913\/revisions"}],"predecessor-version":[{"id":31916,"href":"http:\/\/blogdalucianaoliveira.com.br\/blog\/wp-json\/wp\/v2\/posts\/31913\/revisions\/31916"}],"wp:attachment":[{"href":"http:\/\/blogdalucianaoliveira.com.br\/blog\/wp-json\/wp\/v2\/media?parent=31913"}],"wp:term":[{"taxonomy":"category","embeddable":true,"href":"http:\/\/blogdalucianaoliveira.com.br\/blog\/wp-json\/wp\/v2\/categories?post=31913"},{"taxonomy":"post_tag","embeddable":true,"href":"http:\/\/blogdalucianaoliveira.com.br\/blog\/wp-json\/wp\/v2\/tags?post=31913"}],"curies":[{"name":"wp","href":"https:\/\/api.w.org\/{rel}","templated":true}]}}