{"id":31917,"date":"2021-05-14T16:37:28","date_gmt":"2021-05-14T20:37:28","guid":{"rendered":"http:\/\/blogdalucianaoliveira.com.br\/blog\/?p=31917"},"modified":"2021-05-14T16:37:33","modified_gmt":"2021-05-14T20:37:33","slug":"dados-apontam-para-crise-hidrica-no-brasil-intensificada-pelo-desmatamento-amazonico","status":"publish","type":"post","link":"http:\/\/blogdalucianaoliveira.com.br\/blog\/2021\/05\/14\/dados-apontam-para-crise-hidrica-no-brasil-intensificada-pelo-desmatamento-amazonico\/","title":{"rendered":"Dados apontam para crise h\u00eddrica no Brasil, intensificada pelo desmatamento amaz\u00f4nico"},"content":{"rendered":"\n<figure class=\"wp-block-image size-large\"><img data-recalc-dims=\"1\" loading=\"lazy\" decoding=\"async\" width=\"600\" height=\"338\" data-attachment-id=\"31918\" data-permalink=\"http:\/\/blogdalucianaoliveira.com.br\/blog\/2021\/05\/14\/dados-apontam-para-crise-hidrica-no-brasil-intensificada-pelo-desmatamento-amazonico\/o-sistema-cantareira-esta-com-o-nivel-mais-baixo-dos-ultimos-10-anos\/\" data-orig-file=\"https:\/\/i0.wp.com\/blogdalucianaoliveira.com.br\/blog\/wp-content\/uploads\/2021\/05\/91744245-44CE-4190-9496-ABD4EB4791B2.jpeg?fit=800%2C450\" data-orig-size=\"800,450\" data-comments-opened=\"0\" data-image-meta=\"{&quot;aperture&quot;:&quot;0&quot;,&quot;credit&quot;:&quot;Divulga\\u00e7\\u00e3o Sabesp&quot;,&quot;camera&quot;:&quot;&quot;,&quot;caption&quot;:&quot;O Sistema Cantareira est\\u00e1 com o n\\u00edvel mais baixo dos \\u00faltimos 10 anos.&quot;,&quot;created_timestamp&quot;:&quot;0&quot;,&quot;copyright&quot;:&quot;&quot;,&quot;focal_length&quot;:&quot;0&quot;,&quot;iso&quot;:&quot;0&quot;,&quot;shutter_speed&quot;:&quot;0&quot;,&quot;title&quot;:&quot;O Sistema Cantareira est\\u00e1 com o n\\u00edvel mais baixo dos \\u00faltimos 10 anos.&quot;,&quot;orientation&quot;:&quot;1&quot;}\" data-image-title=\"O Sistema Cantareira est\u00e1 com o n\u00edvel mais baixo dos \u00faltimos 10 anos.\" data-image-description=\"\" data-image-caption=\"&lt;p&gt;O Sistema Cantareira est\u00e1 com o n\u00edvel mais baixo dos \u00faltimos 10 anos.&lt;\/p&gt;\n\" data-medium-file=\"https:\/\/i0.wp.com\/blogdalucianaoliveira.com.br\/blog\/wp-content\/uploads\/2021\/05\/91744245-44CE-4190-9496-ABD4EB4791B2.jpeg?fit=300%2C169\" data-large-file=\"https:\/\/i0.wp.com\/blogdalucianaoliveira.com.br\/blog\/wp-content\/uploads\/2021\/05\/91744245-44CE-4190-9496-ABD4EB4791B2.jpeg?fit=600%2C338\" src=\"https:\/\/i0.wp.com\/blogdalucianaoliveira.com.br\/blog\/wp-content\/uploads\/2021\/05\/91744245-44CE-4190-9496-ABD4EB4791B2.jpeg?resize=600%2C338\" alt=\"\" class=\"wp-image-31918\" srcset=\"https:\/\/i0.wp.com\/blogdalucianaoliveira.com.br\/blog\/wp-content\/uploads\/2021\/05\/91744245-44CE-4190-9496-ABD4EB4791B2.jpeg?w=800 800w, https:\/\/i0.wp.com\/blogdalucianaoliveira.com.br\/blog\/wp-content\/uploads\/2021\/05\/91744245-44CE-4190-9496-ABD4EB4791B2.jpeg?resize=300%2C169 300w, https:\/\/i0.wp.com\/blogdalucianaoliveira.com.br\/blog\/wp-content\/uploads\/2021\/05\/91744245-44CE-4190-9496-ABD4EB4791B2.jpeg?resize=768%2C432 768w, https:\/\/i0.wp.com\/blogdalucianaoliveira.com.br\/blog\/wp-content\/uploads\/2021\/05\/91744245-44CE-4190-9496-ABD4EB4791B2.jpeg?resize=533%2C300 533w\" sizes=\"auto, (max-width: 600px) 100vw, 600px\" \/><\/figure>\n\n\n\n<h4 class=\"wp-block-heading\">Cobertura da floresta amaz\u00f4nica \u00e9 diretamente respons\u00e1vel pela forma\u00e7\u00e3o de chuvas em outras regi\u00f5es do pa\u00eds<\/h4>\n\n\n\n<!--more-->\n\n\n\n<p>Caroline Oliveira &#8211; Brasil de Fato |<\/p>\n\n\n\n<p>No dia 31 de mar\u00e7o deste ano, o Sistema Cantareira, que abastece a Grande S\u00e3o Paulo, operou com 52,8% da sua capacidade. O registro representa 10% a menos de \u00e1gua do que foi registrado no dia 31 de mar\u00e7o de 2013, per\u00edodo&nbsp;que configurou a pr\u00e9-crise h\u00eddrica em S\u00e3o Paulo, intensificada no ano seguinte.&nbsp;Nesta sexta-feira (14), o sistema est\u00e1 operando com&nbsp;49,3 % da capacidade.<\/p>\n\n\n\n<p>Paralelamente, no entanto, o consumo residencial na regi\u00e3o metropolitana de S\u00e3o Paulo, que corresponde \u00e0 maior demanda por \u00e1gua, na frente da atividade industrial e agr\u00edcola, \u00e9 menor do que o registrado em 2013. Naquele ano, foram 169 litros por pessoa e por dia. Hoje, s\u00e3o 126 litros por pessoa e por dia.&nbsp;<\/p>\n\n\n\n<p>Mas o que explica, ent\u00e3o, o baixo n\u00edvel nos reservat\u00f3rios? Segundo especialistas, fator expressivo nesta conta \u00e9 o desmatamento florestal da regi\u00e3o amaz\u00f4nica, que influencia diretamente a forma\u00e7\u00e3o de chuvas na regi\u00e3o sudeste do pa\u00eds.\u00a0<br><\/p>\n\n\n\n<p>Segundo Pedro Luiz C\u00f4rtes, professor do Instituto de Energia e Ambiente da Universidade de S\u00e3o Paulo (IEE-USP) e coordenador da Rede Internacional de Estudos Sobre Meio Ambiente e Sustentabilidade (Rimas), a \u00e1gua das chuvas que caem sobre a cobertura florestal volta \u00e0 atmosfera por meio da transpira\u00e7\u00e3o das \u00e1rvores, conhecida como evapotranspira\u00e7\u00e3o, repondo a umidade do ar. Na regi\u00e3o da amaz\u00f4nica, h\u00e1 uma zona de converg\u00eancia de ventos que trazem essa umidade para a regi\u00e3o sudeste, onde se precipita na forma de chuva.<\/p>\n\n\n\n<p>\u201cN\u00f3s estamos realmente em uma situa\u00e7\u00e3o clim\u00e1tica muito desfavor\u00e1vel que foi potencializada, no caso da Cantareira, por esse desmatamento da Amaz\u00f4nia que vem se acumulando ao longo dos \u00faltimos anos\u201d, afirma C\u00f4rtes.<\/p>\n\n\n\n<p>Recordes em desmatamento<\/p>\n\n\n\n<p>Em abril deste ano, o desmatamento da Amaz\u00f4nia bateu mais um recorde pelo segundo m\u00eas consecutivo. Dados do Deter, do Instituto Nacional de Pesquisas Espaciais (Inpe), mostram que foram registrados 580 quil\u00f4metros quadrados de destrui\u00e7\u00e3o. Em mar\u00e7o, foram 367 quil\u00f4metros quadrados.<\/p>\n\n\n\n<p>O n\u00famero tamb\u00e9m representa um aumento de 43% em rela\u00e7\u00e3o ao mesmo m\u00eas de 2020, quando foram contabilizados 406 quil\u00f4metros quadrados destru\u00eddos. O m\u00eas deste ano tamb\u00e9m foi o pior abril desde o in\u00edcio da s\u00e9rie hist\u00f3rica, que come\u00e7ou em 2015.<\/p>\n\n\n\n<p>&nbsp;\u201cUma coisa importante \u00e9 que as mudan\u00e7as clim\u00e1ticas decorrentes do desmatamento na Amaz\u00f4nia n\u00e3o s\u00e3o uma aposta para o futuro, algo que um dia pode acontecer. N\u00f3s j\u00e1 estamos sofrendo as consequ\u00eancias desse desmatamento exatamente por conta da redu\u00e7\u00e3o do volume de chuvas que acabam afetando importantes reservat\u00f3rios\u201d, reafirma C\u00f4rtes.<\/p>\n\n\n\n<p>D\u00e9ficit de chuvas<\/p>\n\n\n\n<p>O professor explica que, ao longo dos \u00faltimos 10 anos, o desmatamento vem gerando um d\u00e9ficit de chuvas n\u00e3o s\u00f3 no Sistema Cantareira, mas em outros reservat\u00f3rios de grandes usinas hidrel\u00e9tricas, como Furnas, Emborca\u00e7\u00e3o, Serra da Mesa e Nova Ponte. Com isso, trata-se da possibilidade de escassez de \u00e1gua, bem como de energia el\u00e9trica.<\/p>\n\n\n\n<p>\u201cQuando as hidrel\u00e9tricas perdem reserva de \u00e1gua, tem de reduzir a sua contribui\u00e7\u00e3o para rede, o mesmo fica impossibilitado de gerar energia el\u00e9trica. N\u00f3s, ent\u00e3o, temos de usar as termel\u00e9tricas, que, al\u00e9m das emiss\u00f5es de gases de efeito estufa e poluentes, t\u00eam uma opera\u00e7\u00e3o mais cara. Isso faz com que a gente pague mais caro pela energia, fato esse \u00e9 que n\u00f3s estamos sob a bandeira vermelha, que \u00e9 a energia mais cara.\u201d<\/p>\n\n\n\n<p><strong><a href=\"https:\/\/www.brasildefato.com.br\/2021\/04\/21\/ricardo-salles-13-fatos-que-fazem-do-ministro-ameaca-ao-meio-ambiente-do-planeta\" target=\"_blank\" rel=\"noreferrer noopener\">::Ricardo Salles: 13 fatos que fazem do ministro amea\u00e7a ao meio ambiente do planeta::<\/a><\/strong><\/p>\n\n\n\n<p>Para C\u00f4rtes, a situa\u00e7\u00e3o tende a se agravar ao longo do ano e at\u00e9 mesmo durar at\u00e9 o ver\u00e3o do pr\u00f3ximo ano, tendo em vista que os progn\u00f3sticos clim\u00e1ticos n\u00e3o indicam para um volume de chuvas significativo. At\u00e9 o momento, por exemplo, choveu somente 1% do esperado para maio, sendo que j\u00e1 transcorreu pouco mais de um ter\u00e7o do m\u00eas. Em abril, choveu apenas 10% do esperado.<\/p>\n\n\n\n<p>Segundo o ministro de Minas e Energia, Bento Albuquerque, os registros de chuvas atuais s\u00e3o os piores desde 1931. \u201cEu j\u00e1 adianto, vai exigir bastante aten\u00e7\u00e3o por parte de todos os agentes p\u00fablicos\u201d, afirmou o ministro durante audi\u00eancia da Comiss\u00e3o de Minas e Energia (CME) da C\u00e2mara dos Deputados. Conforme dados da Ag\u00eancia Nacional de Energia El\u00e9trica (Aneel), os reservat\u00f3rios de hidrel\u00e9tricas s\u00e3o respons\u00e1veis por cerca de 61% da energia el\u00e9trica consumida no pa\u00eds.<\/p>\n\n\n\n<p>Fen\u00f4menos naturais<\/p>\n\n\n\n<p>Al\u00e9m do desmatamento, dois outros fatores implicam nesta conta: os fen\u00f4menos naturais El Ni\u00f1o e El Ni\u00f1a. Na explica\u00e7\u00e3o do professor Pedro Lu\u00eds C\u00f4rtes, ambos s\u00e3o respons\u00e1veis por levar a umidade do Oceano Pac\u00edfico para o interior da Amaz\u00f4nia. \u201cQuando n\u00f3s temos o El Ni\u00f1o, n\u00f3s temos chuvas mais abundantes na regi\u00e3o sul e seca no nordeste e norte do Brasil. Quando n\u00f3s temos o El Ni\u00f1a, n\u00f3s temos o oposto.\u201d&nbsp;<\/p>\n\n\n\n<p>Ocorre que esses fen\u00f4menos n\u00e3o s\u00e3o desconhecidos, mas com os quais os \u201cmeteorologistas est\u00e3o plenamente habituados\u201d, \u201cn\u00e3o \u00e9 uma descoberta recente\u201d. N\u00e3o explicam, portanto, por si s\u00f3, os n\u00edveis extremamente baixos de chuvas.<\/p>\n\n\n\n<p><strong><a href=\"https:\/\/www.brasildefato.com.br\/2021\/05\/06\/bispos-da-amazonia-pedem-retirada-da-pl-da-grilagem-em-carta-a-rodrigo-pacheco\" target=\"_blank\" rel=\"noreferrer noopener\">::Bispos da Amaz\u00f4nia pedem retirada da PL da Grilagem em carta a Rodrigo Pacheco::<\/a><\/strong><\/p>\n\n\n\n<p>Segundo C\u00f4rtes, esse sistema de abastecimento que \u00e9 altamente dependente de quest\u00f5es clim\u00e1ticas est\u00e1 se mostrando cada vez em uma situa\u00e7\u00e3o lim\u00edtrofe. Uma mudan\u00e7a estrutural, nesse sentido, aponta n\u00e3o s\u00f3 para uma mudan\u00e7a no sistema de abastecimento, mas tamb\u00e9m para pol\u00edticas de preserva\u00e7\u00e3o ambiental.&nbsp;<\/p>\n\n\n\n<p>Mas a realidade mostra que&nbsp;<a href=\"https:\/\/www.brasildefato.com.br\/2021\/04\/22\/na-cupula-do-clima-bolsonaro-mente-sobre-verba-para-fiscalizacao-ambiental-no-brasil\" target=\"_blank\" rel=\"noreferrer noopener\">o governo brasileiro vem atuando na m\u00e3o contr\u00e1ria<\/a>. Somente neste ano, o Instituto Brasileiro do Meio Ambiente e dos Recursos Naturais Renov\u00e1veis (Ibama) perdeu 4% em corte de verba. No caso do Instituto Chico Mendes (ICMBio), a redu\u00e7\u00e3o foi ainda mais dr\u00e1stica, cerca de 12%. Ambos s\u00e3o \u00f3rg\u00e3os respons\u00e1veis pelo trabalho de preserva\u00e7\u00e3o ambiental no pa\u00eds.<\/p>\n\n\n\n<p>Edi\u00e7\u00e3o: Vivian Virissimo<\/p>\n","protected":false},"excerpt":{"rendered":"<p>Cobertura da floresta amaz\u00f4nica \u00e9 diretamente respons\u00e1vel pela forma\u00e7\u00e3o de chuvas em outras regi\u00f5es do pa\u00eds<\/p>\n","protected":false},"author":1,"featured_media":0,"comment_status":"closed","ping_status":"open","sticky":false,"template":"","format":"standard","meta":{"_exactmetrics_skip_tracking":false,"_exactmetrics_sitenote_active":false,"_exactmetrics_sitenote_note":"","_exactmetrics_sitenote_category":0,"jetpack_post_was_ever_published":false,"_jetpack_newsletter_access":"","_jetpack_dont_email_post_to_subs":false,"_jetpack_newsletter_tier_id":0,"_jetpack_memberships_contains_paywalled_content":false,"_jetpack_memberships_contains_paid_content":false,"footnotes":"","jetpack_publicize_message":"","jetpack_publicize_feature_enabled":true,"jetpack_social_post_already_shared":true,"jetpack_social_options":{"image_generator_settings":{"template":"highway","enabled":false},"version":2}},"categories":[1],"tags":[],"class_list":["post-31917","post","type-post","status-publish","format-standard","hentry","category-notas"],"jetpack_publicize_connections":[],"jetpack_sharing_enabled":true,"jetpack_featured_media_url":"","jetpack_shortlink":"https:\/\/wp.me\/p7wKYW-8iN","jetpack-related-posts":[],"_links":{"self":[{"href":"http:\/\/blogdalucianaoliveira.com.br\/blog\/wp-json\/wp\/v2\/posts\/31917","targetHints":{"allow":["GET"]}}],"collection":[{"href":"http:\/\/blogdalucianaoliveira.com.br\/blog\/wp-json\/wp\/v2\/posts"}],"about":[{"href":"http:\/\/blogdalucianaoliveira.com.br\/blog\/wp-json\/wp\/v2\/types\/post"}],"author":[{"embeddable":true,"href":"http:\/\/blogdalucianaoliveira.com.br\/blog\/wp-json\/wp\/v2\/users\/1"}],"replies":[{"embeddable":true,"href":"http:\/\/blogdalucianaoliveira.com.br\/blog\/wp-json\/wp\/v2\/comments?post=31917"}],"version-history":[{"count":1,"href":"http:\/\/blogdalucianaoliveira.com.br\/blog\/wp-json\/wp\/v2\/posts\/31917\/revisions"}],"predecessor-version":[{"id":31919,"href":"http:\/\/blogdalucianaoliveira.com.br\/blog\/wp-json\/wp\/v2\/posts\/31917\/revisions\/31919"}],"wp:attachment":[{"href":"http:\/\/blogdalucianaoliveira.com.br\/blog\/wp-json\/wp\/v2\/media?parent=31917"}],"wp:term":[{"taxonomy":"category","embeddable":true,"href":"http:\/\/blogdalucianaoliveira.com.br\/blog\/wp-json\/wp\/v2\/categories?post=31917"},{"taxonomy":"post_tag","embeddable":true,"href":"http:\/\/blogdalucianaoliveira.com.br\/blog\/wp-json\/wp\/v2\/tags?post=31917"}],"curies":[{"name":"wp","href":"https:\/\/api.w.org\/{rel}","templated":true}]}}