{"id":31921,"date":"2021-05-16T19:46:46","date_gmt":"2021-05-16T23:46:46","guid":{"rendered":"http:\/\/blogdalucianaoliveira.com.br\/blog\/?p=31921"},"modified":"2021-05-16T19:46:52","modified_gmt":"2021-05-16T23:46:52","slug":"bolsonaro-perde-seguidores-nas-redes-sociais-e-passa-a-falar-de-vacina","status":"publish","type":"post","link":"http:\/\/blogdalucianaoliveira.com.br\/blog\/2021\/05\/16\/bolsonaro-perde-seguidores-nas-redes-sociais-e-passa-a-falar-de-vacina\/","title":{"rendered":"Bolsonaro perde seguidores nas redes sociais e passa a falar de vacina"},"content":{"rendered":"\n<figure class=\"wp-block-image size-large\"><img data-recalc-dims=\"1\" loading=\"lazy\" decoding=\"async\" width=\"468\" height=\"232\" data-attachment-id=\"31922\" data-permalink=\"http:\/\/blogdalucianaoliveira.com.br\/blog\/2021\/05\/16\/bolsonaro-perde-seguidores-nas-redes-sociais-e-passa-a-falar-de-vacina\/67682726-3ef7-482f-8e47-cf1b12f7010e\/\" data-orig-file=\"https:\/\/i0.wp.com\/blogdalucianaoliveira.com.br\/blog\/wp-content\/uploads\/2021\/05\/67682726-3EF7-482F-8E47-CF1B12F7010E.jpeg?fit=468%2C232\" data-orig-size=\"468,232\" data-comments-opened=\"0\" data-image-meta=\"{&quot;aperture&quot;:&quot;0&quot;,&quot;credit&quot;:&quot;&quot;,&quot;camera&quot;:&quot;&quot;,&quot;caption&quot;:&quot;&quot;,&quot;created_timestamp&quot;:&quot;0&quot;,&quot;copyright&quot;:&quot;&quot;,&quot;focal_length&quot;:&quot;0&quot;,&quot;iso&quot;:&quot;0&quot;,&quot;shutter_speed&quot;:&quot;0&quot;,&quot;title&quot;:&quot;&quot;,&quot;orientation&quot;:&quot;0&quot;}\" data-image-title=\"67682726-3EF7-482F-8E47-CF1B12F7010E\" data-image-description=\"\" data-image-caption=\"\" data-medium-file=\"https:\/\/i0.wp.com\/blogdalucianaoliveira.com.br\/blog\/wp-content\/uploads\/2021\/05\/67682726-3EF7-482F-8E47-CF1B12F7010E.jpeg?fit=300%2C149\" data-large-file=\"https:\/\/i0.wp.com\/blogdalucianaoliveira.com.br\/blog\/wp-content\/uploads\/2021\/05\/67682726-3EF7-482F-8E47-CF1B12F7010E.jpeg?fit=468%2C232\" src=\"https:\/\/i0.wp.com\/blogdalucianaoliveira.com.br\/blog\/wp-content\/uploads\/2021\/05\/67682726-3EF7-482F-8E47-CF1B12F7010E.jpeg?resize=468%2C232\" alt=\"\" class=\"wp-image-31922\" srcset=\"https:\/\/i0.wp.com\/blogdalucianaoliveira.com.br\/blog\/wp-content\/uploads\/2021\/05\/67682726-3EF7-482F-8E47-CF1B12F7010E.jpeg?w=468 468w, https:\/\/i0.wp.com\/blogdalucianaoliveira.com.br\/blog\/wp-content\/uploads\/2021\/05\/67682726-3EF7-482F-8E47-CF1B12F7010E.jpeg?resize=300%2C149 300w\" sizes=\"auto, (max-width: 468px) 100vw, 468px\" \/><\/figure>\n\n\n\n<p><strong>247 &#8211;&nbsp;<\/strong>Depoimentos colhidos pela CPI mostram que o governo recusou ao menos cinco propostas de compra de vacinas e atuou pelo uso da cloroquina, medicamento sem efic\u00e1cia para o tratamento da Covid. Essa revela\u00e7\u00f5es As revela\u00e7\u00f5es j\u00e1 provocam impacto nas redes sociais de Jair Bolsonaro e de seus aliados.<\/p>\n\n\n\n<!--more-->\n\n\n\n<p>Desde 16 de abril, dois dias ap\u00f3s o Supremo Tribunal Federal (STF) determinar a instala\u00e7\u00e3o da comiss\u00e3o, houve 11 dias em que o Bolsonaro perdeu seguidores, segundo levantamento da consultoria Bites publicado pelo jornal O Globo.<\/p>\n\n\n\n<p>Ainda de acordo com o levantamento, apoiadores de Bolsonaro passaram a usar a palavra vacina com mais frequ\u00eancia e deixaram de lado a express\u00e3o \u201ctratamento precoce\u201d.<\/p>\n\n\n\n<p>&#8220;Somando os dias de queda de seguidores com outros oito em que os n\u00fameros n\u00e3o mudaram significativamente, s\u00e3o 19 dias em que a popularidade do presidente n\u00e3o cresceu em Twitter, Facebook, Instagram e YouTube. Segundo Andr\u00e9 Eler, diretor-adjunto da Bites, que monitora redes sociais, \u00e9 o maior intervalo de estagna\u00e7\u00e3o na comunica\u00e7\u00e3o digital do governo desde o in\u00edcio do mandato&#8221;, aponta a reportagem.<\/p>\n\n\n\n<p>&#8220;A mudan\u00e7a de narrativa do governo nas redes sobre a pandemia desarticulou o bolsonarismo. Ele ainda n\u00e3o encontrou um discurso para retomar a hegemonia no ambiente digital&#8221;, frisa Eler.<\/p>\n\n\n\n<p>Al\u00e9m de Bolsonaro, a queda tamb\u00e9m foi verificada nas redes sociais de seus filhos, Fl\u00e1vio, Carlos, Eduardo e Renan que tamb\u00e9m vem usando mais o termo \u201cvacina\u201d, que, em abril, alcan\u00e7ou o pico de men\u00e7\u00f5es \u2014 15% do total de publica\u00e7\u00f5es.<\/p>\n\n\n\n<p>Por outro lado, as men\u00e7\u00f5es em defesa do que eles chamam de \u201ctratamento precoce\u201d para a Covid-19 ca\u00edram e se encontram pr\u00f3ximas de 1% do total.<\/p>\n","protected":false},"excerpt":{"rendered":"<p>247 &#8211;&nbsp;Depoimentos colhidos pela CPI mostram que o governo recusou ao menos cinco propostas de compra de vacinas e atuou pelo uso da cloroquina, medicamento sem efic\u00e1cia para o tratamento da Covid. Essa revela\u00e7\u00f5es As revela\u00e7\u00f5es j\u00e1 provocam impacto nas redes sociais de Jair Bolsonaro e de seus aliados.<\/p>\n","protected":false},"author":1,"featured_media":0,"comment_status":"closed","ping_status":"open","sticky":false,"template":"","format":"standard","meta":{"_exactmetrics_skip_tracking":false,"_exactmetrics_sitenote_active":false,"_exactmetrics_sitenote_note":"","_exactmetrics_sitenote_category":0,"jetpack_post_was_ever_published":false,"_jetpack_newsletter_access":"","_jetpack_dont_email_post_to_subs":false,"_jetpack_newsletter_tier_id":0,"_jetpack_memberships_contains_paywalled_content":false,"_jetpack_memberships_contains_paid_content":false,"footnotes":"","jetpack_publicize_message":"","jetpack_publicize_feature_enabled":true,"jetpack_social_post_already_shared":true,"jetpack_social_options":{"image_generator_settings":{"template":"highway","enabled":false},"version":2}},"categories":[1],"tags":[],"class_list":["post-31921","post","type-post","status-publish","format-standard","hentry","category-notas"],"jetpack_publicize_connections":[],"jetpack_sharing_enabled":true,"jetpack_featured_media_url":"","jetpack_shortlink":"https:\/\/wp.me\/p7wKYW-8iR","jetpack-related-posts":[],"_links":{"self":[{"href":"http:\/\/blogdalucianaoliveira.com.br\/blog\/wp-json\/wp\/v2\/posts\/31921","targetHints":{"allow":["GET"]}}],"collection":[{"href":"http:\/\/blogdalucianaoliveira.com.br\/blog\/wp-json\/wp\/v2\/posts"}],"about":[{"href":"http:\/\/blogdalucianaoliveira.com.br\/blog\/wp-json\/wp\/v2\/types\/post"}],"author":[{"embeddable":true,"href":"http:\/\/blogdalucianaoliveira.com.br\/blog\/wp-json\/wp\/v2\/users\/1"}],"replies":[{"embeddable":true,"href":"http:\/\/blogdalucianaoliveira.com.br\/blog\/wp-json\/wp\/v2\/comments?post=31921"}],"version-history":[{"count":1,"href":"http:\/\/blogdalucianaoliveira.com.br\/blog\/wp-json\/wp\/v2\/posts\/31921\/revisions"}],"predecessor-version":[{"id":31923,"href":"http:\/\/blogdalucianaoliveira.com.br\/blog\/wp-json\/wp\/v2\/posts\/31921\/revisions\/31923"}],"wp:attachment":[{"href":"http:\/\/blogdalucianaoliveira.com.br\/blog\/wp-json\/wp\/v2\/media?parent=31921"}],"wp:term":[{"taxonomy":"category","embeddable":true,"href":"http:\/\/blogdalucianaoliveira.com.br\/blog\/wp-json\/wp\/v2\/categories?post=31921"},{"taxonomy":"post_tag","embeddable":true,"href":"http:\/\/blogdalucianaoliveira.com.br\/blog\/wp-json\/wp\/v2\/tags?post=31921"}],"curies":[{"name":"wp","href":"https:\/\/api.w.org\/{rel}","templated":true}]}}