{"id":31924,"date":"2021-05-16T19:54:57","date_gmt":"2021-05-16T23:54:57","guid":{"rendered":"http:\/\/blogdalucianaoliveira.com.br\/blog\/?p=31924"},"modified":"2021-05-16T19:55:00","modified_gmt":"2021-05-16T23:55:00","slug":"omar-aziz-precisa-impor-limites-para-mentirosos-na-cpi","status":"publish","type":"post","link":"http:\/\/blogdalucianaoliveira.com.br\/blog\/2021\/05\/16\/omar-aziz-precisa-impor-limites-para-mentirosos-na-cpi\/","title":{"rendered":"Omar Aziz precisa impor limites para mentirosos na CPI"},"content":{"rendered":"\n<figure class=\"wp-block-image size-large\"><img loading=\"lazy\" decoding=\"async\" width=\"1649\" height=\"1165\" data-attachment-id=\"31925\" data-permalink=\"http:\/\/blogdalucianaoliveira.com.br\/blog\/2021\/05\/16\/omar-aziz-precisa-impor-limites-para-mentirosos-na-cpi\/3b1cad25-5e72-4cba-a377-067ce8fbb55a\/\" data-orig-file=\"https:\/\/i0.wp.com\/blogdalucianaoliveira.com.br\/blog\/wp-content\/uploads\/2021\/05\/3B1CAD25-5E72-4CBA-A377-067CE8FBB55A.jpeg?fit=1649%2C1165\" data-orig-size=\"1649,1165\" data-comments-opened=\"0\" data-image-meta=\"{&quot;aperture&quot;:&quot;0&quot;,&quot;credit&quot;:&quot;&quot;,&quot;camera&quot;:&quot;&quot;,&quot;caption&quot;:&quot;&quot;,&quot;created_timestamp&quot;:&quot;0&quot;,&quot;copyright&quot;:&quot;&quot;,&quot;focal_length&quot;:&quot;0&quot;,&quot;iso&quot;:&quot;0&quot;,&quot;shutter_speed&quot;:&quot;0&quot;,&quot;title&quot;:&quot;&quot;,&quot;orientation&quot;:&quot;0&quot;}\" data-image-title=\"3B1CAD25-5E72-4CBA-A377-067CE8FBB55A\" data-image-description=\"\" data-image-caption=\"\" data-medium-file=\"https:\/\/i0.wp.com\/blogdalucianaoliveira.com.br\/blog\/wp-content\/uploads\/2021\/05\/3B1CAD25-5E72-4CBA-A377-067CE8FBB55A.jpeg?fit=300%2C212\" data-large-file=\"https:\/\/i0.wp.com\/blogdalucianaoliveira.com.br\/blog\/wp-content\/uploads\/2021\/05\/3B1CAD25-5E72-4CBA-A377-067CE8FBB55A.jpeg?fit=600%2C424\" src=\"https:\/\/i0.wp.com\/blogdalucianaoliveira.com.br\/blog\/wp-content\/uploads\/2021\/05\/3B1CAD25-5E72-4CBA-A377-067CE8FBB55A.jpeg?fit=600%2C424\" alt=\"\" class=\"wp-image-31925\" srcset=\"https:\/\/i0.wp.com\/blogdalucianaoliveira.com.br\/blog\/wp-content\/uploads\/2021\/05\/3B1CAD25-5E72-4CBA-A377-067CE8FBB55A.jpeg?w=1649 1649w, https:\/\/i0.wp.com\/blogdalucianaoliveira.com.br\/blog\/wp-content\/uploads\/2021\/05\/3B1CAD25-5E72-4CBA-A377-067CE8FBB55A.jpeg?resize=300%2C212 300w, https:\/\/i0.wp.com\/blogdalucianaoliveira.com.br\/blog\/wp-content\/uploads\/2021\/05\/3B1CAD25-5E72-4CBA-A377-067CE8FBB55A.jpeg?resize=1024%2C723 1024w, https:\/\/i0.wp.com\/blogdalucianaoliveira.com.br\/blog\/wp-content\/uploads\/2021\/05\/3B1CAD25-5E72-4CBA-A377-067CE8FBB55A.jpeg?resize=768%2C543 768w, https:\/\/i0.wp.com\/blogdalucianaoliveira.com.br\/blog\/wp-content\/uploads\/2021\/05\/3B1CAD25-5E72-4CBA-A377-067CE8FBB55A.jpeg?resize=1536%2C1085 1536w, https:\/\/i0.wp.com\/blogdalucianaoliveira.com.br\/blog\/wp-content\/uploads\/2021\/05\/3B1CAD25-5E72-4CBA-A377-067CE8FBB55A.jpeg?resize=425%2C300 425w, https:\/\/i0.wp.com\/blogdalucianaoliveira.com.br\/blog\/wp-content\/uploads\/2021\/05\/3B1CAD25-5E72-4CBA-A377-067CE8FBB55A.jpeg?w=1200 1200w\" sizes=\"auto, (max-width: 600px) 100vw, 600px\" \/><\/figure>\n\n\n\n<p>Decis\u00e3o do presidente da comiss\u00e3o de n\u00e3o punir o ex-secret\u00e1rio de Comunica\u00e7\u00e3o Fabio Wjangarten, que mentiu descaradamente, abre precedente ruim. \u00c9 grave demais ocultar provas do genoc\u00eddio no parlamento.<\/p>\n\n\n\n<!--more-->\n\n\n\n<p><a href=\"https:\/\/theintercept.com\/equipe\/joao-filho-brasil\/\">Jo\u00e3o Filho<\/a>, The Intercept <\/p>\n\n\n\n<p>NA SEMANA&nbsp;em que o pa\u00eds acumulou mais de 420 mil mortos por covid, Bolsonaro<a href=\"https:\/\/www.otempo.com.br\/politica\/canetada-permite-a-bolsonaro-aumentar-o-proprio-salario-e-o-do-vice-1.2484700\" target=\"_blank\" rel=\"noreferrer noopener\">&nbsp;aumentou o seu pr\u00f3prio sal\u00e1rio<\/a>&nbsp;e viu sua&nbsp;<a href=\"https:\/\/www1.folha.uol.com.br\/poder\/2021\/05\/rejeicao-a-bolsonaro-so-e-inferior-a-de-collor-com-tempo-semelhante-no-governo-aponta-datafolha.shtml\" target=\"_blank\" rel=\"noreferrer noopener\">rejei\u00e7\u00e3o disparar&nbsp;<\/a>nas pesquisas. Foi a semana em que a CPI da Covid pegou fogo. Os depoimentos do presidente da Anvisa, do ex-secret\u00e1rio de comunica\u00e7\u00e3o Fabio Wjangarten e do executivo da Pfizer foram importantes para as investiga\u00e7\u00f5es.&nbsp;N\u00e3o houve&nbsp;nenhuma grande novidade: o boicote do presidente \u00e0s vacinas sempre foi feito \u00e0s claras. O que se viu na CPI foi apenas a confirma\u00e7\u00e3o de tudo o que os brasileiros j\u00e1 sabiam.<\/p>\n\n\n\n<p>Na ter\u00e7a-feira, o presidente da Anvisa, Antonio Barra Torres, aliado e amigo do presidente, n\u00e3o conseguiu combinar as responsabilidades do cargo com a defesa do negacionismo propagado pelo Planalto. Ele\u00a0<a rel=\"noreferrer noopener\" href=\"https:\/\/www1.folha.uol.com.br\/poder\/2021\/05\/presidente-da-anvisa-critica-a-cpi-da-covid-uso-de-cloroquina-e-falas-negacionistas-de-bolsonaro.shtml\" target=\"_blank\">confirmou<\/a>ser contra absolutamente todas as loucuras pregadas por Bolsonaro para o combate da pandemia: defendeu uso de m\u00e1scaras, isolamento social e criticou os tratamentos com medicamentos comprovadamente ineficazes. Torres confirmou a informa\u00e7\u00e3o que o ex-ministro\u00a0<a rel=\"noreferrer noopener\" href=\"https:\/\/www1.folha.uol.com.br\/poder\/2021\/05\/mandetta-leva-a-cpi-omissoes-de-bolsonaro-mas-tenta-escapar-de-nos-de-sua-gestao.shtml\" target=\"_blank\">Mandetta deu<\/a>\u00a0na semana anterior: Bolsonaro articulou para tentar sorrateiramente alterar a bula da hidroxicloroquina, para incluir a informa\u00e7\u00e3o que ela seria eficaz no tratamento da covid-19. O presidente tentou fazer isso<a rel=\"noreferrer noopener\" href=\"https:\/\/www12.senado.leg.br\/noticias\/audios\/2021\/05\/presidente-da-anvisa-confirma-que-houve-sugestao-de-alteracao-da-bula-da-cloroquina\" target=\"_blank\">\u00a0por meio de um decreto<\/a>, o que violaria regras b\u00e1sicas da Anvisa. A semana da CPI come\u00e7ou assim: com um amigo e aliado do presidente contando verdades que o desmoralizam.<\/p>\n\n\n\n<p>Na quarta-feira, foi a vez do ex-secret\u00e1rio de Comunica\u00e7\u00e3o da Presid\u00eancia Fabio Wjangarten explicar a entrevista que deu \u00e0 revista Veja em que fez duras cr\u00edticas \u00e0 gest\u00e3o de Pazuello. Claramente empenhado em blindar o presidente, Wjangarten amenizou as cr\u00edticas feitas na revista, se enrolou em contradi\u00e7\u00f5es e mentiu descaradamente em v\u00e1rios momentos. Primeiro ele negou que sua secretaria tenha liderado campanhas negacionistas durante a pandemia, o que foi imediatamente&nbsp;<a href=\"https:\/\/g1.globo.com\/politica\/noticia\/2021\/05\/13\/campanha-negacionista-nao-foi-veiculada-diz-wajngarten-mas-perfil-da-secom-publicou-peca.ghtml\" target=\"_blank\" rel=\"noreferrer noopener\">desmentido por senadores&nbsp;<\/a>que mostraram pe\u00e7as negacionistas produzidas e divulgadas pela Secom. Depois afirmou que jamais disse \u00e0 Veja que \u201chouve incompet\u00eancia\u201d de Pazuello na compra das vacinas, alegando que a frase foi estampada na capa por uma estrat\u00e9gia dos editores para alavancar as vendas.<\/p>\n\n\n\n<p>Durante a sess\u00e3o, a Veja divulgou&nbsp;<a href=\"https:\/\/veja.abril.com.br\/politica\/audio-fabio-wajngarten-ve-incompetencia-no-ministerio-de-saude\/\" target=\"_blank\" rel=\"noreferrer noopener\">o \u00e1udio<\/a>&nbsp;da entrevista em que ele diz a frase de forma clara e objetiva. Alguns senadores, entre eles o relator Renan Calheiros, requisitaram ao presidente da comiss\u00e3o a pris\u00e3o do mentiroso \u2013 depoentes s\u00e3o obrigados a contar a verdade na comiss\u00e3o. Mas Omar Aziz n\u00e3o aceitou e chegou a travar uma discuss\u00e3o mais acalorada com o relator. At\u00e9 aquele momento, relator e presidente estavam em perfeita sintonia. Al\u00e9m desse racha, a decis\u00e3o de Aziz abre precedente ruim: autoriza os pr\u00f3ximos depoentes mentirem aos senadores, o que enfraquece a investiga\u00e7\u00e3o. Pazuello agora j\u00e1 sabe que poder\u00e1 ficar \u00e0 vontade para mentir em seu depoimento.<\/p>\n\n\n\n<p>Apesar das mentiras, Wjangarten confirmou que a Pfizer ofereceu vacinas ao governo em setembro do ano passado, mas n\u00e3o recebeu nenhuma resposta por pelo menos dois meses. Enquanto detonava Doria e as vacinas que podem te transformar em \u201cjacar\u00e9\u201d, Bolsonaro estava sentado em cima de uma proposta que garantiria 70 milh\u00f5es de doses de vacinas a partir de dezembro. O presidente teve a possibilidade de salvar a vida de milhares brasileiros, mas preferiu ignorar a proposta para n\u00e3o contrariar a sua narrativa negacionista. O genoc\u00eddio \u00e9 um projeto muito bem-sucedido.<\/p>\n\n\n\n<div class=\"wp-block-image\"><figure class=\"aligncenter\"><img data-recalc-dims=\"1\" decoding=\"async\" src=\"https:\/\/i0.wp.com\/theintercept.imgix.net\/wp-uploads\/sites\/1\/2021\/05\/fabio-01.jpg?w=600&#038;ssl=1\" alt=\"Ex-secret\u00e1rio especial de Comunica\u00e7\u00e3o Social da presid\u00eancia, Fabio Wajngarten, durante sess\u00e3o da CPI da Covid.\" class=\"wp-image-356554\"\/><\/figure><\/div>\n\n\n\n<p>Ex-secret\u00e1rio de Comunica\u00e7\u00e3o da presid\u00eancia, Fabio Wajngarten mentiu&nbsp;em sess\u00e3o da CPI e foi desmascarado por senadores de oposi\u00e7\u00e3o.<\/p>\n\n\n\n<p>Foto: Pedro Fran\u00e7a\/Ag\u00eancia Senado<\/p>\n\n\n\n<p>Wjangarten disse que se reuniu com o executivo da Pfizer em seu gabinete no Pal\u00e1cio em novembro. Segundo ele, participaram da reuni\u00e3o apenas um de seus assistentes e uma diretora de comunica\u00e7\u00e3o da empresa. Mas, no dia seguinte, o executivo da Pfizer o desmentiria ao afirmar que Carlos Bolsonaro tamb\u00e9m participou. Wjangarten j\u00e1 havia dito aos senadores que tinha pouco contato com Carluxo e que&nbsp;<a href=\"https:\/\/exame.com\/brasil\/carlos-bolsonaro-participou-de-reuniao-com-a-pfizer-no-planalto-diz-ceo\/\" target=\"_blank\" rel=\"noreferrer noopener\">caberiam numa m\u00e3o<\/a>&nbsp;as vezes em que se encontraram nos \u00faltimos dois anos. Mentiu mais uma vez. Como se j\u00e1 n\u00e3o bastasse a bizarrice de um chefe da secretaria da Comunica\u00e7\u00e3o articulando compras de vacinas, agora sabemos que um vereador do Rio de Janeiro tamb\u00e9m participou da negocia\u00e7\u00e3o. O ex-secret\u00e1rio estava mesmo muito empenhado em ocultar as provas do genoc\u00eddio do seu chefe e sua fam\u00edlia.<\/p>\n\n\n\n<p>E por falar em fam\u00edlia, o filho senador de Bolsonaro apareceu no fim da sess\u00e3o para defender a honestidade do depoente mentiroso e\u00a0<a rel=\"noreferrer noopener\" href=\"https:\/\/g1.globo.com\/politica\/noticia\/2021\/05\/12\/cpi-aziz-suspende-sessao-apos-flavio-bolsonaro-chamar-renan-calheiros-de-vagabundo.ghtml\" target=\"_blank\">xingar<\/a>\u00a0o relator da comiss\u00e3o da qual ele nem faz parte. Como se estivesse numa reuni\u00e3o com seus amigos milicianos de Rio das Pedras, Fl\u00e1vio Bolsonaro chegou atirando verbalmente contra Renan Calheiros, chamando-lhe de \u201cvagabundo\u201d. Sim, isso foi dito pelo vagabundinho que enriqueceu roubando dinheiro p\u00fablico, lavando numa lojinha da Kopenhagen e\u00a0<a rel=\"noreferrer noopener\" href=\"https:\/\/theintercept.com\/2020\/04\/25\/flavio-bolsonaro-rachadinha-financiou-milicia\/\" target=\"_blank\">desviando para as mil\u00edcias<\/a>.<\/p>\n\n\n\n<p>Na quinta-feira foi a vez da CPI ouvir o gerente-geral da Pfizer na Am\u00e9rica Latina, Carlos Murillo. Ele confirmou que o governo brasileiro ignorou por meses as propostas da Pfizer. Segundo ele, foram feitas ao menos<a href=\"https:\/\/g1.globo.com\/politica\/noticia\/2021\/05\/13\/executivo-da-pfizer-revela-a-cpi-seis-ofertas-de-vacina-e-presenca-de-carlos-bolsonaro-em-reuniao.ghtml\" target=\"_blank\" rel=\"noreferrer noopener\">&nbsp;seis propostas<\/a>&nbsp;ao governo brasileiro de agosto de 2020 at\u00e9 fevereiro de 2021. Nenhuma delas recebeu uma resposta oficial do Minist\u00e9rio da Sa\u00fade. Segundo Murillo, o cronograma inicial da Pfizer previa a entrega de 1,5 milh\u00e3o de doses ainda em 2020 e outras 2,5 milh\u00f5es at\u00e9 mar\u00e7o deste ano. Isso significa que pelo menos quatro milh\u00f5es de brasileiros poderiam estar vacinados hoje n\u00e3o fosse pela neglig\u00eancia bolsonarista. Muitas mortes seriam evitadas caso o governo federal n\u00e3o estivesse comprometido com o negacionismo.<\/p>\n\n\n\n<p>As falas do executivo da Pfizer desmentiram Wjangarten. Ele contou que, al\u00e9m de Carluxo, o assessor internacional do Planalto Filipe Martins participou da negocia\u00e7\u00e3o. Ent\u00e3o, al\u00e9m do vereador carioca, o bolsonarismo escalou para negociar a compra de vacinas um olavista fan\u00e1tico que<a href=\"https:\/\/g1.globo.com\/jornal-nacional\/noticia\/2021\/05\/05\/policia-do-senado-conclui-que-filipe-martins-assessor-de-bolsonaro-cometeu-crime-de-preconceito.ghtml\" target=\"_blank\" rel=\"noreferrer noopener\">&nbsp;flerta com o supremacismo branco<\/a>. Nenhum representante do Minist\u00e9rio da Sa\u00fade participou desse encontro. O governo mandou dois moleques ostensivamente desqualificados para tratar do assunto.<\/p>\n\n\n\n<p>A n\u00e3o pris\u00e3o de Wjangarten \u00e9 ruim para o andamento da CPI. Tentar ocultar as provas de um genoc\u00eddio em curso \u00e9 algo muito grave para deixar que se escape ileso. Mas os fatos confirmados durante a semana foram ainda piores para o bolsonarismo. Ficou claro que vacinar a popula\u00e7\u00e3o n\u00e3o era prioridade para um governo que aposta na imunidade de rebanho como t\u00e1tica para combater a pandemia. O governo s\u00f3 foi mudar o discurso depois de ver o sucesso pol\u00edtico que Doria obteve com a Coronavac. A partir de ent\u00e3o, a narrativa antivacina perdeu for\u00e7a e os fez iniciar um festival de ocultamento de provas do projeto genocida. Mas essa CPI j\u00e1 tem provas fartas e irrefut\u00e1veis para atestar o crime contra a humanidade cometido no Brasil. Bolsonaro age como um fac\u00ednora compar\u00e1vel a Pinochet.<\/p>\n\n\n\n<p><\/p>\n","protected":false},"excerpt":{"rendered":"<p>Decis\u00e3o do presidente da comiss\u00e3o de n\u00e3o punir o ex-secret\u00e1rio de Comunica\u00e7\u00e3o Fabio Wjangarten, que mentiu descaradamente, abre precedente ruim. \u00c9 grave demais ocultar provas do genoc\u00eddio no parlamento.<\/p>\n","protected":false},"author":1,"featured_media":0,"comment_status":"closed","ping_status":"open","sticky":false,"template":"","format":"standard","meta":{"_exactmetrics_skip_tracking":false,"_exactmetrics_sitenote_active":false,"_exactmetrics_sitenote_note":"","_exactmetrics_sitenote_category":0,"jetpack_post_was_ever_published":false,"_jetpack_newsletter_access":"","_jetpack_dont_email_post_to_subs":false,"_jetpack_newsletter_tier_id":0,"_jetpack_memberships_contains_paywalled_content":false,"_jetpack_memberships_contains_paid_content":false,"footnotes":"","jetpack_publicize_message":"","jetpack_publicize_feature_enabled":true,"jetpack_social_post_already_shared":true,"jetpack_social_options":{"image_generator_settings":{"template":"highway","enabled":false},"version":2}},"categories":[1],"tags":[],"class_list":["post-31924","post","type-post","status-publish","format-standard","hentry","category-notas"],"jetpack_publicize_connections":[],"jetpack_sharing_enabled":true,"jetpack_featured_media_url":"","jetpack_shortlink":"https:\/\/wp.me\/p7wKYW-8iU","jetpack-related-posts":[],"_links":{"self":[{"href":"http:\/\/blogdalucianaoliveira.com.br\/blog\/wp-json\/wp\/v2\/posts\/31924","targetHints":{"allow":["GET"]}}],"collection":[{"href":"http:\/\/blogdalucianaoliveira.com.br\/blog\/wp-json\/wp\/v2\/posts"}],"about":[{"href":"http:\/\/blogdalucianaoliveira.com.br\/blog\/wp-json\/wp\/v2\/types\/post"}],"author":[{"embeddable":true,"href":"http:\/\/blogdalucianaoliveira.com.br\/blog\/wp-json\/wp\/v2\/users\/1"}],"replies":[{"embeddable":true,"href":"http:\/\/blogdalucianaoliveira.com.br\/blog\/wp-json\/wp\/v2\/comments?post=31924"}],"version-history":[{"count":1,"href":"http:\/\/blogdalucianaoliveira.com.br\/blog\/wp-json\/wp\/v2\/posts\/31924\/revisions"}],"predecessor-version":[{"id":31926,"href":"http:\/\/blogdalucianaoliveira.com.br\/blog\/wp-json\/wp\/v2\/posts\/31924\/revisions\/31926"}],"wp:attachment":[{"href":"http:\/\/blogdalucianaoliveira.com.br\/blog\/wp-json\/wp\/v2\/media?parent=31924"}],"wp:term":[{"taxonomy":"category","embeddable":true,"href":"http:\/\/blogdalucianaoliveira.com.br\/blog\/wp-json\/wp\/v2\/categories?post=31924"},{"taxonomy":"post_tag","embeddable":true,"href":"http:\/\/blogdalucianaoliveira.com.br\/blog\/wp-json\/wp\/v2\/tags?post=31924"}],"curies":[{"name":"wp","href":"https:\/\/api.w.org\/{rel}","templated":true}]}}