{"id":31929,"date":"2021-05-17T11:17:25","date_gmt":"2021-05-17T15:17:25","guid":{"rendered":"http:\/\/blogdalucianaoliveira.com.br\/blog\/?p=31929"},"modified":"2021-05-17T11:19:34","modified_gmt":"2021-05-17T15:19:34","slug":"garimpeiros-jogam-bombas-contra-indigenas-em-7o-dia-de-ataques-na-terra-yanomami-dizem-liderancas","status":"publish","type":"post","link":"http:\/\/blogdalucianaoliveira.com.br\/blog\/2021\/05\/17\/garimpeiros-jogam-bombas-contra-indigenas-em-7o-dia-de-ataques-na-terra-yanomami-dizem-liderancas\/","title":{"rendered":"Garimpeiros jogam bombas contra ind\u00edgenas em 7\u00ba dia de ataques na Terra Yanomami, dizem lideran\u00e7as"},"content":{"rendered":"\n<figure class=\"wp-block-image\"><img data-recalc-dims=\"1\" decoding=\"async\" src=\"https:\/\/i0.wp.com\/s2.glbimg.com\/EyL9r52Ip8TltE3WMbnE9baESNg%3D\/0x0%3A1920x1080\/1008x0\/smart\/filters%3Astrip_icc%28%29\/i.s3.glbimg.com\/v1\/AUTH_59edd422c0c84a879bd37670ae4f538a\/internal_photos\/bs\/2021\/0\/6\/RwX4EOQfO3m4aizgj5DA\/palimiu-posto-de-saude-5-1.14.4.jpg?w=600&#038;ssl=1\" alt=\"Comunidade Palimi\u00fa est\u00e1 sem atendimentos m\u00e9dicos devido aos ataques de garimpeiros; posto de sa\u00fade \u00e9 casa verde no fundo da imagem \u2014 Foto: Alexandro Pereira\/Rede Amaz\u00f4nica\"\/><\/figure>\n\n\n\n<h4 class=\"wp-block-heading\">Invasores estavam a bordo de 15 barcos e atacaram Palimi\u00fa por volta de 21h40 deste domingo (16), informou a Hutukara e o Condisi-Y.<\/h4>\n\n\n\n<!--more-->\n\n\n\n<p>Por Val\u00e9ria Oliveira e Juliana Dama, G1 RR&nbsp;\u2014 Boa Vista<br><\/p>\n\n\n\n<p>Garimpeiros atacaram mais uma vez a comunidade Palimi\u00fa, na Terra Ind\u00edgena Yanomami, na noite desse domingo (16) e a regi\u00e3o teve o&nbsp;<a href=\"https:\/\/g1.globo.com\/rr\/roraima\/noticia\/2021\/05\/16\/comunidade-alvo-de-conflitos-na-terra-yanomami-vive-clima-de-tensao-todos-os-dias-estou-chorando-de-medo.ghtml\">s\u00e9timo dia seguido de tens\u00e3o<\/a>. Desta vez, os invasores atiraram e jogaram bombas de g\u00e1s contra os ind\u00edgenas. A informa\u00e7\u00e3o foi divulgada nesta segunda-feira (17) pela associa\u00e7\u00e3o Hutukara e o Conselho de Sa\u00fade Ind\u00edgena Yanomami e Ye&#8217;kuanna (Condisi-Y).<\/p>\n\n\n\n<p>At\u00e9 o momento, n\u00e3o h\u00e1 informa\u00e7\u00f5es sobre feridos. O ataque da noite desse domingo aconteceu por volta de 21h40. Ind\u00edgenas que vivem em Palimi\u00fa relataram que os garimpeiros estavam a bordo de 15 barcos.<\/p>\n\n\n\n<ul class=\"wp-block-list\"><li><a href=\"https:\/\/g1.globo.com\/rr\/roraima\/noticia\/2021\/05\/13\/conflito-na-terra-yanomami-3-pontos-para-entender-o-confronto-entre-garimpeiros-e-indigenas.ghtml\">Conflito na Terra Yanomami: 3 pontos para entender o confronto entre garimpeiros e ind\u00edgenas<\/a><\/li><\/ul>\n\n\n\n<blockquote class=\"wp-block-quote is-layout-flow wp-block-quote-is-layout-flow\"><p>&#8220;Eram 15 barcos de garimpeiros se aproximando contra a comunidade. Os Yanomami disseram que al\u00e9m dos tiros, havia muita fuma\u00e7a e que seus olhos estavam ardendo, indicando o disparo de bombas de g\u00e1s lacrimog\u00eanio contra os ind\u00edgenas.&#8221;<\/p><\/blockquote>\n\n\n\n<p>&#8220;Os Yanomami estavam muito aflitos, e gritavam de preocupa\u00e7\u00e3o ao telefone. Ao fundo, era poss\u00edvel escutar o som dos tiros. A situa\u00e7\u00e3o era grave&#8221;, divulgou a Hutukra em um of\u00edcio cobrando \u00f3rg\u00e3os federais por seguran\u00e7a na regi\u00e3o.<\/p>\n\n\n\n<p>A informa\u00e7\u00e3o sobre o novo ataque foi repassada por telefone ao vice-presidente da Hutukara, D\u00e1rio Kopenawa, e ao presidente do Condisi-Y, J\u00fanior Hekurari Yanomami, ainda na noite de domingo.<br><\/p>\n\n\n\n<p>&#8220;Me ligaram por volta de 21h47 dizendo que tinham jogado bombas, que explodiram perto do posto de sa\u00fade. A bomba fazia muita fuma\u00e7a. Agora que eles est\u00e3o com mais medo ainda&#8221;, relatou Hekurari.<\/p>\n\n\n\n<figure class=\"wp-block-image\"><img data-recalc-dims=\"1\" decoding=\"async\" src=\"https:\/\/i0.wp.com\/s2.glbimg.com\/06968LrnUsbohMwx8JWBVtzaZe4%3D\/0x0%3A1603x905\/1008x0\/smart\/filters%3Astrip_icc%28%29\/i.s3.glbimg.com\/v1\/AUTH_59edd422c0c84a879bd37670ae4f538a\/internal_photos\/bs\/2021\/F\/B\/oE4WE1QuScczflhqFOFg\/g1-drone2-2-.jpg?w=600&#038;ssl=1\" alt=\"Comunidade Palimi\u00fa, na Terra Ind\u00edgena Yanomami, fica \u00e0s margens do rio Uraricoera \u2014 Foto: Alexandro Pereira\/Rede Amaz\u00f4nica\"\/><\/figure>\n\n\n\n<p>Comunidade Palimi\u00fa, na Terra Ind\u00edgena Yanomami, fica \u00e0s margens do rio Uraricoera \u2014 Foto: Alexandro Pereira\/Rede Amaz\u00f4nica<\/p>\n\n\n\n<p>Desde o \u00faltimo dia 10,&nbsp;<a href=\"https:\/\/g1.globo.com\/rr\/roraima\/noticia\/2021\/05\/10\/conflito-armado-entre-garimpeiros-e-indigenas-deixa-feridos-na-terra-yanomami.ghtml\">quando houve um conflito armado entre garimpeiros e ind\u00edgenas<\/a>, a comunidade Palimi\u00fa tem sido alvo de ataques e intimida\u00e7\u00f5es. A Justi\u00e7a Federal j\u00e1 determinou que&nbsp;<a href=\"https:\/\/g1.globo.com\/rr\/roraima\/noticia\/2021\/05\/13\/justica-federal-determina-que-uniao-envie-policiais-a-comunidade-alvo-de-conflitos-na-terra-yanomami.ghtml\">a Uni\u00e3o envie tropas de seguran\u00e7a<\/a>,&nbsp;<a href=\"https:\/\/g1.globo.com\/rr\/roraima\/noticia\/2021\/05\/16\/comunidade-alvo-de-conflitos-na-terra-yanomami-vive-clima-de-tensao-todos-os-dias-estou-chorando-de-medo.ghtml\">o que n\u00e3o ocorreu<\/a>, relatam os ind\u00edgenas.<\/p>\n\n\n\n<p>A Pol\u00edcia Federal, no entanto, afirma que est\u00e1 com uma tropa do grupo de pronta interven\u00e7\u00e3o de Manaus nos garimpos adjacentes \u00e0 Palimi\u00fa. &#8220;O foco agora \u00e9 desintrus\u00e3o de garimpeiros&#8221;. Agentes de Roraima aguardam as condi\u00e7\u00f5es clim\u00e1ticas melhorarem para entrar na regi\u00e3o.<\/p>\n\n\n\n<p>Procurado, o Ex\u00e9rcito em Boa Vista ainda n\u00e3o se pronunciou sobre a a falta de seguran\u00e7a em Palimi\u00fa. Em nota, o Comando Militar da Amaz\u00f4nia, em Manaus, informou ter enviado um helic\u00f3ptero para apoiar na log\u00edstica e seguran\u00e7a da a\u00e7\u00e3o.<\/p>\n\n\n\n<p>O Minist\u00e9rio P\u00fablico Federal (MPF) disse que recorreu \u00e0 Justi\u00e7a para que aplique multa \u00e0 Uni\u00e3o por descumprimento da&nbsp;<a href=\"https:\/\/g1.globo.com\/rr\/roraima\/noticia\/2021\/05\/13\/justica-federal-determina-que-uniao-envie-policiais-a-comunidade-alvo-de-conflitos-na-terra-yanomami.ghtml\">ordem que obriga o envio de seguran\u00e7a ao povo Yanomami<\/a>.<\/p>\n\n\n\n<p>O of\u00edcio feito pela Hutukara nesta segunda foi o quarto, em uma semana, pedindo por seguran\u00e7a em Palimi\u00fa. O documento foi enviado \u00e0 PF, MPF, Ex\u00e9rcito e Funda\u00e7\u00e3o Nacional do \u00cdndio (Funai). Procurada pelo&nbsp;<strong>G1<\/strong>, a Funai ainda n\u00e3o enviou resposta sobre o que tem feito na regi\u00e3o.<\/p>\n\n\n\n<h2 class=\"wp-block-heading\">Clima de tens\u00e3o e medo de morrer<\/h2>\n\n\n\n<figure class=\"wp-block-image\"><img data-recalc-dims=\"1\" decoding=\"async\" src=\"https:\/\/i0.wp.com\/s01.video.glbimg.com\/x240\/9520584.jpg?w=600&#038;ssl=1\" alt=\"Tens\u00e3o e inseguran\u00e7a: mulher Yanomami relata medo de morrer em regi\u00e3o alvo de garimpeiros\"\/><\/figure>\n\n\n\n<p>Tens\u00e3o e inseguran\u00e7a: mulher Yanomami relata medo de morrer em regi\u00e3o alvo de garimpeiros<\/p>\n\n\n\n<p>O clima \u00e9 de tens\u00e3o em Palimi\u00fa. Ind\u00edgenas que vivem na localidade relataram que os garimpeiros t\u00eam retornado \u00e0 comunidade durante a noite. Em barcos, eles efetuam disparos e intimidam a comunidade, afirmou o cacique de Palim\u00fa, Fernando Palimitheli. Para fugir dos ataques, mulheres e crian\u00e7as se escondem na floresta.<\/p>\n\n\n\n<blockquote class=\"wp-block-quote is-layout-flow wp-block-quote-is-layout-flow\"><p>&#8220;Por isso estamos sofrendo muito, n\u00e3o estamos tendo paz. Por isso n\u00f3s mulheres e crian\u00e7as estamos fugindo para a floresta para conseguir dormir. A gente n\u00e3o tem paz, a noite eles v\u00eam em muitos e esperam a gente aparecer para nos matar&#8221;, disse Darlene Yanomami, moradora de Palimi\u00fa.<\/p><\/blockquote>\n\n\n\n<p>&#8220;Pode morrer muita gente. Tem muitas crian\u00e7as, tem muita gente aqui. Se eles [garimpeiros] realmente atacarem aqui dentro da comunidade, como est\u00e3o atravessando [o rio Uraricoera], vai haver muita morte&#8221;, frisou o l\u00edder ind\u00edgena de Palimi\u00fa, \u00c9rio Yanomami.<\/p>\n\n\n\n<figure class=\"wp-block-image\"><img data-recalc-dims=\"1\" decoding=\"async\" src=\"https:\/\/i0.wp.com\/s2.glbimg.com\/jm5VNIvYGf6i-_6HgQWfzlnLxcQ%3D\/0x0%3A1920x1080\/1008x0\/smart\/filters%3Astrip_icc%28%29\/i.s3.glbimg.com\/v1\/AUTH_59edd422c0c84a879bd37670ae4f538a\/internal_photos\/bs\/2021\/s\/4\/k81kYSRcK14iEwRABorw\/palimiu-5-1.1.5.jpg?w=600&#038;ssl=1\" alt=\"L\u00edder ind\u00edgena de Palimi\u00fa, \u00c9rio Yanomami \u2014 Foto: Alexandro Pereira\/Rede Amaz\u00f4nica\"\/><\/figure>\n\n\n\n<p>L\u00edder ind\u00edgena de Palimi\u00fa, \u00c9rio Yanomami \u2014 Foto: Alexandro Pereira\/Rede Amaz\u00f4nica<\/p>\n\n\n\n<p>Localizada \u00e0s margens do rio Uraricoera, no munic\u00edpio de Alto Alegre, Palimi\u00fa fica na rota usada por garimpeiros para chegar aos acampamentos ilegais no meio da floresta.<\/p>\n\n\n\n<p>O delegado da PF, Adolpho Hugo de Albuquerque, que investiga os ataques, os conflitos iniciaram ap\u00f3s ind\u00edgenas montarem uma barreira sanit\u00e1ria para apreender materiais de garimpo dos invasores.<\/p>\n\n\n\n<p>&#8220;Nessas barreiras sanit\u00e1rias, eles estavam apreendendo objetos, n\u00e3o deixaram passar algumas coisas que achavam que poderia degradar o meio ambiente. E houve uma apreens\u00e3o grande de combust\u00edveis dos garimpeiros. E os garimpeiros se sentiram extorquidos de alguma forma ou ficaram insatisfeitos. E a\u00ed teriam retornado nessa regi\u00e3o pra negociar a devolu\u00e7\u00e3o desse combust\u00edvel ou desses materiais. Nessa negocia\u00e7\u00e3o, o clima acabou esquentando e foi dado in\u00edcio a um conflito&#8221;, explicou o delegado.<\/p>\n\n\n\n<p>Ainda segundo o delegado Adolpho Hugo de Albuquerque, o armamento utilizado pelos garimpeiros \u00e9 de &#8220;calibre elevado&#8221;.<\/p>\n\n\n\n<h2 class=\"wp-block-heading\">Ataques em Palimi\u00fa<\/h2>\n\n\n\n<figure class=\"wp-block-image\"><img data-recalc-dims=\"1\" decoding=\"async\" src=\"https:\/\/i0.wp.com\/s04.video.glbimg.com\/x240\/9505511.jpg?w=600&#038;ssl=1\" alt=\"V\u00eddeo mostra momento do conflito armado na Terra Yanomami em RR\"\/><\/figure>\n\n\n\n<p>V\u00eddeo mostra momento do conflito armado na Terra Yanomami em RR<\/p>\n\n\n\n<p>A comunidade fica \u00e0s margens do rio Uraricoera, onde garimpeiros exploram o ouro ilegalmente. Na \u00faltima segunda-feira (10), um conflito armado na regi\u00e3o resultou na&nbsp;<a href=\"https:\/\/g1.globo.com\/rr\/roraima\/noticia\/2021\/05\/17\/garimpeiros-atiram-e-jogam-bombas-contra-indigenas-em-7o-dia-de-ataques-na-terra-yanomami.ghtml\">morte de tr\u00eas garimpeiros e cinco feridos<\/a>, al\u00e9m de um ind\u00edgena baleado de rasp\u00e3o na cabe\u00e7a. Um v\u00eddeo compartilhado pela Hutukara Associa\u00e7\u00e3o Yanomami (HAY)&nbsp;<a href=\"https:\/\/g1.globo.com\/rr\/roraima\/noticia\/2021\/05\/11\/video-mostra-momento-do-conflito-armado-na-terra-indigena-yanomami-em-roraima.ghtml\">mostrou a correria de mulheres e crian\u00e7as<\/a>&nbsp;no momento em que tiros foram disparados.<br><\/p>\n\n\n\n<p>A informa\u00e7\u00e3o dos \u00f3bitos foi repassada ao Condisi-Y pelos ind\u00edgenas da regi\u00e3o, mas a PF n\u00e3o confirma as mortes. Conforme a HAY,&nbsp;<a href=\"https:\/\/g1.globo.com\/rr\/roraima\/noticia\/2021\/05\/15\/lideres-indigenas-relatam-mortes-de-duas-criancas-em-conflitos-na-terra-yanomami-diz-associacao.ghtml?utm_campaign=g1&amp;utm_medium=social&amp;utm_source=twitter\">duas crian\u00e7as foram encontradas mortas no rio Uraricoera<\/a>&nbsp;dois dias ap\u00f3s o ataque.<\/p>\n\n\n\n<p>Na ter\u00e7a (11), garimpeiros atiraram contra policiais federais que estavam no local para levantar informa\u00e7\u00f5es sobre o conflito. O tiroteio durou cerca de cinco minutos. Segundo a PF, n\u00e3o houve feridos.<\/p>\n\n\n\n<figure class=\"wp-block-image\"><img data-recalc-dims=\"1\" decoding=\"async\" src=\"https:\/\/i0.wp.com\/s04.video.glbimg.com\/x240\/9507767.jpg?w=600&#038;ssl=1\" alt=\"Garimpeiros trocaram tiros com a PF na ter\u00e7a-feira (11) na Terra Yanomami\"\/><\/figure>\n\n\n\n<p>Garimpeiros trocaram tiros com a PF na ter\u00e7a-feira (11) na Terra Yanomami<\/p>\n\n\n\n<p>No dia seguinte, a comunidade sofreu mais ataques,&nbsp;<a href=\"https:\/\/g1.globo.com\/rr\/roraima\/noticia\/2021\/05\/13\/exercito-deixa-regiao-de-conflito-e-garimpeiros-atiram-mais-uma-vez-contra-comunidade-na-terra-yanomami.ghtml\">horas depois que o Ex\u00e9rcito esteve na regi\u00e3o<\/a>.<\/p>\n\n\n\n<p>Nesse s\u00e1bado (15), lideran\u00e7as viajaram de Palimi\u00fa at\u00e9 Boa Vista, com a ajuda da Hutukara, e&nbsp;<a href=\"https:\/\/g1.globo.com\/rr\/roraima\/noticia\/2021\/05\/15\/lideres-indigenas-relatam-mortes-de-duas-criancas-em-conflitos-na-terra-yanomami-diz-associacao.ghtml?utm_campaign=g1&amp;utm_medium=social&amp;utm_source=twitter\">denunciaram novas intimida\u00e7\u00f5es<\/a>. Devido aos confrontos, a Justi\u00e7a Federal determinou que a Uni\u00e3o envie imediatamente tropa policial ou militar para comunidade ind\u00edgena<\/p>\n\n\n\n<p>Maior reserva ind\u00edgena do Brasil, a Terra Yanomami tem quase 10 milh\u00f5es de hectares entre os estados de Roraima e Amazonas. Cerca de 27 mil ind\u00edgenas vivem na regi\u00e3o, alvo de garimpeiros que invadem a terra em busca da extra\u00e7\u00e3o ilegal de ouro. O territ\u00f3rio tamb\u00e9m tem um povo ind\u00edgena isolado, al\u00e9m de seis outros reportados em estudo, segundo a Funai.<\/p>\n","protected":false},"excerpt":{"rendered":"<p>Invasores estavam a bordo de 15 barcos e atacaram Palimi\u00fa por volta de 21h40 deste domingo (16), informou a Hutukara e o Condisi-Y.<\/p>\n","protected":false},"author":1,"featured_media":0,"comment_status":"closed","ping_status":"open","sticky":false,"template":"","format":"standard","meta":{"_exactmetrics_skip_tracking":false,"_exactmetrics_sitenote_active":false,"_exactmetrics_sitenote_note":"","_exactmetrics_sitenote_category":0,"jetpack_post_was_ever_published":false,"_jetpack_newsletter_access":"","_jetpack_dont_email_post_to_subs":false,"_jetpack_newsletter_tier_id":0,"_jetpack_memberships_contains_paywalled_content":false,"_jetpack_memberships_contains_paid_content":false,"footnotes":"","jetpack_publicize_message":"","jetpack_publicize_feature_enabled":true,"jetpack_social_post_already_shared":true,"jetpack_social_options":{"image_generator_settings":{"template":"highway","enabled":false},"version":2}},"categories":[1],"tags":[],"class_list":["post-31929","post","type-post","status-publish","format-standard","hentry","category-notas"],"jetpack_publicize_connections":[],"jetpack_sharing_enabled":true,"jetpack_featured_media_url":"","jetpack_shortlink":"https:\/\/wp.me\/p7wKYW-8iZ","jetpack-related-posts":[],"_links":{"self":[{"href":"http:\/\/blogdalucianaoliveira.com.br\/blog\/wp-json\/wp\/v2\/posts\/31929","targetHints":{"allow":["GET"]}}],"collection":[{"href":"http:\/\/blogdalucianaoliveira.com.br\/blog\/wp-json\/wp\/v2\/posts"}],"about":[{"href":"http:\/\/blogdalucianaoliveira.com.br\/blog\/wp-json\/wp\/v2\/types\/post"}],"author":[{"embeddable":true,"href":"http:\/\/blogdalucianaoliveira.com.br\/blog\/wp-json\/wp\/v2\/users\/1"}],"replies":[{"embeddable":true,"href":"http:\/\/blogdalucianaoliveira.com.br\/blog\/wp-json\/wp\/v2\/comments?post=31929"}],"version-history":[{"count":2,"href":"http:\/\/blogdalucianaoliveira.com.br\/blog\/wp-json\/wp\/v2\/posts\/31929\/revisions"}],"predecessor-version":[{"id":31931,"href":"http:\/\/blogdalucianaoliveira.com.br\/blog\/wp-json\/wp\/v2\/posts\/31929\/revisions\/31931"}],"wp:attachment":[{"href":"http:\/\/blogdalucianaoliveira.com.br\/blog\/wp-json\/wp\/v2\/media?parent=31929"}],"wp:term":[{"taxonomy":"category","embeddable":true,"href":"http:\/\/blogdalucianaoliveira.com.br\/blog\/wp-json\/wp\/v2\/categories?post=31929"},{"taxonomy":"post_tag","embeddable":true,"href":"http:\/\/blogdalucianaoliveira.com.br\/blog\/wp-json\/wp\/v2\/tags?post=31929"}],"curies":[{"name":"wp","href":"https:\/\/api.w.org\/{rel}","templated":true}]}}