{"id":31932,"date":"2021-05-17T11:23:43","date_gmt":"2021-05-17T15:23:43","guid":{"rendered":"http:\/\/blogdalucianaoliveira.com.br\/blog\/?p=31932"},"modified":"2021-05-17T11:23:48","modified_gmt":"2021-05-17T15:23:48","slug":"com-435-mil-mortos-por-covid-no-brasil-bolsonaro-volta-a-criticar-isolamento-tem-idiota-que-ate-hoje-fica-em-casa-video","status":"publish","type":"post","link":"http:\/\/blogdalucianaoliveira.com.br\/blog\/2021\/05\/17\/com-435-mil-mortos-por-covid-no-brasil-bolsonaro-volta-a-criticar-isolamento-tem-idiota-que-ate-hoje-fica-em-casa-video\/","title":{"rendered":"Com 435 mil mortos por Covid no Brasil, Bolsonaro volta a criticar isolamento: &#8216;tem idiota que at\u00e9 hoje fica em casa&#8217; (v\u00eddeo)"},"content":{"rendered":"\n<figure class=\"wp-block-image\"><img data-recalc-dims=\"1\" decoding=\"async\" src=\"https:\/\/i0.wp.com\/publisher-publish.s3.eu-central-1.amazonaws.com\/pb-brasil247\/swp\/jtjeq9\/media\/20210517110552_459f8c47-6618-497c-83b8-d3bb1c44657f.jpg?w=600&#038;ssl=1\" alt=\"Ato de ruralistas causou aglomera\u00e7\u00e3o enquanto Pa\u00eds registra alta de mortes por Covid\"\/><\/figure>\n\n\n\n<p><\/p>\n\n\n\n<p><strong>247<\/strong>\u00a0&#8211; Jair Bolsonaro voltou a fazer um discurso contra o isolamento social, ao agradecer, nesta segunda-feira (17), o ato convocado por ruralistas que causou uma aglomera\u00e7\u00e3o na Pra\u00e7a dos Tr\u00eas Poderes em Bras\u00edlia no s\u00e1bado (15).<br><\/p>\n\n\n\n<!--more-->\n\n\n\n<p>&#8220;Tem uns idiotas ai\u2026 o fica em casa. Tem alguns idiotas que at\u00e9 hoje ficam em casa&#8221;, afirmou a um grupo de apoiadores que participou do ato e esteve no cercadinho do Pal\u00e1cio da Alvorada. &#8220;Se o campo tivesse ficado em casa, esse idiota teria morrido de fome. Ai ficam reclamando de tudo&#8221;, complementou.&nbsp;<\/p>\n\n\n\n<p>Aos apoiadores, Bolsonaro disse ainda que \u00e9 &#8220;inmorr\u00edvel, imbroch\u00e1vel e incov\u00edvel&#8221;, em refer\u00eancia \u00e0 Covid-19.<br><\/p>\n\n\n\n<h2 class=\"wp-block-heading\"><strong>Estat\u00edsticas<\/strong><\/h2>\n\n\n\n<p>Na plataforma Worldometers, que disponibiliza dados globais sobre a pandemia, o Pa\u00eds registrou, at\u00e9 esta segunda, o terceiro maior n\u00famero de infectados pela Covid-19 (15,6 milh\u00f5es), atr\u00e1s de \u00cdndia (25,0 milh\u00f5es) e Estados Unidos (33,7 milh\u00f5es).<\/p>\n\n\n\n<p>O Brasil tamb\u00e9m contabilizou a segunda maior quantidade de mortes provocadas pela pandemia (435 mil), atr\u00e1s dos EUA (600 mil).<\/p>\n\n\n\n<h2 class=\"wp-block-heading\"><strong>CPI da Covid<\/strong><\/h2>\n\n\n\n<p>O gerente-geral da Pfizer na Am\u00e9rica Latina, Carlos Murillo, afirmou em depoimento \u00e0 CPI da Covid-19 nesta quinta-feira (13) que a empresa fez ao menos quatro ofertas de doses de vacinas contra a Covid-19 em 2020 que n\u00e3o foram fechadas. Segundo o representante da Pfizer, as&nbsp;<a target=\"_blank\" rel=\"noreferrer noopener\" href=\"https:\/\/www.brasil247.com\/cpicovid\/cpi-gerente-da-pfizer-confirma-que-empresa-ofereceu-70-milhoes-de-doses-de-vacina-rejeitadas-por-bolsonaro\">ofertas somaram 70 milh\u00f5es de doses<\/a>.&nbsp;<\/p>\n\n\n\n<p>Tamb\u00e9m na CPI, o ex-ministro da Sa\u00fade Luiz Henrique Mandetta confirmou que recebeu, numa reuni\u00e3o no Planalto,\u00a0<a rel=\"noreferrer noopener\" target=\"_blank\" href=\"https:\/\/politica.estadao.com.br\/noticias\/geral,mandetta-diz-que-presidencia-avaliou-decreto-para-incluir-covid-na-bula-da-cloroquina,70003703549\">um decreto elaborado pela Presid\u00eancia de Rep\u00fablica<\/a>\u00a0que\u00a0<a rel=\"noreferrer noopener\" target=\"_blank\" href=\"https:\/\/www.brasil247.com\/cpicovid\/cpi-mandetta-diz-que-ministerio-da-saude-se-baseou-na-ciencia-nao-mandou-produzir-cloroquina-e-citou-guerra-de-narrativas\">mudava a bula da cloroquina<\/a>\u00a0inserindo recomenda\u00e7\u00e3o do uso do medicamento contra Covid-19 &#8211; apesar de o rem\u00e9dio ser ineficaz contra a doen\u00e7a.<\/p>\n\n\n\n<figure class=\"wp-block-embed-youtube wp-block-embed is-type-video is-provider-youtube wp-embed-aspect-16-9 wp-has-aspect-ratio\"><div class=\"wp-block-embed__wrapper\">\n<div class=\"jetpack-video-wrapper\"><iframe loading=\"lazy\" title=\"Presidente Jair Bolsonaro diz que acha que ser\u00e1 derrotado e depender\u00e1 do STF\" width=\"600\" height=\"338\" src=\"https:\/\/www.youtube.com\/embed\/ynUNL5cIYJo?feature=oembed\" frameborder=\"0\" allow=\"accelerometer; autoplay; clipboard-write; encrypted-media; gyroscope; picture-in-picture; web-share\" referrerpolicy=\"strict-origin-when-cross-origin\" allowfullscreen><\/iframe><\/div>\n<\/div><\/figure>\n\n\n\n<p><br><\/p>\n","protected":false},"excerpt":{"rendered":"<p>247\u00a0&#8211; Jair Bolsonaro voltou a fazer um discurso contra o isolamento social, ao agradecer, nesta segunda-feira (17), o ato convocado por ruralistas que causou uma aglomera\u00e7\u00e3o na Pra\u00e7a dos Tr\u00eas Poderes em Bras\u00edlia no s\u00e1bado (15).<\/p>\n","protected":false},"author":1,"featured_media":0,"comment_status":"closed","ping_status":"open","sticky":false,"template":"","format":"standard","meta":{"_exactmetrics_skip_tracking":false,"_exactmetrics_sitenote_active":false,"_exactmetrics_sitenote_note":"","_exactmetrics_sitenote_category":0,"jetpack_post_was_ever_published":false,"_jetpack_newsletter_access":"","_jetpack_dont_email_post_to_subs":false,"_jetpack_newsletter_tier_id":0,"_jetpack_memberships_contains_paywalled_content":false,"_jetpack_memberships_contains_paid_content":false,"footnotes":"","jetpack_publicize_message":"","jetpack_publicize_feature_enabled":true,"jetpack_social_post_already_shared":true,"jetpack_social_options":{"image_generator_settings":{"template":"highway","enabled":false},"version":2}},"categories":[1],"tags":[],"class_list":["post-31932","post","type-post","status-publish","format-standard","hentry","category-notas"],"jetpack_publicize_connections":[],"jetpack_sharing_enabled":true,"jetpack_featured_media_url":"","jetpack_shortlink":"https:\/\/wp.me\/p7wKYW-8j2","jetpack-related-posts":[],"_links":{"self":[{"href":"http:\/\/blogdalucianaoliveira.com.br\/blog\/wp-json\/wp\/v2\/posts\/31932","targetHints":{"allow":["GET"]}}],"collection":[{"href":"http:\/\/blogdalucianaoliveira.com.br\/blog\/wp-json\/wp\/v2\/posts"}],"about":[{"href":"http:\/\/blogdalucianaoliveira.com.br\/blog\/wp-json\/wp\/v2\/types\/post"}],"author":[{"embeddable":true,"href":"http:\/\/blogdalucianaoliveira.com.br\/blog\/wp-json\/wp\/v2\/users\/1"}],"replies":[{"embeddable":true,"href":"http:\/\/blogdalucianaoliveira.com.br\/blog\/wp-json\/wp\/v2\/comments?post=31932"}],"version-history":[{"count":1,"href":"http:\/\/blogdalucianaoliveira.com.br\/blog\/wp-json\/wp\/v2\/posts\/31932\/revisions"}],"predecessor-version":[{"id":31933,"href":"http:\/\/blogdalucianaoliveira.com.br\/blog\/wp-json\/wp\/v2\/posts\/31932\/revisions\/31933"}],"wp:attachment":[{"href":"http:\/\/blogdalucianaoliveira.com.br\/blog\/wp-json\/wp\/v2\/media?parent=31932"}],"wp:term":[{"taxonomy":"category","embeddable":true,"href":"http:\/\/blogdalucianaoliveira.com.br\/blog\/wp-json\/wp\/v2\/categories?post=31932"},{"taxonomy":"post_tag","embeddable":true,"href":"http:\/\/blogdalucianaoliveira.com.br\/blog\/wp-json\/wp\/v2\/tags?post=31932"}],"curies":[{"name":"wp","href":"https:\/\/api.w.org\/{rel}","templated":true}]}}